{"id":102264,"date":"2019-05-27T09:45:25","date_gmt":"2019-05-27T07:45:25","guid":{"rendered":"http:\/\/www.il-libro.it\/?p=102264"},"modified":"2019-11-18T09:24:41","modified_gmt":"2019-11-18T08:24:41","slug":"la-hija-extranjera","status":"publish","type":"post","link":"https:\/\/www.il-libro.it\/de\/la-hija-extranjera\/","title":{"rendered":"Historia de una maestra"},"content":{"rendered":"<div class=\"separatore\">\n<h3 style=\"text-align: center;\"><strong>Historia de una maestra<\/strong><\/h3>\n<h3 style=\"text-align: center;\">una novela de <strong>Aldecoa, Josefina<br \/>\n<\/strong><\/h3>\n<p style=\"text-align: center;\"><strong>Lunes 9 de diciembre 2019<br \/>\n<\/strong><\/p>\n<p style=\"text-align: center;\"><strong>19h00 <\/strong><\/p>\n<p>&nbsp;<\/p>\n<\/div>\n<p align=\"LEFT\">En 1923 Gabriela recoge su t\u00edtulo de maestra. Es el comienzo de un sue\u00f1o que la llevar\u00e1 a trabajar en varias escuelas rurales en Espa\u00f1a y en Guinea Ecuatorial. Historia de una maestra es la narraci\u00f3n, hecha desde la memoria, de la vida de Gabriela durante los a\u00f1os veinte y hasta el comienzo de la guerra civil.<br \/>\nCon el trasfondo de la Rep\u00fablica, la revoluci\u00f3n de Octubre y la guerra, esta novela rememora aquella \u00e9poca de pobreza, ignorancia y opresi\u00f3n, y muestra el importante papel de la ense\u00f1anza y de aquellos que lucharon por educar un pa\u00eds.<br \/>\nContada desde la verdad del recuerdo, con sentimientos que apenas nos atrevemos a reconocer y desde una progresiva toma de conciencia, Josefina Aldecoa nos abre un camino a la esperanza y al idealismo.<\/p>\n<p align=\"LEFT\">El libro <strong>Aldecoa, Josefina<\/strong> est\u00e1 desde ahora disponible en su librer\u00eda <strong>il libro.<\/strong><\/p>\n<p><strong>A prop\u00f3sito de la autora.. <\/strong><\/p>\n<p><strong>Josefina Rodr\u00edguez<\/strong> naci\u00f3 en La Robla, Le\u00f3n, en 1926. Se doctor\u00f3 en Filosof\u00eda y Letras por la Universidad de Madrid. En los a\u00f1os cuarenta empez\u00f3 a formar parte de c\u00edrculos literarios como los de las revistas Espada\u00f1a y Revista Espa\u00f1ola. Se cas\u00f3 en 1952 con el escritor Ignacio Aldecoa y tom\u00f3 el apellido de este. En 1959 fund\u00f3 un colegio privado, <em>Estilo<\/em>, al que se dedic\u00f3 el resto de su vida.Enmarcada en la <em>Generaci\u00f3n de los 50<\/em>, su primera publicaci\u00f3n es el libro de cuentos <strong>A ninguna parte<\/strong> en 1962. En 1969, tras la muerte de su marido, hace una selecci\u00f3n y edici\u00f3n cr\u00edtica de los cuentos del escritor, y escribe el libro de memorias <strong>Los ni\u00f1os de la guerra<\/strong> en 1983. En 1990 publica la que se\u00e1 su obra de mayor \u00e9xito, <strong>Historia de una maestra<\/strong>, dedicada a su madre, primer volumen de una trilog\u00eda compuesta por esta obra y <strong>Mujeres de Negro<\/strong> y <strong>La fuerza del destino<\/strong>.Posteriormente se dedica sobre todo a la novela. Fallece en Santander el 16 de marzo de 2011.<\/p>\n","protected":false},"excerpt":{"rendered":"<p>Historia de una maestra una novela de Aldecoa, Josefina Lunes 9 de diciembre 2019 19h00 &nbsp; En 1923 Gabriela recoge su t\u00edtulo de maestra. Es el comienzo de un sue\u00f1o que la llevar\u00e1 a trabajar en varias escuelas rurales en Espa\u00f1a y en Guinea Ecuatorial. Historia de una maestra es la narraci\u00f3n, hecha desde la&hellip;<\/p>\n","protected":false},"author":5,"featured_media":104021,"comment_status":"closed","ping_status":"open","sticky":false,"template":"","format":"standard","meta":[],"categories":[282],"tags":[],"yoast_head":"<!-- This site is optimized with the Yoast SEO plugin v17.2.1 - https:\/\/yoast.com\/wordpress\/plugins\/seo\/ -->\n<title>Historia de una maestra - Il Libro - Libreria Internazionale<\/title>\n<meta name=\"robots\" content=\"index, follow, max-snippet:-1, max-image-preview:large, max-video-preview:-1\" \/>\n<link rel=\"canonical\" href=\"https:\/\/www.il-libro.it\/de\/la-hija-extranjera\/\" \/>\n<meta property=\"og:locale\" content=\"de_DE\" \/>\n<meta property=\"og:type\" content=\"article\" \/>\n<meta property=\"og:title\" content=\"Historia de una maestra - Il Libro - Libreria Internazionale\" \/>\n<meta property=\"og:description\" content=\"Historia de una maestra una novela de Aldecoa, Josefina Lunes 9 de diciembre 2019 19h00 &nbsp; En 1923 Gabriela recoge su t\u00edtulo de maestra. Es el comienzo de un sue\u00f1o que la llevar\u00e1 a trabajar en varias escuelas rurales en Espa\u00f1a y en Guinea Ecuatorial. Historia de una maestra es la narraci\u00f3n, hecha desde la&hellip;\" \/>\n<meta property=\"og:url\" content=\"https:\/\/www.il-libro.it\/la-hija-extranjera\/\" \/>\n<meta property=\"og:site_name\" content=\"Il Libro - Libreria Internazionale\" \/>\n<meta property=\"article:publisher\" content=\"https:\/\/www.facebook.com\/IL-LIBRO-Libreria-Internazionale-2127680667458029\/?fref=ts\" \/>\n<meta property=\"article:published_time\" content=\"2019-05-27T07:45:25+00:00\" \/>\n<meta property=\"article:modified_time\" content=\"2019-11-18T08:24:41+00:00\" \/>\n<meta property=\"og:image\" content=\"https:\/\/www.il-libro.it\/wp-content\/uploads\/2019\/05\/AldecoaMaestra.jpg\" \/>\n\t<meta property=\"og:image:width\" content=\"329\" \/>\n\t<meta property=\"og:image:height\" content=\"499\" \/>\n<meta name=\"twitter:card\" content=\"summary_large_image\" \/>\n<meta name=\"twitter:label1\" content=\"Verfasst von\" \/>\n\t<meta name=\"twitter:data1\" content=\"Anna\" \/>\n\t<meta name=\"twitter:label2\" content=\"Gesch\u00e4tzte Lesezeit\" \/>\n\t<meta name=\"twitter:data2\" content=\"2 Minuten\" \/>\n<script type=\"application\/ld+json\" class=\"yoast-schema-graph\">{\"@context\":\"https:\/\/schema.org\",\"@graph\":[{\"@type\":\"Organization\",\"@id\":\"https:\/\/www.il-libro.it\/#organization\",\"name\":\"il libro libreria internazionale\",\"url\":\"https:\/\/www.il-libro.it\/\",\"sameAs\":[\"https:\/\/www.facebook.com\/IL-LIBRO-Libreria-Internazionale-2127680667458029\/?fref=ts\",\"https:\/\/www.instagram.com\/il.libro.internazionale\/\"],\"logo\":{\"@type\":\"ImageObject\",\"@id\":\"https:\/\/www.il-libro.it\/#logo\",\"inLanguage\":\"de-DE\",\"url\":\"https:\/\/www.il-libro.it\/wp-content\/uploads\/2017\/03\/logo.png\",\"contentUrl\":\"https:\/\/www.il-libro.it\/wp-content\/uploads\/2017\/03\/logo.png\",\"width\":180,\"height\":90,\"caption\":\"il libro libreria internazionale\"},\"image\":{\"@id\":\"https:\/\/www.il-libro.it\/#logo\"}},{\"@type\":\"WebSite\",\"@id\":\"https:\/\/www.il-libro.it\/#website\",\"url\":\"https:\/\/www.il-libro.it\/\",\"name\":\"Il Libro - Libreria Internazionale\",\"description\":\"Benvenuti nella libreria internazionale\",\"publisher\":{\"@id\":\"https:\/\/www.il-libro.it\/#organization\"},\"potentialAction\":[{\"@type\":\"SearchAction\",\"target\":{\"@type\":\"EntryPoint\",\"urlTemplate\":\"https:\/\/www.il-libro.it\/?s={search_term_string}\"},\"query-input\":\"required name=search_term_string\"}],\"inLanguage\":\"de-DE\"},{\"@type\":\"ImageObject\",\"@id\":\"https:\/\/www.il-libro.it\/la-hija-extranjera\/#primaryimage\",\"inLanguage\":\"de-DE\",\"url\":\"https:\/\/www.il-libro.it\/wp-content\/uploads\/2019\/05\/AldecoaMaestra.jpg\",\"contentUrl\":\"https:\/\/www.il-libro.it\/wp-content\/uploads\/2019\/05\/AldecoaMaestra.jpg\",\"width\":329,\"height\":499},{\"@type\":\"WebPage\",\"@id\":\"https:\/\/www.il-libro.it\/la-hija-extranjera\/#webpage\",\"url\":\"https:\/\/www.il-libro.it\/la-hija-extranjera\/\",\"name\":\"Historia de una maestra - Il Libro - Libreria Internazionale\",\"isPartOf\":{\"@id\":\"https:\/\/www.il-libro.it\/#website\"},\"primaryImageOfPage\":{\"@id\":\"https:\/\/www.il-libro.it\/la-hija-extranjera\/#primaryimage\"},\"datePublished\":\"2019-05-27T07:45:25+00:00\",\"dateModified\":\"2019-11-18T08:24:41+00:00\",\"breadcrumb\":{\"@id\":\"https:\/\/www.il-libro.it\/la-hija-extranjera\/#breadcrumb\"},\"inLanguage\":\"de-DE\",\"potentialAction\":[{\"@type\":\"ReadAction\",\"target\":[\"https:\/\/www.il-libro.it\/la-hija-extranjera\/\"]}]},{\"@type\":\"BreadcrumbList\",\"@id\":\"https:\/\/www.il-libro.it\/la-hija-extranjera\/#breadcrumb\",\"itemListElement\":[{\"@type\":\"ListItem\",\"position\":1,\"name\":\"Home\",\"item\":\"https:\/\/www.il-libro.it\/de\/\"},{\"@type\":\"ListItem\",\"position\":2,\"name\":\"Historia de una maestra\"}]},{\"@type\":\"Article\",\"@id\":\"https:\/\/www.il-libro.it\/la-hija-extranjera\/#article\",\"isPartOf\":{\"@id\":\"https:\/\/www.il-libro.it\/la-hija-extranjera\/#webpage\"},\"author\":{\"@id\":\"https:\/\/www.il-libro.it\/#\/schema\/person\/6a34e9b4cc72b2d269e1ae45dcb83083\"},\"headline\":\"Historia de una maestra\",\"datePublished\":\"2019-05-27T07:45:25+00:00\",\"dateModified\":\"2019-11-18T08:24:41+00:00\",\"mainEntityOfPage\":{\"@id\":\"https:\/\/www.il-libro.it\/la-hija-extranjera\/#webpage\"},\"wordCount\":358,\"publisher\":{\"@id\":\"https:\/\/www.il-libro.it\/#organization\"},\"image\":{\"@id\":\"https:\/\/www.il-libro.it\/la-hija-extranjera\/#primaryimage\"},\"thumbnailUrl\":\"https:\/\/www.il-libro.it\/wp-content\/uploads\/2019\/05\/AldecoaMaestra.jpg\",\"articleSection\":[\"Encuentro Literario\"],\"inLanguage\":\"de-DE\"},{\"@type\":\"Person\",\"@id\":\"https:\/\/www.il-libro.it\/#\/schema\/person\/6a34e9b4cc72b2d269e1ae45dcb83083\",\"name\":\"Anna\",\"image\":{\"@type\":\"ImageObject\",\"@id\":\"https:\/\/www.il-libro.it\/#personlogo\",\"inLanguage\":\"de-DE\",\"url\":\"https:\/\/secure.gravatar.com\/avatar\/5446c35a665205777a696408926ad672?s=96&d=mm&r=g\",\"contentUrl\":\"https:\/\/secure.gravatar.com\/avatar\/5446c35a665205777a696408926ad672?s=96&d=mm&r=g\",\"caption\":\"Anna\"}}]}<\/script>\n<!-- \/ Yoast SEO plugin. -->","yoast_head_json":{"title":"Historia de una maestra - Il Libro - Libreria Internazionale","robots":{"index":"index","follow":"follow","max-snippet":"max-snippet:-1","max-image-preview":"max-image-preview:large","max-video-preview":"max-video-preview:-1"},"canonical":"https:\/\/www.il-libro.it\/de\/la-hija-extranjera\/","og_locale":"de_DE","og_type":"article","og_title":"Historia de una maestra - Il Libro - Libreria Internazionale","og_description":"Historia de una maestra una novela de Aldecoa, Josefina Lunes 9 de diciembre 2019 19h00 &nbsp; En 1923 Gabriela recoge su t\u00edtulo de maestra. Es el comienzo de un sue\u00f1o que la llevar\u00e1 a trabajar en varias escuelas rurales en Espa\u00f1a y en Guinea Ecuatorial. Historia de una maestra es la narraci\u00f3n, hecha desde la&hellip;","og_url":"https:\/\/www.il-libro.it\/la-hija-extranjera\/","og_site_name":"Il Libro - Libreria Internazionale","article_publisher":"https:\/\/www.facebook.com\/IL-LIBRO-Libreria-Internazionale-2127680667458029\/?fref=ts","article_published_time":"2019-05-27T07:45:25+00:00","article_modified_time":"2019-11-18T08:24:41+00:00","og_image":[{"width":329,"height":499,"url":"https:\/\/www.il-libro.it\/wp-content\/uploads\/2019\/05\/AldecoaMaestra.jpg","path":"\/var\/www\/vhosts\/il-libro.it\/httpdocs\/wp-content\/uploads\/2019\/05\/AldecoaMaestra.jpg","size":"full","id":104021,"alt":"","pixels":164171,"type":"image\/jpeg"}],"twitter_card":"summary_large_image","twitter_misc":{"Verfasst von":"Anna","Gesch\u00e4tzte Lesezeit":"2 Minuten"},"schema":{"@context":"https:\/\/schema.org","@graph":[{"@type":"Organization","@id":"https:\/\/www.il-libro.it\/#organization","name":"il libro libreria internazionale","url":"https:\/\/www.il-libro.it\/","sameAs":["https:\/\/www.facebook.com\/IL-LIBRO-Libreria-Internazionale-2127680667458029\/?fref=ts","https:\/\/www.instagram.com\/il.libro.internazionale\/"],"logo":{"@type":"ImageObject","@id":"https:\/\/www.il-libro.it\/#logo","inLanguage":"de-DE","url":"https:\/\/www.il-libro.it\/wp-content\/uploads\/2017\/03\/logo.png","contentUrl":"https:\/\/www.il-libro.it\/wp-content\/uploads\/2017\/03\/logo.png","width":180,"height":90,"caption":"il libro libreria internazionale"},"image":{"@id":"https:\/\/www.il-libro.it\/#logo"}},{"@type":"WebSite","@id":"https:\/\/www.il-libro.it\/#website","url":"https:\/\/www.il-libro.it\/","name":"Il Libro - Libreria Internazionale","description":"Benvenuti nella libreria internazionale","publisher":{"@id":"https:\/\/www.il-libro.it\/#organization"},"potentialAction":[{"@type":"SearchAction","target":{"@type":"EntryPoint","urlTemplate":"https:\/\/www.il-libro.it\/?s={search_term_string}"},"query-input":"required name=search_term_string"}],"inLanguage":"de-DE"},{"@type":"ImageObject","@id":"https:\/\/www.il-libro.it\/la-hija-extranjera\/#primaryimage","inLanguage":"de-DE","url":"https:\/\/www.il-libro.it\/wp-content\/uploads\/2019\/05\/AldecoaMaestra.jpg","contentUrl":"https:\/\/www.il-libro.it\/wp-content\/uploads\/2019\/05\/AldecoaMaestra.jpg","width":329,"height":499},{"@type":"WebPage","@id":"https:\/\/www.il-libro.it\/la-hija-extranjera\/#webpage","url":"https:\/\/www.il-libro.it\/la-hija-extranjera\/","name":"Historia de una maestra - Il Libro - Libreria Internazionale","isPartOf":{"@id":"https:\/\/www.il-libro.it\/#website"},"primaryImageOfPage":{"@id":"https:\/\/www.il-libro.it\/la-hija-extranjera\/#primaryimage"},"datePublished":"2019-05-27T07:45:25+00:00","dateModified":"2019-11-18T08:24:41+00:00","breadcrumb":{"@id":"https:\/\/www.il-libro.it\/la-hija-extranjera\/#breadcrumb"},"inLanguage":"de-DE","potentialAction":[{"@type":"ReadAction","target":["https:\/\/www.il-libro.it\/la-hija-extranjera\/"]}]},{"@type":"BreadcrumbList","@id":"https:\/\/www.il-libro.it\/la-hija-extranjera\/#breadcrumb","itemListElement":[{"@type":"ListItem","position":1,"name":"Home","item":"https:\/\/www.il-libro.it\/de\/"},{"@type":"ListItem","position":2,"name":"Historia de una maestra"}]},{"@type":"Article","@id":"https:\/\/www.il-libro.it\/la-hija-extranjera\/#article","isPartOf":{"@id":"https:\/\/www.il-libro.it\/la-hija-extranjera\/#webpage"},"author":{"@id":"https:\/\/www.il-libro.it\/#\/schema\/person\/6a34e9b4cc72b2d269e1ae45dcb83083"},"headline":"Historia de una maestra","datePublished":"2019-05-27T07:45:25+00:00","dateModified":"2019-11-18T08:24:41+00:00","mainEntityOfPage":{"@id":"https:\/\/www.il-libro.it\/la-hija-extranjera\/#webpage"},"wordCount":358,"publisher":{"@id":"https:\/\/www.il-libro.it\/#organization"},"image":{"@id":"https:\/\/www.il-libro.it\/la-hija-extranjera\/#primaryimage"},"thumbnailUrl":"https:\/\/www.il-libro.it\/wp-content\/uploads\/2019\/05\/AldecoaMaestra.jpg","articleSection":["Encuentro Literario"],"inLanguage":"de-DE"},{"@type":"Person","@id":"https:\/\/www.il-libro.it\/#\/schema\/person\/6a34e9b4cc72b2d269e1ae45dcb83083","name":"Anna","image":{"@type":"ImageObject","@id":"https:\/\/www.il-libro.it\/#personlogo","inLanguage":"de-DE","url":"https:\/\/secure.gravatar.com\/avatar\/5446c35a665205777a696408926ad672?s=96&d=mm&r=g","contentUrl":"https:\/\/secure.gravatar.com\/avatar\/5446c35a665205777a696408926ad672?s=96&d=mm&r=g","caption":"Anna"}}]}},"_links":{"self":[{"href":"https:\/\/www.il-libro.it\/de\/wp-json\/wp\/v2\/posts\/102264"}],"collection":[{"href":"https:\/\/www.il-libro.it\/de\/wp-json\/wp\/v2\/posts"}],"about":[{"href":"https:\/\/www.il-libro.it\/de\/wp-json\/wp\/v2\/types\/post"}],"author":[{"embeddable":true,"href":"https:\/\/www.il-libro.it\/de\/wp-json\/wp\/v2\/users\/5"}],"replies":[{"embeddable":true,"href":"https:\/\/www.il-libro.it\/de\/wp-json\/wp\/v2\/comments?post=102264"}],"version-history":[{"count":0,"href":"https:\/\/www.il-libro.it\/de\/wp-json\/wp\/v2\/posts\/102264\/revisions"}],"wp:featuredmedia":[{"embeddable":true,"href":"https:\/\/www.il-libro.it\/de\/wp-json\/wp\/v2\/media\/104021"}],"wp:attachment":[{"href":"https:\/\/www.il-libro.it\/de\/wp-json\/wp\/v2\/media?parent=102264"}],"wp:term":[{"taxonomy":"category","embeddable":true,"href":"https:\/\/www.il-libro.it\/de\/wp-json\/wp\/v2\/categories?post=102264"},{"taxonomy":"post_tag","embeddable":true,"href":"https:\/\/www.il-libro.it\/de\/wp-json\/wp\/v2\/tags?post=102264"}],"curies":[{"name":"wp","href":"https:\/\/api.w.org\/{rel}","templated":true}]}}