{"id":105505,"date":"2019-11-29T09:59:25","date_gmt":"2019-11-29T08:59:25","guid":{"rendered":"https:\/\/www.il-libro.it\/?p=105505"},"modified":"2019-11-29T10:04:07","modified_gmt":"2019-11-29T09:04:07","slug":"tropique-de-la-violence","status":"publish","type":"post","link":"https:\/\/www.il-libro.it\/de\/tropique-de-la-violence\/","title":{"rendered":"Tropique de la violence"},"content":{"rendered":"<p><em>Nathacha Appanah<\/em><\/p>\n<p>&#8222;Ne t&#8217;endors pas, ne te repose pas, ne ferme pas les yeux, ce n&#8217;est pas termin\u00e9. Ils te cherchent. Tu entends ce bruit, on dirait le roulement des barriques vides, on dirait le tonnerre en janvier mais tu te trompes si tu crois que c&#8217;est \u00e7a. Ecoute mon pays qui gronde, \u00e9coute la col\u00e8re qui rampe et qui rappe jusqu&#8217;\u00e0 nous. Tu entends cette musique, tu sens la braise contre ton visage balafr\u00e9 ? Ils viennent pour toi&#8220;.<\/p>\n<p>Tropique de la violence est une plong\u00e9e dans l&#8217;enfer d&#8217;une jeunesse livr\u00e9e \u00e0 elle-m\u00eame sur l&#8217;\u00eele fran\u00e7aise de Mayotte, dans l&#8217;oc\u00e9an Indien. Dans ce pays magnifique, sauvage et au bord du chaos, cinq destins vont se croiser et nous r\u00e9v\u00e9ler la violence de leur quotidien.<\/p>\n","protected":false},"excerpt":{"rendered":"<p>Nathacha Appanah &#8222;Ne t&#8217;endors pas, ne te repose pas, ne ferme pas les yeux, ce n&#8217;est pas termin\u00e9. Ils te cherchent. Tu entends ce bruit, on dirait le roulement des barriques vides, on dirait le tonnerre en janvier mais tu te trompes si tu crois que c&#8217;est \u00e7a. Ecoute mon pays qui gronde, \u00e9coute la&hellip;<\/p>\n","protected":false},"author":5,"featured_media":105511,"comment_status":"open","ping_status":"open","sticky":false,"template":"","format":"standard","meta":[],"categories":[277],"tags":[],"yoast_head":"<!-- This site is optimized with the Yoast SEO plugin v17.2.1 - https:\/\/yoast.com\/wordpress\/plugins\/seo\/ -->\n<title>Tropique de la violence - Il Libro - Libreria Internazionale<\/title>\n<meta name=\"robots\" content=\"index, follow, max-snippet:-1, max-image-preview:large, max-video-preview:-1\" \/>\n<link rel=\"canonical\" href=\"https:\/\/www.il-libro.it\/de\/tropique-de-la-violence\/\" \/>\n<meta property=\"og:locale\" content=\"de_DE\" \/>\n<meta property=\"og:type\" content=\"article\" \/>\n<meta property=\"og:title\" content=\"Tropique de la violence - Il Libro - Libreria Internazionale\" \/>\n<meta property=\"og:description\" content=\"Nathacha Appanah &#8222;Ne t&#8217;endors pas, ne te repose pas, ne ferme pas les yeux, ce n&#8217;est pas termin\u00e9. Ils te cherchent. Tu entends ce bruit, on dirait le roulement des barriques vides, on dirait le tonnerre en janvier mais tu te trompes si tu crois que c&#8217;est \u00e7a. Ecoute mon pays qui gronde, \u00e9coute la&hellip;\" \/>\n<meta property=\"og:url\" content=\"https:\/\/www.il-libro.it\/tropique-de-la-violence\/\" \/>\n<meta property=\"og:site_name\" content=\"Il Libro - Libreria Internazionale\" \/>\n<meta property=\"article:publisher\" content=\"https:\/\/www.facebook.com\/IL-LIBRO-Libreria-Internazionale-2127680667458029\/?fref=ts\" \/>\n<meta property=\"article:published_time\" content=\"2019-11-29T08:59:25+00:00\" \/>\n<meta property=\"article:modified_time\" content=\"2019-11-29T09:04:07+00:00\" \/>\n<meta property=\"og:image\" content=\"https:\/\/www.il-libro.it\/wp-content\/uploads\/2019\/11\/AppanahViolence.jpg\" \/>\n\t<meta property=\"og:image:width\" content=\"304\" \/>\n\t<meta property=\"og:image:height\" content=\"500\" \/>\n<meta name=\"twitter:card\" content=\"summary_large_image\" \/>\n<meta name=\"twitter:label1\" content=\"Verfasst von\" \/>\n\t<meta name=\"twitter:data1\" content=\"Anna\" \/>\n\t<meta name=\"twitter:label2\" content=\"Gesch\u00e4tzte Lesezeit\" \/>\n\t<meta name=\"twitter:data2\" content=\"1 Minute\" \/>\n<script type=\"application\/ld+json\" class=\"yoast-schema-graph\">{\"@context\":\"https:\/\/schema.org\",\"@graph\":[{\"@type\":\"Organization\",\"@id\":\"https:\/\/www.il-libro.it\/#organization\",\"name\":\"il libro libreria internazionale\",\"url\":\"https:\/\/www.il-libro.it\/\",\"sameAs\":[\"https:\/\/www.facebook.com\/IL-LIBRO-Libreria-Internazionale-2127680667458029\/?fref=ts\",\"https:\/\/www.instagram.com\/il.libro.internazionale\/\"],\"logo\":{\"@type\":\"ImageObject\",\"@id\":\"https:\/\/www.il-libro.it\/#logo\",\"inLanguage\":\"de-DE\",\"url\":\"https:\/\/www.il-libro.it\/wp-content\/uploads\/2017\/03\/logo.png\",\"contentUrl\":\"https:\/\/www.il-libro.it\/wp-content\/uploads\/2017\/03\/logo.png\",\"width\":180,\"height\":90,\"caption\":\"il libro libreria internazionale\"},\"image\":{\"@id\":\"https:\/\/www.il-libro.it\/#logo\"}},{\"@type\":\"WebSite\",\"@id\":\"https:\/\/www.il-libro.it\/#website\",\"url\":\"https:\/\/www.il-libro.it\/\",\"name\":\"Il Libro - Libreria Internazionale\",\"description\":\"Benvenuti nella libreria internazionale\",\"publisher\":{\"@id\":\"https:\/\/www.il-libro.it\/#organization\"},\"potentialAction\":[{\"@type\":\"SearchAction\",\"target\":{\"@type\":\"EntryPoint\",\"urlTemplate\":\"https:\/\/www.il-libro.it\/?s={search_term_string}\"},\"query-input\":\"required name=search_term_string\"}],\"inLanguage\":\"de-DE\"},{\"@type\":\"ImageObject\",\"@id\":\"https:\/\/www.il-libro.it\/tropique-de-la-violence\/#primaryimage\",\"inLanguage\":\"de-DE\",\"url\":\"https:\/\/www.il-libro.it\/wp-content\/uploads\/2019\/11\/AppanahViolence.jpg\",\"contentUrl\":\"https:\/\/www.il-libro.it\/wp-content\/uploads\/2019\/11\/AppanahViolence.jpg\",\"width\":304,\"height\":500},{\"@type\":\"WebPage\",\"@id\":\"https:\/\/www.il-libro.it\/tropique-de-la-violence\/#webpage\",\"url\":\"https:\/\/www.il-libro.it\/tropique-de-la-violence\/\",\"name\":\"Tropique de la violence - Il Libro - Libreria Internazionale\",\"isPartOf\":{\"@id\":\"https:\/\/www.il-libro.it\/#website\"},\"primaryImageOfPage\":{\"@id\":\"https:\/\/www.il-libro.it\/tropique-de-la-violence\/#primaryimage\"},\"datePublished\":\"2019-11-29T08:59:25+00:00\",\"dateModified\":\"2019-11-29T09:04:07+00:00\",\"breadcrumb\":{\"@id\":\"https:\/\/www.il-libro.it\/tropique-de-la-violence\/#breadcrumb\"},\"inLanguage\":\"de-DE\",\"potentialAction\":[{\"@type\":\"ReadAction\",\"target\":[\"https:\/\/www.il-libro.it\/tropique-de-la-violence\/\"]}]},{\"@type\":\"BreadcrumbList\",\"@id\":\"https:\/\/www.il-libro.it\/tropique-de-la-violence\/#breadcrumb\",\"itemListElement\":[{\"@type\":\"ListItem\",\"position\":1,\"name\":\"Home\",\"item\":\"https:\/\/www.il-libro.it\/de\/\"},{\"@type\":\"ListItem\",\"position\":2,\"name\":\"Tropique de la violence\"}]},{\"@type\":\"Article\",\"@id\":\"https:\/\/www.il-libro.it\/tropique-de-la-violence\/#article\",\"isPartOf\":{\"@id\":\"https:\/\/www.il-libro.it\/tropique-de-la-violence\/#webpage\"},\"author\":{\"@id\":\"https:\/\/www.il-libro.it\/#\/schema\/person\/6a34e9b4cc72b2d269e1ae45dcb83083\"},\"headline\":\"Tropique de la violence\",\"datePublished\":\"2019-11-29T08:59:25+00:00\",\"dateModified\":\"2019-11-29T09:04:07+00:00\",\"mainEntityOfPage\":{\"@id\":\"https:\/\/www.il-libro.it\/tropique-de-la-violence\/#webpage\"},\"wordCount\":136,\"commentCount\":0,\"publisher\":{\"@id\":\"https:\/\/www.il-libro.it\/#organization\"},\"image\":{\"@id\":\"https:\/\/www.il-libro.it\/tropique-de-la-violence\/#primaryimage\"},\"thumbnailUrl\":\"https:\/\/www.il-libro.it\/wp-content\/uploads\/2019\/11\/AppanahViolence.jpg\",\"articleSection\":[\"Joie de lecture\"],\"inLanguage\":\"de-DE\",\"potentialAction\":[{\"@type\":\"CommentAction\",\"name\":\"Comment\",\"target\":[\"https:\/\/www.il-libro.it\/tropique-de-la-violence\/#respond\"]}]},{\"@type\":\"Person\",\"@id\":\"https:\/\/www.il-libro.it\/#\/schema\/person\/6a34e9b4cc72b2d269e1ae45dcb83083\",\"name\":\"Anna\",\"image\":{\"@type\":\"ImageObject\",\"@id\":\"https:\/\/www.il-libro.it\/#personlogo\",\"inLanguage\":\"de-DE\",\"url\":\"https:\/\/secure.gravatar.com\/avatar\/5446c35a665205777a696408926ad672?s=96&d=mm&r=g\",\"contentUrl\":\"https:\/\/secure.gravatar.com\/avatar\/5446c35a665205777a696408926ad672?s=96&d=mm&r=g\",\"caption\":\"Anna\"}}]}<\/script>\n<!-- \/ Yoast SEO plugin. -->","yoast_head_json":{"title":"Tropique de la violence - Il Libro - Libreria Internazionale","robots":{"index":"index","follow":"follow","max-snippet":"max-snippet:-1","max-image-preview":"max-image-preview:large","max-video-preview":"max-video-preview:-1"},"canonical":"https:\/\/www.il-libro.it\/de\/tropique-de-la-violence\/","og_locale":"de_DE","og_type":"article","og_title":"Tropique de la violence - Il Libro - Libreria Internazionale","og_description":"Nathacha Appanah &#8222;Ne t&#8217;endors pas, ne te repose pas, ne ferme pas les yeux, ce n&#8217;est pas termin\u00e9. Ils te cherchent. Tu entends ce bruit, on dirait le roulement des barriques vides, on dirait le tonnerre en janvier mais tu te trompes si tu crois que c&#8217;est \u00e7a. Ecoute mon pays qui gronde, \u00e9coute la&hellip;","og_url":"https:\/\/www.il-libro.it\/tropique-de-la-violence\/","og_site_name":"Il Libro - Libreria Internazionale","article_publisher":"https:\/\/www.facebook.com\/IL-LIBRO-Libreria-Internazionale-2127680667458029\/?fref=ts","article_published_time":"2019-11-29T08:59:25+00:00","article_modified_time":"2019-11-29T09:04:07+00:00","og_image":[{"width":304,"height":500,"url":"https:\/\/www.il-libro.it\/wp-content\/uploads\/2019\/11\/AppanahViolence.jpg","path":"\/var\/www\/vhosts\/il-libro.it\/httpdocs\/wp-content\/uploads\/2019\/11\/AppanahViolence.jpg","size":"full","id":105511,"alt":"","pixels":152000,"type":"image\/jpeg"}],"twitter_card":"summary_large_image","twitter_misc":{"Verfasst von":"Anna","Gesch\u00e4tzte Lesezeit":"1 Minute"},"schema":{"@context":"https:\/\/schema.org","@graph":[{"@type":"Organization","@id":"https:\/\/www.il-libro.it\/#organization","name":"il libro libreria internazionale","url":"https:\/\/www.il-libro.it\/","sameAs":["https:\/\/www.facebook.com\/IL-LIBRO-Libreria-Internazionale-2127680667458029\/?fref=ts","https:\/\/www.instagram.com\/il.libro.internazionale\/"],"logo":{"@type":"ImageObject","@id":"https:\/\/www.il-libro.it\/#logo","inLanguage":"de-DE","url":"https:\/\/www.il-libro.it\/wp-content\/uploads\/2017\/03\/logo.png","contentUrl":"https:\/\/www.il-libro.it\/wp-content\/uploads\/2017\/03\/logo.png","width":180,"height":90,"caption":"il libro libreria internazionale"},"image":{"@id":"https:\/\/www.il-libro.it\/#logo"}},{"@type":"WebSite","@id":"https:\/\/www.il-libro.it\/#website","url":"https:\/\/www.il-libro.it\/","name":"Il Libro - Libreria Internazionale","description":"Benvenuti nella libreria internazionale","publisher":{"@id":"https:\/\/www.il-libro.it\/#organization"},"potentialAction":[{"@type":"SearchAction","target":{"@type":"EntryPoint","urlTemplate":"https:\/\/www.il-libro.it\/?s={search_term_string}"},"query-input":"required name=search_term_string"}],"inLanguage":"de-DE"},{"@type":"ImageObject","@id":"https:\/\/www.il-libro.it\/tropique-de-la-violence\/#primaryimage","inLanguage":"de-DE","url":"https:\/\/www.il-libro.it\/wp-content\/uploads\/2019\/11\/AppanahViolence.jpg","contentUrl":"https:\/\/www.il-libro.it\/wp-content\/uploads\/2019\/11\/AppanahViolence.jpg","width":304,"height":500},{"@type":"WebPage","@id":"https:\/\/www.il-libro.it\/tropique-de-la-violence\/#webpage","url":"https:\/\/www.il-libro.it\/tropique-de-la-violence\/","name":"Tropique de la violence - Il Libro - Libreria Internazionale","isPartOf":{"@id":"https:\/\/www.il-libro.it\/#website"},"primaryImageOfPage":{"@id":"https:\/\/www.il-libro.it\/tropique-de-la-violence\/#primaryimage"},"datePublished":"2019-11-29T08:59:25+00:00","dateModified":"2019-11-29T09:04:07+00:00","breadcrumb":{"@id":"https:\/\/www.il-libro.it\/tropique-de-la-violence\/#breadcrumb"},"inLanguage":"de-DE","potentialAction":[{"@type":"ReadAction","target":["https:\/\/www.il-libro.it\/tropique-de-la-violence\/"]}]},{"@type":"BreadcrumbList","@id":"https:\/\/www.il-libro.it\/tropique-de-la-violence\/#breadcrumb","itemListElement":[{"@type":"ListItem","position":1,"name":"Home","item":"https:\/\/www.il-libro.it\/de\/"},{"@type":"ListItem","position":2,"name":"Tropique de la violence"}]},{"@type":"Article","@id":"https:\/\/www.il-libro.it\/tropique-de-la-violence\/#article","isPartOf":{"@id":"https:\/\/www.il-libro.it\/tropique-de-la-violence\/#webpage"},"author":{"@id":"https:\/\/www.il-libro.it\/#\/schema\/person\/6a34e9b4cc72b2d269e1ae45dcb83083"},"headline":"Tropique de la violence","datePublished":"2019-11-29T08:59:25+00:00","dateModified":"2019-11-29T09:04:07+00:00","mainEntityOfPage":{"@id":"https:\/\/www.il-libro.it\/tropique-de-la-violence\/#webpage"},"wordCount":136,"commentCount":0,"publisher":{"@id":"https:\/\/www.il-libro.it\/#organization"},"image":{"@id":"https:\/\/www.il-libro.it\/tropique-de-la-violence\/#primaryimage"},"thumbnailUrl":"https:\/\/www.il-libro.it\/wp-content\/uploads\/2019\/11\/AppanahViolence.jpg","articleSection":["Joie de lecture"],"inLanguage":"de-DE","potentialAction":[{"@type":"CommentAction","name":"Comment","target":["https:\/\/www.il-libro.it\/tropique-de-la-violence\/#respond"]}]},{"@type":"Person","@id":"https:\/\/www.il-libro.it\/#\/schema\/person\/6a34e9b4cc72b2d269e1ae45dcb83083","name":"Anna","image":{"@type":"ImageObject","@id":"https:\/\/www.il-libro.it\/#personlogo","inLanguage":"de-DE","url":"https:\/\/secure.gravatar.com\/avatar\/5446c35a665205777a696408926ad672?s=96&d=mm&r=g","contentUrl":"https:\/\/secure.gravatar.com\/avatar\/5446c35a665205777a696408926ad672?s=96&d=mm&r=g","caption":"Anna"}}]}},"_links":{"self":[{"href":"https:\/\/www.il-libro.it\/de\/wp-json\/wp\/v2\/posts\/105505"}],"collection":[{"href":"https:\/\/www.il-libro.it\/de\/wp-json\/wp\/v2\/posts"}],"about":[{"href":"https:\/\/www.il-libro.it\/de\/wp-json\/wp\/v2\/types\/post"}],"author":[{"embeddable":true,"href":"https:\/\/www.il-libro.it\/de\/wp-json\/wp\/v2\/users\/5"}],"replies":[{"embeddable":true,"href":"https:\/\/www.il-libro.it\/de\/wp-json\/wp\/v2\/comments?post=105505"}],"version-history":[{"count":0,"href":"https:\/\/www.il-libro.it\/de\/wp-json\/wp\/v2\/posts\/105505\/revisions"}],"wp:featuredmedia":[{"embeddable":true,"href":"https:\/\/www.il-libro.it\/de\/wp-json\/wp\/v2\/media\/105511"}],"wp:attachment":[{"href":"https:\/\/www.il-libro.it\/de\/wp-json\/wp\/v2\/media?parent=105505"}],"wp:term":[{"taxonomy":"category","embeddable":true,"href":"https:\/\/www.il-libro.it\/de\/wp-json\/wp\/v2\/categories?post=105505"},{"taxonomy":"post_tag","embeddable":true,"href":"https:\/\/www.il-libro.it\/de\/wp-json\/wp\/v2\/tags?post=105505"}],"curies":[{"name":"wp","href":"https:\/\/api.w.org\/{rel}","templated":true}]}}