{"id":110379,"date":"2020-07-17T09:15:11","date_gmt":"2020-07-17T07:15:11","guid":{"rendered":"https:\/\/www.il-libro.it\/?p=110379"},"modified":"2020-10-08T14:37:55","modified_gmt":"2020-10-08T12:37:55","slug":"das-feld","status":"publish","type":"post","link":"https:\/\/www.il-libro.it\/de\/das-feld\/","title":{"rendered":"Das Feld"},"content":{"rendered":"<div>\n<h3 style=\"text-align: center;\"><span style=\"color: #000080;\"><img class=\"size-medium wp-image-110371 alignleft\" src=\"https:\/\/www.il-libro.it\/wp-content\/uploads\/2020\/07\/SeethalerFeld-184x300.jpg\" alt=\"\" width=\"184\" height=\"300\" \/>Literaturtreffen<br \/>\n01. Oktober 2020<br \/>\num 19:00 Uhr &#8211; ONLINE<br \/>\n<\/span><\/h3>\n<\/div>\n<p style=\"text-align: center;\">Robert Seethaler<br \/>\n\u201e<strong>Das Feld<\/strong>\u201d<\/p>\n<p>Der Erz\u00e4hler f\u00fchrt uns durch Paulstadt zum Freidhof, \u201cdas Feld\u201d, wie die Einheimischen ihn nennen. Hier sprechen die Toten. 29 B\u00fcrgerinnen und B\u00fcrger (29 Erz\u00e4hlungen in 29 Kapiteln) aus Paulstadt erz\u00e4hlen deren Lebensgeschichten \u00fcber den Tod hinaus. Wir k\u00f6nnen nur zuh\u00f6ren.<\/p>\n<p>Mit jeder Erz\u00e4hlung verdichtet sich aus der Reihung einzelner Portr\u00e4ts ein Ensemble, verkn\u00fcpfen sich doch in den Kapiteln Kontakte, Abh\u00e4ngigkeiten, Lieb- und Gegnerschaften, sodass aus den Individuen eben Verwandte, Kolleginnen oder Freunde und Zeitgenossen werden, die zusammen die Bev\u00f6lkerung der kleinen Stadt repr\u00e4sentieren. Robert Seethaler inszeniert so einen sich entwickelnden wunderbaren Roman \u00fcber das Leben, wie es sein oder gewesen sein k\u00f6nnte. In Paulstadt oder anderswo.<\/p>\n<p>Wir freuen uns sehr auf Ihre\/ Eure Anmeldung!<\/p>\n<p>Mit einer Nachricht an <a href=\"mailto:info@il-libro.it\" target=\"_blank\" rel=\"noopener noreferrer\"><strong>info@il-libro.it<\/strong><\/a> k\u00f6nnen Sie sich anmelden und Sie bekommen den Zugangscode per Mail. Da nur eine begrenzte Anzahl von Personen teilnehmen kann, ist Schnelligkeit ratsam.<\/p>\n<p>F\u00fcr alle, die dieses Buch noch nicht zu Hause haben, steht wie immer ein Exemplar bei<strong> il libro<\/strong> bereit. <strong>Gerne schicken wir Ihnen das Buch nach Hause<\/strong>. Bestellen Sie bitte am besten per Mail:<a href=\"mailto:info@il-libro.it\" target=\"_blank\" rel=\"noopener noreferrer\"> info@il-libro.it<\/a><\/p>\n<p><strong>Vielen Dank<\/strong> jedenfalls an alle, die uns in dieser schwierigen Zeit unterst\u00fctzen, nach dem Motto: <span style=\"color: #ff0000;\"><strong>Support you local dealer.<\/strong><\/span><\/p>\n<p>Wir freuen uns sehr auf Ihre\/ Eure Anmeldung!<\/p>\n","protected":false},"excerpt":{"rendered":"<p>Literaturtreffen 01. Oktober 2020 um 19:00 Uhr &#8211; ONLINE Robert Seethaler \u201eDas Feld\u201d Der Erz\u00e4hler f\u00fchrt uns durch Paulstadt zum Freidhof, \u201cdas Feld\u201d, wie die Einheimischen ihn nennen. Hier sprechen die Toten. 29 B\u00fcrgerinnen und B\u00fcrger (29 Erz\u00e4hlungen in 29 Kapiteln) aus Paulstadt erz\u00e4hlen deren Lebensgeschichten \u00fcber den Tod hinaus. Wir k\u00f6nnen nur zuh\u00f6ren. Mit&hellip;<\/p>\n","protected":false},"author":5,"featured_media":110371,"comment_status":"open","ping_status":"open","sticky":false,"template":"","format":"standard","meta":[],"categories":[290],"tags":[],"yoast_head":"<!-- This site is optimized with the Yoast SEO plugin v17.2.1 - https:\/\/yoast.com\/wordpress\/plugins\/seo\/ -->\n<title>Das Feld - Il Libro - Libreria Internazionale<\/title>\n<meta name=\"robots\" content=\"index, follow, max-snippet:-1, max-image-preview:large, max-video-preview:-1\" \/>\n<link rel=\"canonical\" href=\"https:\/\/www.il-libro.it\/de\/das-feld\/\" \/>\n<meta property=\"og:locale\" content=\"de_DE\" \/>\n<meta property=\"og:type\" content=\"article\" \/>\n<meta property=\"og:title\" content=\"Das Feld - Il Libro - Libreria Internazionale\" \/>\n<meta property=\"og:description\" content=\"Literaturtreffen 01. Oktober 2020 um 19:00 Uhr &#8211; ONLINE Robert Seethaler \u201eDas Feld\u201d Der Erz\u00e4hler f\u00fchrt uns durch Paulstadt zum Freidhof, \u201cdas Feld\u201d, wie die Einheimischen ihn nennen. Hier sprechen die Toten. 29 B\u00fcrgerinnen und B\u00fcrger (29 Erz\u00e4hlungen in 29 Kapiteln) aus Paulstadt erz\u00e4hlen deren Lebensgeschichten \u00fcber den Tod hinaus. Wir k\u00f6nnen nur zuh\u00f6ren. Mit&hellip;\" \/>\n<meta property=\"og:url\" content=\"https:\/\/www.il-libro.it\/das-feld\/\" \/>\n<meta property=\"og:site_name\" content=\"Il Libro - Libreria Internazionale\" \/>\n<meta property=\"article:publisher\" content=\"https:\/\/www.facebook.com\/IL-LIBRO-Libreria-Internazionale-2127680667458029\/?fref=ts\" \/>\n<meta property=\"article:published_time\" content=\"2020-07-17T07:15:11+00:00\" \/>\n<meta property=\"article:modified_time\" content=\"2020-10-08T12:37:55+00:00\" \/>\n<meta property=\"og:image\" content=\"https:\/\/www.il-libro.it\/wp-content\/uploads\/2020\/07\/SeethalerFeld.jpg\" \/>\n\t<meta property=\"og:image:width\" content=\"1568\" \/>\n\t<meta property=\"og:image:height\" content=\"2560\" \/>\n<meta name=\"twitter:card\" content=\"summary_large_image\" \/>\n<meta name=\"twitter:label1\" content=\"Verfasst von\" \/>\n\t<meta name=\"twitter:data1\" content=\"Anna\" \/>\n\t<meta name=\"twitter:label2\" content=\"Gesch\u00e4tzte Lesezeit\" \/>\n\t<meta name=\"twitter:data2\" content=\"1 Minute\" \/>\n<script type=\"application\/ld+json\" class=\"yoast-schema-graph\">{\"@context\":\"https:\/\/schema.org\",\"@graph\":[{\"@type\":\"Organization\",\"@id\":\"https:\/\/www.il-libro.it\/#organization\",\"name\":\"il libro libreria internazionale\",\"url\":\"https:\/\/www.il-libro.it\/\",\"sameAs\":[\"https:\/\/www.facebook.com\/IL-LIBRO-Libreria-Internazionale-2127680667458029\/?fref=ts\",\"https:\/\/www.instagram.com\/il.libro.internazionale\/\"],\"logo\":{\"@type\":\"ImageObject\",\"@id\":\"https:\/\/www.il-libro.it\/#logo\",\"inLanguage\":\"de-DE\",\"url\":\"https:\/\/www.il-libro.it\/wp-content\/uploads\/2017\/03\/logo.png\",\"contentUrl\":\"https:\/\/www.il-libro.it\/wp-content\/uploads\/2017\/03\/logo.png\",\"width\":180,\"height\":90,\"caption\":\"il libro libreria internazionale\"},\"image\":{\"@id\":\"https:\/\/www.il-libro.it\/#logo\"}},{\"@type\":\"WebSite\",\"@id\":\"https:\/\/www.il-libro.it\/#website\",\"url\":\"https:\/\/www.il-libro.it\/\",\"name\":\"Il Libro - Libreria Internazionale\",\"description\":\"Benvenuti nella libreria internazionale\",\"publisher\":{\"@id\":\"https:\/\/www.il-libro.it\/#organization\"},\"potentialAction\":[{\"@type\":\"SearchAction\",\"target\":{\"@type\":\"EntryPoint\",\"urlTemplate\":\"https:\/\/www.il-libro.it\/?s={search_term_string}\"},\"query-input\":\"required name=search_term_string\"}],\"inLanguage\":\"de-DE\"},{\"@type\":\"ImageObject\",\"@id\":\"https:\/\/www.il-libro.it\/das-feld\/#primaryimage\",\"inLanguage\":\"de-DE\",\"url\":\"https:\/\/www.il-libro.it\/wp-content\/uploads\/2020\/07\/SeethalerFeld.jpg\",\"contentUrl\":\"https:\/\/www.il-libro.it\/wp-content\/uploads\/2020\/07\/SeethalerFeld.jpg\",\"width\":1568,\"height\":2560},{\"@type\":\"WebPage\",\"@id\":\"https:\/\/www.il-libro.it\/das-feld\/#webpage\",\"url\":\"https:\/\/www.il-libro.it\/das-feld\/\",\"name\":\"Das Feld - Il Libro - Libreria Internazionale\",\"isPartOf\":{\"@id\":\"https:\/\/www.il-libro.it\/#website\"},\"primaryImageOfPage\":{\"@id\":\"https:\/\/www.il-libro.it\/das-feld\/#primaryimage\"},\"datePublished\":\"2020-07-17T07:15:11+00:00\",\"dateModified\":\"2020-10-08T12:37:55+00:00\",\"breadcrumb\":{\"@id\":\"https:\/\/www.il-libro.it\/das-feld\/#breadcrumb\"},\"inLanguage\":\"de-DE\",\"potentialAction\":[{\"@type\":\"ReadAction\",\"target\":[\"https:\/\/www.il-libro.it\/das-feld\/\"]}]},{\"@type\":\"BreadcrumbList\",\"@id\":\"https:\/\/www.il-libro.it\/das-feld\/#breadcrumb\",\"itemListElement\":[{\"@type\":\"ListItem\",\"position\":1,\"name\":\"Home\",\"item\":\"https:\/\/www.il-libro.it\/de\/\"},{\"@type\":\"ListItem\",\"position\":2,\"name\":\"Das Feld\"}]},{\"@type\":\"Article\",\"@id\":\"https:\/\/www.il-libro.it\/das-feld\/#article\",\"isPartOf\":{\"@id\":\"https:\/\/www.il-libro.it\/das-feld\/#webpage\"},\"author\":{\"@id\":\"https:\/\/www.il-libro.it\/#\/schema\/person\/6a34e9b4cc72b2d269e1ae45dcb83083\"},\"headline\":\"Das Feld\",\"datePublished\":\"2020-07-17T07:15:11+00:00\",\"dateModified\":\"2020-10-08T12:37:55+00:00\",\"mainEntityOfPage\":{\"@id\":\"https:\/\/www.il-libro.it\/das-feld\/#webpage\"},\"wordCount\":236,\"commentCount\":0,\"publisher\":{\"@id\":\"https:\/\/www.il-libro.it\/#organization\"},\"image\":{\"@id\":\"https:\/\/www.il-libro.it\/das-feld\/#primaryimage\"},\"thumbnailUrl\":\"https:\/\/www.il-libro.it\/wp-content\/uploads\/2020\/07\/SeethalerFeld.jpg\",\"articleSection\":[\"Literaturtreffen\"],\"inLanguage\":\"de-DE\",\"potentialAction\":[{\"@type\":\"CommentAction\",\"name\":\"Comment\",\"target\":[\"https:\/\/www.il-libro.it\/das-feld\/#respond\"]}]},{\"@type\":\"Person\",\"@id\":\"https:\/\/www.il-libro.it\/#\/schema\/person\/6a34e9b4cc72b2d269e1ae45dcb83083\",\"name\":\"Anna\",\"image\":{\"@type\":\"ImageObject\",\"@id\":\"https:\/\/www.il-libro.it\/#personlogo\",\"inLanguage\":\"de-DE\",\"url\":\"https:\/\/secure.gravatar.com\/avatar\/5446c35a665205777a696408926ad672?s=96&d=mm&r=g\",\"contentUrl\":\"https:\/\/secure.gravatar.com\/avatar\/5446c35a665205777a696408926ad672?s=96&d=mm&r=g\",\"caption\":\"Anna\"}}]}<\/script>\n<!-- \/ Yoast SEO plugin. -->","yoast_head_json":{"title":"Das Feld - Il Libro - Libreria Internazionale","robots":{"index":"index","follow":"follow","max-snippet":"max-snippet:-1","max-image-preview":"max-image-preview:large","max-video-preview":"max-video-preview:-1"},"canonical":"https:\/\/www.il-libro.it\/de\/das-feld\/","og_locale":"de_DE","og_type":"article","og_title":"Das Feld - Il Libro - Libreria Internazionale","og_description":"Literaturtreffen 01. Oktober 2020 um 19:00 Uhr &#8211; ONLINE Robert Seethaler \u201eDas Feld\u201d Der Erz\u00e4hler f\u00fchrt uns durch Paulstadt zum Freidhof, \u201cdas Feld\u201d, wie die Einheimischen ihn nennen. Hier sprechen die Toten. 29 B\u00fcrgerinnen und B\u00fcrger (29 Erz\u00e4hlungen in 29 Kapiteln) aus Paulstadt erz\u00e4hlen deren Lebensgeschichten \u00fcber den Tod hinaus. Wir k\u00f6nnen nur zuh\u00f6ren. Mit&hellip;","og_url":"https:\/\/www.il-libro.it\/das-feld\/","og_site_name":"Il Libro - Libreria Internazionale","article_publisher":"https:\/\/www.facebook.com\/IL-LIBRO-Libreria-Internazionale-2127680667458029\/?fref=ts","article_published_time":"2020-07-17T07:15:11+00:00","article_modified_time":"2020-10-08T12:37:55+00:00","og_image":[{"width":1568,"height":2560,"url":"https:\/\/www.il-libro.it\/wp-content\/uploads\/2020\/07\/SeethalerFeld.jpg","path":"\/var\/www\/vhosts\/il-libro.it\/httpdocs\/wp-content\/uploads\/2020\/07\/SeethalerFeld.jpg","size":"full","id":110371,"alt":"","pixels":4014080,"type":"image\/jpeg"}],"twitter_card":"summary_large_image","twitter_misc":{"Verfasst von":"Anna","Gesch\u00e4tzte Lesezeit":"1 Minute"},"schema":{"@context":"https:\/\/schema.org","@graph":[{"@type":"Organization","@id":"https:\/\/www.il-libro.it\/#organization","name":"il libro libreria internazionale","url":"https:\/\/www.il-libro.it\/","sameAs":["https:\/\/www.facebook.com\/IL-LIBRO-Libreria-Internazionale-2127680667458029\/?fref=ts","https:\/\/www.instagram.com\/il.libro.internazionale\/"],"logo":{"@type":"ImageObject","@id":"https:\/\/www.il-libro.it\/#logo","inLanguage":"de-DE","url":"https:\/\/www.il-libro.it\/wp-content\/uploads\/2017\/03\/logo.png","contentUrl":"https:\/\/www.il-libro.it\/wp-content\/uploads\/2017\/03\/logo.png","width":180,"height":90,"caption":"il libro libreria internazionale"},"image":{"@id":"https:\/\/www.il-libro.it\/#logo"}},{"@type":"WebSite","@id":"https:\/\/www.il-libro.it\/#website","url":"https:\/\/www.il-libro.it\/","name":"Il Libro - Libreria Internazionale","description":"Benvenuti nella libreria internazionale","publisher":{"@id":"https:\/\/www.il-libro.it\/#organization"},"potentialAction":[{"@type":"SearchAction","target":{"@type":"EntryPoint","urlTemplate":"https:\/\/www.il-libro.it\/?s={search_term_string}"},"query-input":"required name=search_term_string"}],"inLanguage":"de-DE"},{"@type":"ImageObject","@id":"https:\/\/www.il-libro.it\/das-feld\/#primaryimage","inLanguage":"de-DE","url":"https:\/\/www.il-libro.it\/wp-content\/uploads\/2020\/07\/SeethalerFeld.jpg","contentUrl":"https:\/\/www.il-libro.it\/wp-content\/uploads\/2020\/07\/SeethalerFeld.jpg","width":1568,"height":2560},{"@type":"WebPage","@id":"https:\/\/www.il-libro.it\/das-feld\/#webpage","url":"https:\/\/www.il-libro.it\/das-feld\/","name":"Das Feld - Il Libro - Libreria Internazionale","isPartOf":{"@id":"https:\/\/www.il-libro.it\/#website"},"primaryImageOfPage":{"@id":"https:\/\/www.il-libro.it\/das-feld\/#primaryimage"},"datePublished":"2020-07-17T07:15:11+00:00","dateModified":"2020-10-08T12:37:55+00:00","breadcrumb":{"@id":"https:\/\/www.il-libro.it\/das-feld\/#breadcrumb"},"inLanguage":"de-DE","potentialAction":[{"@type":"ReadAction","target":["https:\/\/www.il-libro.it\/das-feld\/"]}]},{"@type":"BreadcrumbList","@id":"https:\/\/www.il-libro.it\/das-feld\/#breadcrumb","itemListElement":[{"@type":"ListItem","position":1,"name":"Home","item":"https:\/\/www.il-libro.it\/de\/"},{"@type":"ListItem","position":2,"name":"Das Feld"}]},{"@type":"Article","@id":"https:\/\/www.il-libro.it\/das-feld\/#article","isPartOf":{"@id":"https:\/\/www.il-libro.it\/das-feld\/#webpage"},"author":{"@id":"https:\/\/www.il-libro.it\/#\/schema\/person\/6a34e9b4cc72b2d269e1ae45dcb83083"},"headline":"Das Feld","datePublished":"2020-07-17T07:15:11+00:00","dateModified":"2020-10-08T12:37:55+00:00","mainEntityOfPage":{"@id":"https:\/\/www.il-libro.it\/das-feld\/#webpage"},"wordCount":236,"commentCount":0,"publisher":{"@id":"https:\/\/www.il-libro.it\/#organization"},"image":{"@id":"https:\/\/www.il-libro.it\/das-feld\/#primaryimage"},"thumbnailUrl":"https:\/\/www.il-libro.it\/wp-content\/uploads\/2020\/07\/SeethalerFeld.jpg","articleSection":["Literaturtreffen"],"inLanguage":"de-DE","potentialAction":[{"@type":"CommentAction","name":"Comment","target":["https:\/\/www.il-libro.it\/das-feld\/#respond"]}]},{"@type":"Person","@id":"https:\/\/www.il-libro.it\/#\/schema\/person\/6a34e9b4cc72b2d269e1ae45dcb83083","name":"Anna","image":{"@type":"ImageObject","@id":"https:\/\/www.il-libro.it\/#personlogo","inLanguage":"de-DE","url":"https:\/\/secure.gravatar.com\/avatar\/5446c35a665205777a696408926ad672?s=96&d=mm&r=g","contentUrl":"https:\/\/secure.gravatar.com\/avatar\/5446c35a665205777a696408926ad672?s=96&d=mm&r=g","caption":"Anna"}}]}},"_links":{"self":[{"href":"https:\/\/www.il-libro.it\/de\/wp-json\/wp\/v2\/posts\/110379"}],"collection":[{"href":"https:\/\/www.il-libro.it\/de\/wp-json\/wp\/v2\/posts"}],"about":[{"href":"https:\/\/www.il-libro.it\/de\/wp-json\/wp\/v2\/types\/post"}],"author":[{"embeddable":true,"href":"https:\/\/www.il-libro.it\/de\/wp-json\/wp\/v2\/users\/5"}],"replies":[{"embeddable":true,"href":"https:\/\/www.il-libro.it\/de\/wp-json\/wp\/v2\/comments?post=110379"}],"version-history":[{"count":0,"href":"https:\/\/www.il-libro.it\/de\/wp-json\/wp\/v2\/posts\/110379\/revisions"}],"wp:featuredmedia":[{"embeddable":true,"href":"https:\/\/www.il-libro.it\/de\/wp-json\/wp\/v2\/media\/110371"}],"wp:attachment":[{"href":"https:\/\/www.il-libro.it\/de\/wp-json\/wp\/v2\/media?parent=110379"}],"wp:term":[{"taxonomy":"category","embeddable":true,"href":"https:\/\/www.il-libro.it\/de\/wp-json\/wp\/v2\/categories?post=110379"},{"taxonomy":"post_tag","embeddable":true,"href":"https:\/\/www.il-libro.it\/de\/wp-json\/wp\/v2\/tags?post=110379"}],"curies":[{"name":"wp","href":"https:\/\/api.w.org\/{rel}","templated":true}]}}