{"id":115175,"date":"2021-03-16T15:01:48","date_gmt":"2021-03-16T14:01:48","guid":{"rendered":"https:\/\/www.il-libro.it\/?p=115175"},"modified":"2021-03-16T15:11:30","modified_gmt":"2021-03-16T14:11:30","slug":"ein-nilpferd-in-der-badewanne","status":"publish","type":"post","link":"https:\/\/www.il-libro.it\/de\/ein-nilpferd-in-der-badewanne\/","title":{"rendered":"Ein Nilpferd in der Badewanne"},"content":{"rendered":"<div class=\"separatore\">\n<h1><img class=\"aligncenter wp-image-109134\" src=\"https:\/\/www.il-libro.it\/wp-content\/uploads\/2020\/05\/NilpferdBadewanne.jpg\" alt=\"\" width=\"100\" height=\"137\" srcset=\"https:\/\/www.il-libro.it\/wp-content\/uploads\/2020\/05\/NilpferdBadewanne.jpg 1200w, https:\/\/www.il-libro.it\/wp-content\/uploads\/2020\/05\/NilpferdBadewanne-600x823.jpg 600w\" sizes=\"(max-width: 100px) 100vw, 100px\" \/><\/h1>\n<h1>Ein Nilpferd in der Badewanne<\/h1>\n<\/div>\n<p><span style=\"color: #000080;\"><strong>Leserabe-Reihe mit Grossbuchstaben<\/strong><\/span><\/p>\n<p>Willi m\u00f6chte nicht zur Schule gehen. Das \u00e4ndert sich, als eines Tages ein Nilpferd in der Wanne sitzt und mit in die Schule geht. Endlich hat Willi einen Nachbarn! Und das Nilpferd ist alles andere als brav. Die Lehrerin eilt deshalb zum Direktor. Doch als sie zur\u00fcckkommen, ist das Nilpferd weg. Schade, aber nun setzt sich ein Junge neben Willi.<\/p>\n<p><strong>Un bel giorno Willi si ritrova nella vasca da bagno un ippopotamo che desidera andare con lui a scuola.<\/strong><\/p>\n<p>Bestellen an: <a href=\"mailto:info@il-libro.it\" target=\"_blank\" rel=\"noopener noreferrer\">info@il-libro.it<\/a><\/p>\n<p>&nbsp;<\/p>\n","protected":false},"excerpt":{"rendered":"<p>Ein Nilpferd in der Badewanne Leserabe-Reihe mit Grossbuchstaben Willi m\u00f6chte nicht zur Schule gehen. Das \u00e4ndert sich, als eines Tages ein Nilpferd in der Wanne sitzt und mit in die Schule geht. Endlich hat Willi einen Nachbarn! Und das Nilpferd ist alles andere als brav. Die Lehrerin eilt deshalb zum Direktor. Doch als sie zur\u00fcckkommen,&hellip;<\/p>\n","protected":false},"author":5,"featured_media":109134,"comment_status":"open","ping_status":"open","sticky":false,"template":"","format":"standard","meta":[],"categories":[331],"tags":[],"yoast_head":"<!-- This site is optimized with the Yoast SEO plugin v17.2.1 - https:\/\/yoast.com\/wordpress\/plugins\/seo\/ -->\n<title>Ein Nilpferd in der Badewanne - Il Libro - Libreria Internazionale<\/title>\n<meta name=\"description\" content=\"Das Bilderbuch eignet sich hervorragend, um Kinder schrittweise an das Lesen heranzuf\u00fchren.Willi m\u00f6chte nicht zur Schule gehen. Das \u00e4ndert sich, als eines Tages ein Nilpferd in der Wanne sitzt und mit in die Schule geht.\" \/>\n<meta name=\"robots\" content=\"index, follow, max-snippet:-1, max-image-preview:large, max-video-preview:-1\" \/>\n<link rel=\"canonical\" href=\"https:\/\/www.il-libro.it\/de\/ein-nilpferd-in-der-badewanne\/\" \/>\n<meta property=\"og:locale\" content=\"de_DE\" \/>\n<meta property=\"og:type\" content=\"article\" \/>\n<meta property=\"og:title\" content=\"Ein Nilpferd in der Badewanne - Il Libro - Libreria Internazionale\" \/>\n<meta property=\"og:description\" content=\"Das Bilderbuch eignet sich hervorragend, um Kinder schrittweise an das Lesen heranzuf\u00fchren.Willi m\u00f6chte nicht zur Schule gehen. Das \u00e4ndert sich, als eines Tages ein Nilpferd in der Wanne sitzt und mit in die Schule geht.\" \/>\n<meta property=\"og:url\" content=\"https:\/\/www.il-libro.it\/ein-nilpferd-in-der-badewanne\/\" \/>\n<meta property=\"og:site_name\" content=\"Il Libro - Libreria Internazionale\" \/>\n<meta property=\"article:publisher\" content=\"https:\/\/www.facebook.com\/IL-LIBRO-Libreria-Internazionale-2127680667458029\/?fref=ts\" \/>\n<meta property=\"article:published_time\" content=\"2021-03-16T14:01:48+00:00\" \/>\n<meta property=\"article:modified_time\" content=\"2021-03-16T14:11:30+00:00\" \/>\n<meta property=\"og:image\" content=\"https:\/\/www.il-libro.it\/wp-content\/uploads\/2020\/05\/NilpferdBadewanne.jpg\" \/>\n\t<meta property=\"og:image:width\" content=\"1200\" \/>\n\t<meta property=\"og:image:height\" content=\"1646\" \/>\n<meta name=\"twitter:card\" content=\"summary_large_image\" \/>\n<meta name=\"twitter:label1\" content=\"Verfasst von\" \/>\n\t<meta name=\"twitter:data1\" content=\"Anna\" \/>\n\t<meta name=\"twitter:label2\" content=\"Gesch\u00e4tzte Lesezeit\" \/>\n\t<meta name=\"twitter:data2\" content=\"1 Minute\" \/>\n<script type=\"application\/ld+json\" class=\"yoast-schema-graph\">{\"@context\":\"https:\/\/schema.org\",\"@graph\":[{\"@type\":\"Organization\",\"@id\":\"https:\/\/www.il-libro.it\/#organization\",\"name\":\"il libro libreria internazionale\",\"url\":\"https:\/\/www.il-libro.it\/\",\"sameAs\":[\"https:\/\/www.facebook.com\/IL-LIBRO-Libreria-Internazionale-2127680667458029\/?fref=ts\",\"https:\/\/www.instagram.com\/il.libro.internazionale\/\"],\"logo\":{\"@type\":\"ImageObject\",\"@id\":\"https:\/\/www.il-libro.it\/#logo\",\"inLanguage\":\"de-DE\",\"url\":\"https:\/\/www.il-libro.it\/wp-content\/uploads\/2017\/03\/logo.png\",\"contentUrl\":\"https:\/\/www.il-libro.it\/wp-content\/uploads\/2017\/03\/logo.png\",\"width\":180,\"height\":90,\"caption\":\"il libro libreria internazionale\"},\"image\":{\"@id\":\"https:\/\/www.il-libro.it\/#logo\"}},{\"@type\":\"WebSite\",\"@id\":\"https:\/\/www.il-libro.it\/#website\",\"url\":\"https:\/\/www.il-libro.it\/\",\"name\":\"Il Libro - Libreria Internazionale\",\"description\":\"Benvenuti nella libreria internazionale\",\"publisher\":{\"@id\":\"https:\/\/www.il-libro.it\/#organization\"},\"potentialAction\":[{\"@type\":\"SearchAction\",\"target\":{\"@type\":\"EntryPoint\",\"urlTemplate\":\"https:\/\/www.il-libro.it\/?s={search_term_string}\"},\"query-input\":\"required name=search_term_string\"}],\"inLanguage\":\"de-DE\"},{\"@type\":\"ImageObject\",\"@id\":\"https:\/\/www.il-libro.it\/ein-nilpferd-in-der-badewanne\/#primaryimage\",\"inLanguage\":\"de-DE\",\"url\":\"https:\/\/www.il-libro.it\/wp-content\/uploads\/2020\/05\/NilpferdBadewanne.jpg\",\"contentUrl\":\"https:\/\/www.il-libro.it\/wp-content\/uploads\/2020\/05\/NilpferdBadewanne.jpg\",\"width\":1200,\"height\":1646},{\"@type\":\"WebPage\",\"@id\":\"https:\/\/www.il-libro.it\/ein-nilpferd-in-der-badewanne\/#webpage\",\"url\":\"https:\/\/www.il-libro.it\/ein-nilpferd-in-der-badewanne\/\",\"name\":\"Ein Nilpferd in der Badewanne - Il Libro - Libreria Internazionale\",\"isPartOf\":{\"@id\":\"https:\/\/www.il-libro.it\/#website\"},\"primaryImageOfPage\":{\"@id\":\"https:\/\/www.il-libro.it\/ein-nilpferd-in-der-badewanne\/#primaryimage\"},\"datePublished\":\"2021-03-16T14:01:48+00:00\",\"dateModified\":\"2021-03-16T14:11:30+00:00\",\"description\":\"Das Bilderbuch eignet sich hervorragend, um Kinder schrittweise an das Lesen heranzuf\\u00fchren.Willi m\\u00f6chte nicht zur Schule gehen. Das \\u00e4ndert sich, als eines Tages ein Nilpferd in der Wanne sitzt und mit in die Schule geht.\",\"breadcrumb\":{\"@id\":\"https:\/\/www.il-libro.it\/ein-nilpferd-in-der-badewanne\/#breadcrumb\"},\"inLanguage\":\"de-DE\",\"potentialAction\":[{\"@type\":\"ReadAction\",\"target\":[\"https:\/\/www.il-libro.it\/ein-nilpferd-in-der-badewanne\/\"]}]},{\"@type\":\"BreadcrumbList\",\"@id\":\"https:\/\/www.il-libro.it\/ein-nilpferd-in-der-badewanne\/#breadcrumb\",\"itemListElement\":[{\"@type\":\"ListItem\",\"position\":1,\"name\":\"Home\",\"item\":\"https:\/\/www.il-libro.it\/de\/\"},{\"@type\":\"ListItem\",\"position\":2,\"name\":\"Ein Nilpferd in der Badewanne\"}]},{\"@type\":\"Article\",\"@id\":\"https:\/\/www.il-libro.it\/ein-nilpferd-in-der-badewanne\/#article\",\"isPartOf\":{\"@id\":\"https:\/\/www.il-libro.it\/ein-nilpferd-in-der-badewanne\/#webpage\"},\"author\":{\"@id\":\"https:\/\/www.il-libro.it\/#\/schema\/person\/6a34e9b4cc72b2d269e1ae45dcb83083\"},\"headline\":\"Ein Nilpferd in der Badewanne\",\"datePublished\":\"2021-03-16T14:01:48+00:00\",\"dateModified\":\"2021-03-16T14:11:30+00:00\",\"mainEntityOfPage\":{\"@id\":\"https:\/\/www.il-libro.it\/ein-nilpferd-in-der-badewanne\/#webpage\"},\"wordCount\":100,\"commentCount\":0,\"publisher\":{\"@id\":\"https:\/\/www.il-libro.it\/#organization\"},\"image\":{\"@id\":\"https:\/\/www.il-libro.it\/ein-nilpferd-in-der-badewanne\/#primaryimage\"},\"thumbnailUrl\":\"https:\/\/www.il-libro.it\/wp-content\/uploads\/2020\/05\/NilpferdBadewanne.jpg\",\"articleSection\":[\"1. Klasse\"],\"inLanguage\":\"de-DE\",\"potentialAction\":[{\"@type\":\"CommentAction\",\"name\":\"Comment\",\"target\":[\"https:\/\/www.il-libro.it\/ein-nilpferd-in-der-badewanne\/#respond\"]}]},{\"@type\":\"Person\",\"@id\":\"https:\/\/www.il-libro.it\/#\/schema\/person\/6a34e9b4cc72b2d269e1ae45dcb83083\",\"name\":\"Anna\",\"image\":{\"@type\":\"ImageObject\",\"@id\":\"https:\/\/www.il-libro.it\/#personlogo\",\"inLanguage\":\"de-DE\",\"url\":\"https:\/\/secure.gravatar.com\/avatar\/5446c35a665205777a696408926ad672?s=96&d=mm&r=g\",\"contentUrl\":\"https:\/\/secure.gravatar.com\/avatar\/5446c35a665205777a696408926ad672?s=96&d=mm&r=g\",\"caption\":\"Anna\"}}]}<\/script>\n<!-- \/ Yoast SEO plugin. -->","yoast_head_json":{"title":"Ein Nilpferd in der Badewanne - Il Libro - Libreria Internazionale","description":"Das Bilderbuch eignet sich hervorragend, um Kinder schrittweise an das Lesen heranzuf\u00fchren.Willi m\u00f6chte nicht zur Schule gehen. Das \u00e4ndert sich, als eines Tages ein Nilpferd in der Wanne sitzt und mit in die Schule geht.","robots":{"index":"index","follow":"follow","max-snippet":"max-snippet:-1","max-image-preview":"max-image-preview:large","max-video-preview":"max-video-preview:-1"},"canonical":"https:\/\/www.il-libro.it\/de\/ein-nilpferd-in-der-badewanne\/","og_locale":"de_DE","og_type":"article","og_title":"Ein Nilpferd in der Badewanne - Il Libro - Libreria Internazionale","og_description":"Das Bilderbuch eignet sich hervorragend, um Kinder schrittweise an das Lesen heranzuf\u00fchren.Willi m\u00f6chte nicht zur Schule gehen. Das \u00e4ndert sich, als eines Tages ein Nilpferd in der Wanne sitzt und mit in die Schule geht.","og_url":"https:\/\/www.il-libro.it\/ein-nilpferd-in-der-badewanne\/","og_site_name":"Il Libro - Libreria Internazionale","article_publisher":"https:\/\/www.facebook.com\/IL-LIBRO-Libreria-Internazionale-2127680667458029\/?fref=ts","article_published_time":"2021-03-16T14:01:48+00:00","article_modified_time":"2021-03-16T14:11:30+00:00","og_image":[{"width":1200,"height":1646,"url":"https:\/\/www.il-libro.it\/wp-content\/uploads\/2020\/05\/NilpferdBadewanne.jpg","path":"\/var\/www\/vhosts\/il-libro.it\/httpdocs\/wp-content\/uploads\/2020\/05\/NilpferdBadewanne.jpg","size":"full","id":109134,"alt":"","pixels":1975200,"type":"image\/jpeg"}],"twitter_card":"summary_large_image","twitter_misc":{"Verfasst von":"Anna","Gesch\u00e4tzte Lesezeit":"1 Minute"},"schema":{"@context":"https:\/\/schema.org","@graph":[{"@type":"Organization","@id":"https:\/\/www.il-libro.it\/#organization","name":"il libro libreria internazionale","url":"https:\/\/www.il-libro.it\/","sameAs":["https:\/\/www.facebook.com\/IL-LIBRO-Libreria-Internazionale-2127680667458029\/?fref=ts","https:\/\/www.instagram.com\/il.libro.internazionale\/"],"logo":{"@type":"ImageObject","@id":"https:\/\/www.il-libro.it\/#logo","inLanguage":"de-DE","url":"https:\/\/www.il-libro.it\/wp-content\/uploads\/2017\/03\/logo.png","contentUrl":"https:\/\/www.il-libro.it\/wp-content\/uploads\/2017\/03\/logo.png","width":180,"height":90,"caption":"il libro libreria internazionale"},"image":{"@id":"https:\/\/www.il-libro.it\/#logo"}},{"@type":"WebSite","@id":"https:\/\/www.il-libro.it\/#website","url":"https:\/\/www.il-libro.it\/","name":"Il Libro - Libreria Internazionale","description":"Benvenuti nella libreria internazionale","publisher":{"@id":"https:\/\/www.il-libro.it\/#organization"},"potentialAction":[{"@type":"SearchAction","target":{"@type":"EntryPoint","urlTemplate":"https:\/\/www.il-libro.it\/?s={search_term_string}"},"query-input":"required name=search_term_string"}],"inLanguage":"de-DE"},{"@type":"ImageObject","@id":"https:\/\/www.il-libro.it\/ein-nilpferd-in-der-badewanne\/#primaryimage","inLanguage":"de-DE","url":"https:\/\/www.il-libro.it\/wp-content\/uploads\/2020\/05\/NilpferdBadewanne.jpg","contentUrl":"https:\/\/www.il-libro.it\/wp-content\/uploads\/2020\/05\/NilpferdBadewanne.jpg","width":1200,"height":1646},{"@type":"WebPage","@id":"https:\/\/www.il-libro.it\/ein-nilpferd-in-der-badewanne\/#webpage","url":"https:\/\/www.il-libro.it\/ein-nilpferd-in-der-badewanne\/","name":"Ein Nilpferd in der Badewanne - Il Libro - Libreria Internazionale","isPartOf":{"@id":"https:\/\/www.il-libro.it\/#website"},"primaryImageOfPage":{"@id":"https:\/\/www.il-libro.it\/ein-nilpferd-in-der-badewanne\/#primaryimage"},"datePublished":"2021-03-16T14:01:48+00:00","dateModified":"2021-03-16T14:11:30+00:00","description":"Das Bilderbuch eignet sich hervorragend, um Kinder schrittweise an das Lesen heranzuf\u00fchren.Willi m\u00f6chte nicht zur Schule gehen. Das \u00e4ndert sich, als eines Tages ein Nilpferd in der Wanne sitzt und mit in die Schule geht.","breadcrumb":{"@id":"https:\/\/www.il-libro.it\/ein-nilpferd-in-der-badewanne\/#breadcrumb"},"inLanguage":"de-DE","potentialAction":[{"@type":"ReadAction","target":["https:\/\/www.il-libro.it\/ein-nilpferd-in-der-badewanne\/"]}]},{"@type":"BreadcrumbList","@id":"https:\/\/www.il-libro.it\/ein-nilpferd-in-der-badewanne\/#breadcrumb","itemListElement":[{"@type":"ListItem","position":1,"name":"Home","item":"https:\/\/www.il-libro.it\/de\/"},{"@type":"ListItem","position":2,"name":"Ein Nilpferd in der Badewanne"}]},{"@type":"Article","@id":"https:\/\/www.il-libro.it\/ein-nilpferd-in-der-badewanne\/#article","isPartOf":{"@id":"https:\/\/www.il-libro.it\/ein-nilpferd-in-der-badewanne\/#webpage"},"author":{"@id":"https:\/\/www.il-libro.it\/#\/schema\/person\/6a34e9b4cc72b2d269e1ae45dcb83083"},"headline":"Ein Nilpferd in der Badewanne","datePublished":"2021-03-16T14:01:48+00:00","dateModified":"2021-03-16T14:11:30+00:00","mainEntityOfPage":{"@id":"https:\/\/www.il-libro.it\/ein-nilpferd-in-der-badewanne\/#webpage"},"wordCount":100,"commentCount":0,"publisher":{"@id":"https:\/\/www.il-libro.it\/#organization"},"image":{"@id":"https:\/\/www.il-libro.it\/ein-nilpferd-in-der-badewanne\/#primaryimage"},"thumbnailUrl":"https:\/\/www.il-libro.it\/wp-content\/uploads\/2020\/05\/NilpferdBadewanne.jpg","articleSection":["1. Klasse"],"inLanguage":"de-DE","potentialAction":[{"@type":"CommentAction","name":"Comment","target":["https:\/\/www.il-libro.it\/ein-nilpferd-in-der-badewanne\/#respond"]}]},{"@type":"Person","@id":"https:\/\/www.il-libro.it\/#\/schema\/person\/6a34e9b4cc72b2d269e1ae45dcb83083","name":"Anna","image":{"@type":"ImageObject","@id":"https:\/\/www.il-libro.it\/#personlogo","inLanguage":"de-DE","url":"https:\/\/secure.gravatar.com\/avatar\/5446c35a665205777a696408926ad672?s=96&d=mm&r=g","contentUrl":"https:\/\/secure.gravatar.com\/avatar\/5446c35a665205777a696408926ad672?s=96&d=mm&r=g","caption":"Anna"}}]}},"_links":{"self":[{"href":"https:\/\/www.il-libro.it\/de\/wp-json\/wp\/v2\/posts\/115175"}],"collection":[{"href":"https:\/\/www.il-libro.it\/de\/wp-json\/wp\/v2\/posts"}],"about":[{"href":"https:\/\/www.il-libro.it\/de\/wp-json\/wp\/v2\/types\/post"}],"author":[{"embeddable":true,"href":"https:\/\/www.il-libro.it\/de\/wp-json\/wp\/v2\/users\/5"}],"replies":[{"embeddable":true,"href":"https:\/\/www.il-libro.it\/de\/wp-json\/wp\/v2\/comments?post=115175"}],"version-history":[{"count":1,"href":"https:\/\/www.il-libro.it\/de\/wp-json\/wp\/v2\/posts\/115175\/revisions"}],"predecessor-version":[{"id":115177,"href":"https:\/\/www.il-libro.it\/de\/wp-json\/wp\/v2\/posts\/115175\/revisions\/115177"}],"wp:featuredmedia":[{"embeddable":true,"href":"https:\/\/www.il-libro.it\/de\/wp-json\/wp\/v2\/media\/109134"}],"wp:attachment":[{"href":"https:\/\/www.il-libro.it\/de\/wp-json\/wp\/v2\/media?parent=115175"}],"wp:term":[{"taxonomy":"category","embeddable":true,"href":"https:\/\/www.il-libro.it\/de\/wp-json\/wp\/v2\/categories?post=115175"},{"taxonomy":"post_tag","embeddable":true,"href":"https:\/\/www.il-libro.it\/de\/wp-json\/wp\/v2\/tags?post=115175"}],"curies":[{"name":"wp","href":"https:\/\/api.w.org\/{rel}","templated":true}]}}