{"id":115201,"date":"2021-03-18T09:56:56","date_gmt":"2021-03-18T08:56:56","guid":{"rendered":"https:\/\/www.il-libro.it\/?p=115201"},"modified":"2021-03-18T09:56:56","modified_gmt":"2021-03-18T08:56:56","slug":"das-sommergeheimnis-detektivburo-lassemaja","status":"publish","type":"post","link":"https:\/\/www.il-libro.it\/de\/das-sommergeheimnis-detektivburo-lassemaja\/","title":{"rendered":"Das Sommergeheimnis &#8211; Detektivb\u00fcro LasseMaja"},"content":{"rendered":"<div class=\"separatore\">\n<h1 style=\"text-align: center;\"><img class=\"aligncenter wp-image-109177\" src=\"https:\/\/www.il-libro.it\/wp-content\/uploads\/2020\/05\/WidmarkSommergeheimnis.jpg\" alt=\"\" width=\"100\" height=\"141\" \/><\/h1>\n<h1 style=\"text-align: center;\">Das Sommergeheimnis<\/h1>\n<p style=\"text-align: center;\"><span style=\"color: #000080;\"><strong>aus der Reihe Detektivb\u00fcro LasseMaja<\/strong><\/span><\/p>\n<p>Lasse und Maja fahren in den Sommerferien zum Campen. Dort treffen sie auf ihre Freundin Miranda und deren Affen Sylvester. Doch kurz darauf ist Sylvester wie vom Erdboden verschluckt. K\u00f6nnen sie das R\u00e4tsel um den verschwundenen Affen l\u00f6sen?<\/p>\n<p>Zudem enth\u00e4lt dieser Band viele spannende R\u00e4tsel und Mitmachseiten.<\/p>\n<p><strong>Durante il campeggio scompare la scimmietta Sylvester. Riusciranno Lasse e Maja a scoprire che cosa sia successo?<\/strong><\/p>\n<p>Bestellen an <a href=\"mailto:info@il-libro.it\" target=\"_blank\" rel=\"noopener\">info@il-libro.it<\/a><\/p>\n<\/div>\n","protected":false},"excerpt":{"rendered":"<p>Das Sommergeheimnis aus der Reihe Detektivb\u00fcro LasseMaja Lasse und Maja fahren in den Sommerferien zum Campen. Dort treffen sie auf ihre Freundin Miranda und deren Affen Sylvester. Doch kurz darauf ist Sylvester wie vom Erdboden verschluckt. K\u00f6nnen sie das R\u00e4tsel um den verschwundenen Affen l\u00f6sen? Zudem enth\u00e4lt dieser Band viele spannende R\u00e4tsel und Mitmachseiten. Durante&hellip;<\/p>\n","protected":false},"author":5,"featured_media":109177,"comment_status":"open","ping_status":"open","sticky":false,"template":"","format":"standard","meta":[],"categories":[333],"tags":[],"yoast_head":"<!-- This site is optimized with the Yoast SEO plugin v17.2.1 - https:\/\/yoast.com\/wordpress\/plugins\/seo\/ -->\n<title>Das Sommergeheimnis - Detektivb\u00fcro LasseMaja - Il Libro - Libreria Internazionale<\/title>\n<meta name=\"description\" content=\"Lasse und Maja fahren in den Sommerferien zum Campen. Dort treffen sie auf ihre Freundin Miranda und deren Affen Sylvester.\" \/>\n<meta name=\"robots\" content=\"index, follow, max-snippet:-1, max-image-preview:large, max-video-preview:-1\" \/>\n<link rel=\"canonical\" href=\"https:\/\/www.il-libro.it\/de\/das-sommergeheimnis-detektivburo-lassemaja\/\" \/>\n<meta property=\"og:locale\" content=\"de_DE\" \/>\n<meta property=\"og:type\" content=\"article\" \/>\n<meta property=\"og:title\" content=\"Das Sommergeheimnis - Detektivb\u00fcro LasseMaja - Il Libro - Libreria Internazionale\" \/>\n<meta property=\"og:description\" content=\"Lasse und Maja fahren in den Sommerferien zum Campen. Dort treffen sie auf ihre Freundin Miranda und deren Affen Sylvester.\" \/>\n<meta property=\"og:url\" content=\"https:\/\/www.il-libro.it\/das-sommergeheimnis-detektivburo-lassemaja\/\" \/>\n<meta property=\"og:site_name\" content=\"Il Libro - Libreria Internazionale\" \/>\n<meta property=\"article:publisher\" content=\"https:\/\/www.facebook.com\/IL-LIBRO-Libreria-Internazionale-2127680667458029\/?fref=ts\" \/>\n<meta property=\"article:published_time\" content=\"2021-03-18T08:56:56+00:00\" \/>\n<meta property=\"og:image\" content=\"https:\/\/www.il-libro.it\/wp-content\/uploads\/2020\/05\/WidmarkSommergeheimnis.jpg\" \/>\n\t<meta property=\"og:image:width\" content=\"354\" \/>\n\t<meta property=\"og:image:height\" content=\"500\" \/>\n<meta name=\"twitter:card\" content=\"summary_large_image\" \/>\n<meta name=\"twitter:label1\" content=\"Verfasst von\" \/>\n\t<meta name=\"twitter:data1\" content=\"Anna\" \/>\n\t<meta name=\"twitter:label2\" content=\"Gesch\u00e4tzte Lesezeit\" \/>\n\t<meta name=\"twitter:data2\" content=\"1 Minute\" \/>\n<script type=\"application\/ld+json\" class=\"yoast-schema-graph\">{\"@context\":\"https:\/\/schema.org\",\"@graph\":[{\"@type\":\"Organization\",\"@id\":\"https:\/\/www.il-libro.it\/#organization\",\"name\":\"il libro libreria internazionale\",\"url\":\"https:\/\/www.il-libro.it\/\",\"sameAs\":[\"https:\/\/www.facebook.com\/IL-LIBRO-Libreria-Internazionale-2127680667458029\/?fref=ts\",\"https:\/\/www.instagram.com\/il.libro.internazionale\/\"],\"logo\":{\"@type\":\"ImageObject\",\"@id\":\"https:\/\/www.il-libro.it\/#logo\",\"inLanguage\":\"de-DE\",\"url\":\"https:\/\/www.il-libro.it\/wp-content\/uploads\/2017\/03\/logo.png\",\"contentUrl\":\"https:\/\/www.il-libro.it\/wp-content\/uploads\/2017\/03\/logo.png\",\"width\":180,\"height\":90,\"caption\":\"il libro libreria internazionale\"},\"image\":{\"@id\":\"https:\/\/www.il-libro.it\/#logo\"}},{\"@type\":\"WebSite\",\"@id\":\"https:\/\/www.il-libro.it\/#website\",\"url\":\"https:\/\/www.il-libro.it\/\",\"name\":\"Il Libro - Libreria Internazionale\",\"description\":\"Benvenuti nella libreria internazionale\",\"publisher\":{\"@id\":\"https:\/\/www.il-libro.it\/#organization\"},\"potentialAction\":[{\"@type\":\"SearchAction\",\"target\":{\"@type\":\"EntryPoint\",\"urlTemplate\":\"https:\/\/www.il-libro.it\/?s={search_term_string}\"},\"query-input\":\"required name=search_term_string\"}],\"inLanguage\":\"de-DE\"},{\"@type\":\"ImageObject\",\"@id\":\"https:\/\/www.il-libro.it\/das-sommergeheimnis-detektivburo-lassemaja\/#primaryimage\",\"inLanguage\":\"de-DE\",\"url\":\"https:\/\/www.il-libro.it\/wp-content\/uploads\/2020\/05\/WidmarkSommergeheimnis.jpg\",\"contentUrl\":\"https:\/\/www.il-libro.it\/wp-content\/uploads\/2020\/05\/WidmarkSommergeheimnis.jpg\",\"width\":354,\"height\":500},{\"@type\":\"WebPage\",\"@id\":\"https:\/\/www.il-libro.it\/das-sommergeheimnis-detektivburo-lassemaja\/#webpage\",\"url\":\"https:\/\/www.il-libro.it\/das-sommergeheimnis-detektivburo-lassemaja\/\",\"name\":\"Das Sommergeheimnis - Detektivb\\u00fcro LasseMaja - Il Libro - Libreria Internazionale\",\"isPartOf\":{\"@id\":\"https:\/\/www.il-libro.it\/#website\"},\"primaryImageOfPage\":{\"@id\":\"https:\/\/www.il-libro.it\/das-sommergeheimnis-detektivburo-lassemaja\/#primaryimage\"},\"datePublished\":\"2021-03-18T08:56:56+00:00\",\"dateModified\":\"2021-03-18T08:56:56+00:00\",\"description\":\"Lasse und Maja fahren in den Sommerferien zum Campen. Dort treffen sie auf ihre Freundin Miranda und deren Affen Sylvester.\",\"breadcrumb\":{\"@id\":\"https:\/\/www.il-libro.it\/das-sommergeheimnis-detektivburo-lassemaja\/#breadcrumb\"},\"inLanguage\":\"de-DE\",\"potentialAction\":[{\"@type\":\"ReadAction\",\"target\":[\"https:\/\/www.il-libro.it\/das-sommergeheimnis-detektivburo-lassemaja\/\"]}]},{\"@type\":\"BreadcrumbList\",\"@id\":\"https:\/\/www.il-libro.it\/das-sommergeheimnis-detektivburo-lassemaja\/#breadcrumb\",\"itemListElement\":[{\"@type\":\"ListItem\",\"position\":1,\"name\":\"Home\",\"item\":\"https:\/\/www.il-libro.it\/de\/\"},{\"@type\":\"ListItem\",\"position\":2,\"name\":\"Das Sommergeheimnis &#8211; Detektivb\\u00fcro LasseMaja\"}]},{\"@type\":\"Article\",\"@id\":\"https:\/\/www.il-libro.it\/das-sommergeheimnis-detektivburo-lassemaja\/#article\",\"isPartOf\":{\"@id\":\"https:\/\/www.il-libro.it\/das-sommergeheimnis-detektivburo-lassemaja\/#webpage\"},\"author\":{\"@id\":\"https:\/\/www.il-libro.it\/#\/schema\/person\/6a34e9b4cc72b2d269e1ae45dcb83083\"},\"headline\":\"Das Sommergeheimnis &#8211; Detektivb\\u00fcro LasseMaja\",\"datePublished\":\"2021-03-18T08:56:56+00:00\",\"dateModified\":\"2021-03-18T08:56:56+00:00\",\"mainEntityOfPage\":{\"@id\":\"https:\/\/www.il-libro.it\/das-sommergeheimnis-detektivburo-lassemaja\/#webpage\"},\"wordCount\":88,\"commentCount\":0,\"publisher\":{\"@id\":\"https:\/\/www.il-libro.it\/#organization\"},\"image\":{\"@id\":\"https:\/\/www.il-libro.it\/das-sommergeheimnis-detektivburo-lassemaja\/#primaryimage\"},\"thumbnailUrl\":\"https:\/\/www.il-libro.it\/wp-content\/uploads\/2020\/05\/WidmarkSommergeheimnis.jpg\",\"articleSection\":[\"3. Klasse\"],\"inLanguage\":\"de-DE\",\"potentialAction\":[{\"@type\":\"CommentAction\",\"name\":\"Comment\",\"target\":[\"https:\/\/www.il-libro.it\/das-sommergeheimnis-detektivburo-lassemaja\/#respond\"]}]},{\"@type\":\"Person\",\"@id\":\"https:\/\/www.il-libro.it\/#\/schema\/person\/6a34e9b4cc72b2d269e1ae45dcb83083\",\"name\":\"Anna\",\"image\":{\"@type\":\"ImageObject\",\"@id\":\"https:\/\/www.il-libro.it\/#personlogo\",\"inLanguage\":\"de-DE\",\"url\":\"https:\/\/secure.gravatar.com\/avatar\/5446c35a665205777a696408926ad672?s=96&d=mm&r=g\",\"contentUrl\":\"https:\/\/secure.gravatar.com\/avatar\/5446c35a665205777a696408926ad672?s=96&d=mm&r=g\",\"caption\":\"Anna\"}}]}<\/script>\n<!-- \/ Yoast SEO plugin. -->","yoast_head_json":{"title":"Das Sommergeheimnis - Detektivb\u00fcro LasseMaja - Il Libro - Libreria Internazionale","description":"Lasse und Maja fahren in den Sommerferien zum Campen. Dort treffen sie auf ihre Freundin Miranda und deren Affen Sylvester.","robots":{"index":"index","follow":"follow","max-snippet":"max-snippet:-1","max-image-preview":"max-image-preview:large","max-video-preview":"max-video-preview:-1"},"canonical":"https:\/\/www.il-libro.it\/de\/das-sommergeheimnis-detektivburo-lassemaja\/","og_locale":"de_DE","og_type":"article","og_title":"Das Sommergeheimnis - Detektivb\u00fcro LasseMaja - Il Libro - Libreria Internazionale","og_description":"Lasse und Maja fahren in den Sommerferien zum Campen. Dort treffen sie auf ihre Freundin Miranda und deren Affen Sylvester.","og_url":"https:\/\/www.il-libro.it\/das-sommergeheimnis-detektivburo-lassemaja\/","og_site_name":"Il Libro - Libreria Internazionale","article_publisher":"https:\/\/www.facebook.com\/IL-LIBRO-Libreria-Internazionale-2127680667458029\/?fref=ts","article_published_time":"2021-03-18T08:56:56+00:00","og_image":[{"width":354,"height":500,"url":"https:\/\/www.il-libro.it\/wp-content\/uploads\/2020\/05\/WidmarkSommergeheimnis.jpg","path":"\/var\/www\/vhosts\/il-libro.it\/httpdocs\/wp-content\/uploads\/2020\/05\/WidmarkSommergeheimnis.jpg","size":"full","id":109177,"alt":"","pixels":177000,"type":"image\/jpeg"}],"twitter_card":"summary_large_image","twitter_misc":{"Verfasst von":"Anna","Gesch\u00e4tzte Lesezeit":"1 Minute"},"schema":{"@context":"https:\/\/schema.org","@graph":[{"@type":"Organization","@id":"https:\/\/www.il-libro.it\/#organization","name":"il libro libreria internazionale","url":"https:\/\/www.il-libro.it\/","sameAs":["https:\/\/www.facebook.com\/IL-LIBRO-Libreria-Internazionale-2127680667458029\/?fref=ts","https:\/\/www.instagram.com\/il.libro.internazionale\/"],"logo":{"@type":"ImageObject","@id":"https:\/\/www.il-libro.it\/#logo","inLanguage":"de-DE","url":"https:\/\/www.il-libro.it\/wp-content\/uploads\/2017\/03\/logo.png","contentUrl":"https:\/\/www.il-libro.it\/wp-content\/uploads\/2017\/03\/logo.png","width":180,"height":90,"caption":"il libro libreria internazionale"},"image":{"@id":"https:\/\/www.il-libro.it\/#logo"}},{"@type":"WebSite","@id":"https:\/\/www.il-libro.it\/#website","url":"https:\/\/www.il-libro.it\/","name":"Il Libro - Libreria Internazionale","description":"Benvenuti nella libreria internazionale","publisher":{"@id":"https:\/\/www.il-libro.it\/#organization"},"potentialAction":[{"@type":"SearchAction","target":{"@type":"EntryPoint","urlTemplate":"https:\/\/www.il-libro.it\/?s={search_term_string}"},"query-input":"required name=search_term_string"}],"inLanguage":"de-DE"},{"@type":"ImageObject","@id":"https:\/\/www.il-libro.it\/das-sommergeheimnis-detektivburo-lassemaja\/#primaryimage","inLanguage":"de-DE","url":"https:\/\/www.il-libro.it\/wp-content\/uploads\/2020\/05\/WidmarkSommergeheimnis.jpg","contentUrl":"https:\/\/www.il-libro.it\/wp-content\/uploads\/2020\/05\/WidmarkSommergeheimnis.jpg","width":354,"height":500},{"@type":"WebPage","@id":"https:\/\/www.il-libro.it\/das-sommergeheimnis-detektivburo-lassemaja\/#webpage","url":"https:\/\/www.il-libro.it\/das-sommergeheimnis-detektivburo-lassemaja\/","name":"Das Sommergeheimnis - Detektivb\u00fcro LasseMaja - Il Libro - Libreria Internazionale","isPartOf":{"@id":"https:\/\/www.il-libro.it\/#website"},"primaryImageOfPage":{"@id":"https:\/\/www.il-libro.it\/das-sommergeheimnis-detektivburo-lassemaja\/#primaryimage"},"datePublished":"2021-03-18T08:56:56+00:00","dateModified":"2021-03-18T08:56:56+00:00","description":"Lasse und Maja fahren in den Sommerferien zum Campen. Dort treffen sie auf ihre Freundin Miranda und deren Affen Sylvester.","breadcrumb":{"@id":"https:\/\/www.il-libro.it\/das-sommergeheimnis-detektivburo-lassemaja\/#breadcrumb"},"inLanguage":"de-DE","potentialAction":[{"@type":"ReadAction","target":["https:\/\/www.il-libro.it\/das-sommergeheimnis-detektivburo-lassemaja\/"]}]},{"@type":"BreadcrumbList","@id":"https:\/\/www.il-libro.it\/das-sommergeheimnis-detektivburo-lassemaja\/#breadcrumb","itemListElement":[{"@type":"ListItem","position":1,"name":"Home","item":"https:\/\/www.il-libro.it\/de\/"},{"@type":"ListItem","position":2,"name":"Das Sommergeheimnis &#8211; Detektivb\u00fcro LasseMaja"}]},{"@type":"Article","@id":"https:\/\/www.il-libro.it\/das-sommergeheimnis-detektivburo-lassemaja\/#article","isPartOf":{"@id":"https:\/\/www.il-libro.it\/das-sommergeheimnis-detektivburo-lassemaja\/#webpage"},"author":{"@id":"https:\/\/www.il-libro.it\/#\/schema\/person\/6a34e9b4cc72b2d269e1ae45dcb83083"},"headline":"Das Sommergeheimnis &#8211; Detektivb\u00fcro LasseMaja","datePublished":"2021-03-18T08:56:56+00:00","dateModified":"2021-03-18T08:56:56+00:00","mainEntityOfPage":{"@id":"https:\/\/www.il-libro.it\/das-sommergeheimnis-detektivburo-lassemaja\/#webpage"},"wordCount":88,"commentCount":0,"publisher":{"@id":"https:\/\/www.il-libro.it\/#organization"},"image":{"@id":"https:\/\/www.il-libro.it\/das-sommergeheimnis-detektivburo-lassemaja\/#primaryimage"},"thumbnailUrl":"https:\/\/www.il-libro.it\/wp-content\/uploads\/2020\/05\/WidmarkSommergeheimnis.jpg","articleSection":["3. Klasse"],"inLanguage":"de-DE","potentialAction":[{"@type":"CommentAction","name":"Comment","target":["https:\/\/www.il-libro.it\/das-sommergeheimnis-detektivburo-lassemaja\/#respond"]}]},{"@type":"Person","@id":"https:\/\/www.il-libro.it\/#\/schema\/person\/6a34e9b4cc72b2d269e1ae45dcb83083","name":"Anna","image":{"@type":"ImageObject","@id":"https:\/\/www.il-libro.it\/#personlogo","inLanguage":"de-DE","url":"https:\/\/secure.gravatar.com\/avatar\/5446c35a665205777a696408926ad672?s=96&d=mm&r=g","contentUrl":"https:\/\/secure.gravatar.com\/avatar\/5446c35a665205777a696408926ad672?s=96&d=mm&r=g","caption":"Anna"}}]}},"_links":{"self":[{"href":"https:\/\/www.il-libro.it\/de\/wp-json\/wp\/v2\/posts\/115201"}],"collection":[{"href":"https:\/\/www.il-libro.it\/de\/wp-json\/wp\/v2\/posts"}],"about":[{"href":"https:\/\/www.il-libro.it\/de\/wp-json\/wp\/v2\/types\/post"}],"author":[{"embeddable":true,"href":"https:\/\/www.il-libro.it\/de\/wp-json\/wp\/v2\/users\/5"}],"replies":[{"embeddable":true,"href":"https:\/\/www.il-libro.it\/de\/wp-json\/wp\/v2\/comments?post=115201"}],"version-history":[{"count":1,"href":"https:\/\/www.il-libro.it\/de\/wp-json\/wp\/v2\/posts\/115201\/revisions"}],"predecessor-version":[{"id":115202,"href":"https:\/\/www.il-libro.it\/de\/wp-json\/wp\/v2\/posts\/115201\/revisions\/115202"}],"wp:featuredmedia":[{"embeddable":true,"href":"https:\/\/www.il-libro.it\/de\/wp-json\/wp\/v2\/media\/109177"}],"wp:attachment":[{"href":"https:\/\/www.il-libro.it\/de\/wp-json\/wp\/v2\/media?parent=115201"}],"wp:term":[{"taxonomy":"category","embeddable":true,"href":"https:\/\/www.il-libro.it\/de\/wp-json\/wp\/v2\/categories?post=115201"},{"taxonomy":"post_tag","embeddable":true,"href":"https:\/\/www.il-libro.it\/de\/wp-json\/wp\/v2\/tags?post=115201"}],"curies":[{"name":"wp","href":"https:\/\/api.w.org\/{rel}","templated":true}]}}