{"id":117538,"date":"2024-09-25T21:28:16","date_gmt":"2024-09-25T19:28:16","guid":{"rendered":"https:\/\/www.il-libro.it\/?p=117538"},"modified":"2024-09-26T17:04:59","modified_gmt":"2024-09-26T15:04:59","slug":"schattentanz","status":"publish","type":"post","link":"https:\/\/www.il-libro.it\/de\/schattentanz\/","title":{"rendered":"Schattentanz"},"content":{"rendered":"<div style=\"text-align: center;\">\n<p style=\"text-align: left;\">Unser aktuelles Leitmotiv ist:<\/p>\n<h3><span style=\"color: #ff0000;\"><strong>Spieglein, Spieglein an der Wand<\/strong><\/span><\/h3>\n<p style=\"text-align: left;\">Wir werden (Auto-) Biographien lesen, wie auch Lebensgeschichten von wichtigen und nicht ber\u00fchmten Personen, von Leuten, die uns bestimmt was zu sagen haben (zumindest so denkt der Schriftsteller*in \ud83d\ude42 ).<\/p>\n<p style=\"text-align: left;\">Sind wir soweit?<\/p>\n<p style=\"text-align: left;\">Hier unser B\u00fccherstapel<\/p>\n<ul>\n<li style=\"text-align: left;\">Tell von Joachim B. Schmidt<\/li>\n<li style=\"text-align: left;\">Geschichte meines Lebens von Adele Spitzeder<\/li>\n<li style=\"text-align: left;\">Anatomie der Wolken von Lea Singer<\/li>\n<li style=\"text-align: left;\">Verdi von Peter H\u00e4rtling<\/li>\n<li style=\"text-align: left;\">Monascella von Kerstin Holzer<\/li>\n<li style=\"text-align: left;\">Wir Kinder vom Bahnhof Zoo von Christiane F.<\/li>\n<li style=\"text-align: left;\">Wie alles kam von Paul Maar<\/li>\n<li style=\"text-align: left;\"><span style=\"color: #ff0000;\"><strong>Schattentanz von Lukas Hartmann<\/strong><\/span><\/li>\n<\/ul>\n<hr \/>\n<p>Konflikte &amp; Leidenschaft<\/p>\n<hr \/>\n<h3><span style=\"color: #000080;\"><strong><span style=\"color: #000080;\"><img class=\"aligncenter wp-image-117539\" src=\"https:\/\/www.il-libro.it\/wp-content\/uploads\/2024\/09\/HartmannSchattentanz-175x300.jpg\" alt=\"\" width=\"110\" height=\"189\" srcset=\"https:\/\/www.il-libro.it\/wp-content\/uploads\/2024\/09\/HartmannSchattentanz-175x300.jpg 175w, https:\/\/www.il-libro.it\/wp-content\/uploads\/2024\/09\/HartmannSchattentanz.jpg 583w\" sizes=\"(max-width: 110px) 100vw, 110px\" \/>Schattentanz<br \/>\n<\/span>Lukas Hartmann<br \/>\n<\/strong><\/span><\/h3>\n<h3 style=\"text-align: center;\"><span style=\"color: #000080;\"><strong><span style=\"color: #ff0000;\"><b>5. November 2024<br \/>\num 19.00 Uhr<\/b><\/span><\/strong><\/span><\/h3>\n<h3 style=\"text-align: center;\"><span style=\"color: #000080;\"><strong><br \/>\n<span style=\"color: #ff0000;\">ONLINE mit <em>anna e il libro<\/em><\/span><\/strong><\/span><\/h3>\n<\/div>\n<p>Heute z\u00e4hlt Louis Soutter zu den wichtigsten Vertretern der <em>Art brut<\/em>.<\/p>\n<p>Geboren 1871 als Sohn eines Apothekers und einer Musikerin, steht Louis Soutter unter dem strengen Regiment der Mutter Marie-C\u00e9cile. Wie auch der \u00e4ltere Bruder Albert und die j\u00fcngere Schwester Jeanne. Keines der drei Kinder kann die Erwartungen der Mutter erf\u00fcllen, alle leiden ein Leben lang unter ihrem Drill, ihrer H\u00e4rte und K\u00e4lte. &#8222;Sie ist eine Tyrannin&#8220;, sagt Louis als Erwachsener.<\/p>\n<p>Albert wird als Alkoholiker in einer Anstalt enden, Jeanne stirbt sehr fr\u00fch, wom\u00f6glich durch Suizid, auf jeden Fall infolge einer Depression. Louis verbringt die letzten 19 Jahre seines Lebens in einem Altenheim, eingewiesen im Alter von 52 Jahren.<\/p>\n<p>Wie kam es soweit?<br \/>\nVerschiedene Personen blicken auf Louis Soutter. In diesem Roman zwei davon berichten in der Ich-Form: der Cousin Charles-Edouard Le Corbusier und die Mutter.<\/p>\n<p>.<\/p>\n<p>Wir freuen uns sehr auf Ihre\/ Eure Anmeldung und bedanken uns schon im Voraus auf dem Beitrag der Schriftellerin.<\/p>\n<p>Mit einer Nachricht an <a href=\"mailto:info@il-libro.it\" target=\"_blank\" rel=\"noopener\">info@il-libro.it<\/a> k\u00f6nnen Sie sich anmelden und Sie bekommen den Zugangscode per Mail.<\/p>\n","protected":false},"excerpt":{"rendered":"<p>Unser aktuelles Leitmotiv ist: Spieglein, Spieglein an der Wand Wir werden (Auto-) Biographien lesen, wie auch Lebensgeschichten von wichtigen und nicht ber\u00fchmten Personen, von Leuten, die uns bestimmt was zu sagen haben (zumindest so denkt der Schriftsteller*in \ud83d\ude42 ). Sind wir soweit? Hier unser B\u00fccherstapel Tell von Joachim B. Schmidt Geschichte meines Lebens von Adele&hellip;<\/p>\n","protected":false},"author":3,"featured_media":117539,"comment_status":"open","ping_status":"open","sticky":false,"template":"","format":"standard","meta":[],"categories":[290],"tags":[],"yoast_head":"<!-- This site is optimized with the Yoast SEO plugin v17.2.1 - https:\/\/yoast.com\/wordpress\/plugins\/seo\/ -->\n<title>Schattentanz - Il Libro - Libreria Internazionale<\/title>\n<meta name=\"description\" content=\"Unter dem Motto &quot;Spieglein Spieglein an der Wand&quot; werden wir &quot;Schattentanz&quot; von Lukas Hartmann besprechen.\" \/>\n<meta name=\"robots\" content=\"index, follow, max-snippet:-1, max-image-preview:large, max-video-preview:-1\" \/>\n<link rel=\"canonical\" href=\"https:\/\/www.il-libro.it\/de\/schattentanz\/\" \/>\n<meta property=\"og:locale\" content=\"de_DE\" \/>\n<meta property=\"og:type\" content=\"article\" \/>\n<meta property=\"og:title\" content=\"Schattentanz - Il Libro - Libreria Internazionale\" \/>\n<meta property=\"og:description\" content=\"Unter dem Motto &quot;Spieglein Spieglein an der Wand&quot; werden wir &quot;Schattentanz&quot; von Lukas Hartmann besprechen.\" \/>\n<meta property=\"og:url\" content=\"https:\/\/www.il-libro.it\/schattentanz\/\" \/>\n<meta property=\"og:site_name\" content=\"Il Libro - Libreria Internazionale\" \/>\n<meta property=\"article:publisher\" content=\"https:\/\/www.facebook.com\/IL-LIBRO-Libreria-Internazionale-2127680667458029\/?fref=ts\" \/>\n<meta property=\"article:published_time\" content=\"2024-09-25T19:28:16+00:00\" \/>\n<meta property=\"article:modified_time\" content=\"2024-09-26T15:04:59+00:00\" \/>\n<meta property=\"og:image\" content=\"https:\/\/www.il-libro.it\/wp-content\/uploads\/2024\/09\/HartmannSchattentanz.jpg\" \/>\n\t<meta property=\"og:image:width\" content=\"583\" \/>\n\t<meta property=\"og:image:height\" content=\"1000\" \/>\n<meta name=\"twitter:card\" content=\"summary_large_image\" \/>\n<meta name=\"twitter:label1\" content=\"Verfasst von\" \/>\n\t<meta name=\"twitter:data1\" content=\"Marco Gironi\" \/>\n\t<meta name=\"twitter:label2\" content=\"Gesch\u00e4tzte Lesezeit\" \/>\n\t<meta name=\"twitter:data2\" content=\"2 Minuten\" \/>\n<script type=\"application\/ld+json\" class=\"yoast-schema-graph\">{\"@context\":\"https:\/\/schema.org\",\"@graph\":[{\"@type\":\"Organization\",\"@id\":\"https:\/\/www.il-libro.it\/#organization\",\"name\":\"il libro libreria internazionale\",\"url\":\"https:\/\/www.il-libro.it\/\",\"sameAs\":[\"https:\/\/www.facebook.com\/IL-LIBRO-Libreria-Internazionale-2127680667458029\/?fref=ts\",\"https:\/\/www.instagram.com\/il.libro.internazionale\/\"],\"logo\":{\"@type\":\"ImageObject\",\"@id\":\"https:\/\/www.il-libro.it\/#logo\",\"inLanguage\":\"de-DE\",\"url\":\"https:\/\/www.il-libro.it\/wp-content\/uploads\/2017\/03\/logo.png\",\"contentUrl\":\"https:\/\/www.il-libro.it\/wp-content\/uploads\/2017\/03\/logo.png\",\"width\":180,\"height\":90,\"caption\":\"il libro libreria internazionale\"},\"image\":{\"@id\":\"https:\/\/www.il-libro.it\/#logo\"}},{\"@type\":\"WebSite\",\"@id\":\"https:\/\/www.il-libro.it\/#website\",\"url\":\"https:\/\/www.il-libro.it\/\",\"name\":\"Il Libro - Libreria Internazionale\",\"description\":\"Benvenuti nella libreria internazionale\",\"publisher\":{\"@id\":\"https:\/\/www.il-libro.it\/#organization\"},\"potentialAction\":[{\"@type\":\"SearchAction\",\"target\":{\"@type\":\"EntryPoint\",\"urlTemplate\":\"https:\/\/www.il-libro.it\/?s={search_term_string}\"},\"query-input\":\"required name=search_term_string\"}],\"inLanguage\":\"de-DE\"},{\"@type\":\"ImageObject\",\"@id\":\"https:\/\/www.il-libro.it\/schattentanz\/#primaryimage\",\"inLanguage\":\"de-DE\",\"url\":\"https:\/\/www.il-libro.it\/wp-content\/uploads\/2024\/09\/HartmannSchattentanz.jpg\",\"contentUrl\":\"https:\/\/www.il-libro.it\/wp-content\/uploads\/2024\/09\/HartmannSchattentanz.jpg\",\"width\":583,\"height\":1000},{\"@type\":\"WebPage\",\"@id\":\"https:\/\/www.il-libro.it\/schattentanz\/#webpage\",\"url\":\"https:\/\/www.il-libro.it\/schattentanz\/\",\"name\":\"Schattentanz - Il Libro - Libreria Internazionale\",\"isPartOf\":{\"@id\":\"https:\/\/www.il-libro.it\/#website\"},\"primaryImageOfPage\":{\"@id\":\"https:\/\/www.il-libro.it\/schattentanz\/#primaryimage\"},\"datePublished\":\"2024-09-25T19:28:16+00:00\",\"dateModified\":\"2024-09-26T15:04:59+00:00\",\"description\":\"Unter dem Motto \\\"Spieglein Spieglein an der Wand\\\" werden wir \\\"Schattentanz\\\" von Lukas Hartmann besprechen.\",\"breadcrumb\":{\"@id\":\"https:\/\/www.il-libro.it\/schattentanz\/#breadcrumb\"},\"inLanguage\":\"de-DE\",\"potentialAction\":[{\"@type\":\"ReadAction\",\"target\":[\"https:\/\/www.il-libro.it\/schattentanz\/\"]}]},{\"@type\":\"BreadcrumbList\",\"@id\":\"https:\/\/www.il-libro.it\/schattentanz\/#breadcrumb\",\"itemListElement\":[{\"@type\":\"ListItem\",\"position\":1,\"name\":\"Home\",\"item\":\"https:\/\/www.il-libro.it\/de\/\"},{\"@type\":\"ListItem\",\"position\":2,\"name\":\"Schattentanz\"}]},{\"@type\":\"Article\",\"@id\":\"https:\/\/www.il-libro.it\/schattentanz\/#article\",\"isPartOf\":{\"@id\":\"https:\/\/www.il-libro.it\/schattentanz\/#webpage\"},\"author\":{\"@id\":\"https:\/\/www.il-libro.it\/#\/schema\/person\/eb036c9c1b4b3eeb29c0bcdf70429db9\"},\"headline\":\"Schattentanz\",\"datePublished\":\"2024-09-25T19:28:16+00:00\",\"dateModified\":\"2024-09-26T15:04:59+00:00\",\"mainEntityOfPage\":{\"@id\":\"https:\/\/www.il-libro.it\/schattentanz\/#webpage\"},\"wordCount\":286,\"commentCount\":0,\"publisher\":{\"@id\":\"https:\/\/www.il-libro.it\/#organization\"},\"image\":{\"@id\":\"https:\/\/www.il-libro.it\/schattentanz\/#primaryimage\"},\"thumbnailUrl\":\"https:\/\/www.il-libro.it\/wp-content\/uploads\/2024\/09\/HartmannSchattentanz.jpg\",\"articleSection\":[\"Literaturtreffen\"],\"inLanguage\":\"de-DE\",\"potentialAction\":[{\"@type\":\"CommentAction\",\"name\":\"Comment\",\"target\":[\"https:\/\/www.il-libro.it\/schattentanz\/#respond\"]}]},{\"@type\":\"Person\",\"@id\":\"https:\/\/www.il-libro.it\/#\/schema\/person\/eb036c9c1b4b3eeb29c0bcdf70429db9\",\"name\":\"Marco Gironi\",\"image\":{\"@type\":\"ImageObject\",\"@id\":\"https:\/\/www.il-libro.it\/#personlogo\",\"inLanguage\":\"de-DE\",\"url\":\"https:\/\/secure.gravatar.com\/avatar\/59de39c8c798f6ff42f67487686c1929?s=96&d=mm&r=g\",\"contentUrl\":\"https:\/\/secure.gravatar.com\/avatar\/59de39c8c798f6ff42f67487686c1929?s=96&d=mm&r=g\",\"caption\":\"Marco Gironi\"}}]}<\/script>\n<!-- \/ Yoast SEO plugin. -->","yoast_head_json":{"title":"Schattentanz - Il Libro - Libreria Internazionale","description":"Unter dem Motto \"Spieglein Spieglein an der Wand\" werden wir \"Schattentanz\" von Lukas Hartmann besprechen.","robots":{"index":"index","follow":"follow","max-snippet":"max-snippet:-1","max-image-preview":"max-image-preview:large","max-video-preview":"max-video-preview:-1"},"canonical":"https:\/\/www.il-libro.it\/de\/schattentanz\/","og_locale":"de_DE","og_type":"article","og_title":"Schattentanz - Il Libro - Libreria Internazionale","og_description":"Unter dem Motto \"Spieglein Spieglein an der Wand\" werden wir \"Schattentanz\" von Lukas Hartmann besprechen.","og_url":"https:\/\/www.il-libro.it\/schattentanz\/","og_site_name":"Il Libro - Libreria Internazionale","article_publisher":"https:\/\/www.facebook.com\/IL-LIBRO-Libreria-Internazionale-2127680667458029\/?fref=ts","article_published_time":"2024-09-25T19:28:16+00:00","article_modified_time":"2024-09-26T15:04:59+00:00","og_image":[{"width":583,"height":1000,"url":"https:\/\/www.il-libro.it\/wp-content\/uploads\/2024\/09\/HartmannSchattentanz.jpg","path":"\/var\/www\/vhosts\/il-libro.it\/httpdocs\/wp-content\/uploads\/2024\/09\/HartmannSchattentanz.jpg","size":"full","id":117539,"alt":"","pixels":583000,"type":"image\/jpeg"}],"twitter_card":"summary_large_image","twitter_misc":{"Verfasst von":"Marco Gironi","Gesch\u00e4tzte Lesezeit":"2 Minuten"},"schema":{"@context":"https:\/\/schema.org","@graph":[{"@type":"Organization","@id":"https:\/\/www.il-libro.it\/#organization","name":"il libro libreria internazionale","url":"https:\/\/www.il-libro.it\/","sameAs":["https:\/\/www.facebook.com\/IL-LIBRO-Libreria-Internazionale-2127680667458029\/?fref=ts","https:\/\/www.instagram.com\/il.libro.internazionale\/"],"logo":{"@type":"ImageObject","@id":"https:\/\/www.il-libro.it\/#logo","inLanguage":"de-DE","url":"https:\/\/www.il-libro.it\/wp-content\/uploads\/2017\/03\/logo.png","contentUrl":"https:\/\/www.il-libro.it\/wp-content\/uploads\/2017\/03\/logo.png","width":180,"height":90,"caption":"il libro libreria internazionale"},"image":{"@id":"https:\/\/www.il-libro.it\/#logo"}},{"@type":"WebSite","@id":"https:\/\/www.il-libro.it\/#website","url":"https:\/\/www.il-libro.it\/","name":"Il Libro - Libreria Internazionale","description":"Benvenuti nella libreria internazionale","publisher":{"@id":"https:\/\/www.il-libro.it\/#organization"},"potentialAction":[{"@type":"SearchAction","target":{"@type":"EntryPoint","urlTemplate":"https:\/\/www.il-libro.it\/?s={search_term_string}"},"query-input":"required name=search_term_string"}],"inLanguage":"de-DE"},{"@type":"ImageObject","@id":"https:\/\/www.il-libro.it\/schattentanz\/#primaryimage","inLanguage":"de-DE","url":"https:\/\/www.il-libro.it\/wp-content\/uploads\/2024\/09\/HartmannSchattentanz.jpg","contentUrl":"https:\/\/www.il-libro.it\/wp-content\/uploads\/2024\/09\/HartmannSchattentanz.jpg","width":583,"height":1000},{"@type":"WebPage","@id":"https:\/\/www.il-libro.it\/schattentanz\/#webpage","url":"https:\/\/www.il-libro.it\/schattentanz\/","name":"Schattentanz - Il Libro - Libreria Internazionale","isPartOf":{"@id":"https:\/\/www.il-libro.it\/#website"},"primaryImageOfPage":{"@id":"https:\/\/www.il-libro.it\/schattentanz\/#primaryimage"},"datePublished":"2024-09-25T19:28:16+00:00","dateModified":"2024-09-26T15:04:59+00:00","description":"Unter dem Motto \"Spieglein Spieglein an der Wand\" werden wir \"Schattentanz\" von Lukas Hartmann besprechen.","breadcrumb":{"@id":"https:\/\/www.il-libro.it\/schattentanz\/#breadcrumb"},"inLanguage":"de-DE","potentialAction":[{"@type":"ReadAction","target":["https:\/\/www.il-libro.it\/schattentanz\/"]}]},{"@type":"BreadcrumbList","@id":"https:\/\/www.il-libro.it\/schattentanz\/#breadcrumb","itemListElement":[{"@type":"ListItem","position":1,"name":"Home","item":"https:\/\/www.il-libro.it\/de\/"},{"@type":"ListItem","position":2,"name":"Schattentanz"}]},{"@type":"Article","@id":"https:\/\/www.il-libro.it\/schattentanz\/#article","isPartOf":{"@id":"https:\/\/www.il-libro.it\/schattentanz\/#webpage"},"author":{"@id":"https:\/\/www.il-libro.it\/#\/schema\/person\/eb036c9c1b4b3eeb29c0bcdf70429db9"},"headline":"Schattentanz","datePublished":"2024-09-25T19:28:16+00:00","dateModified":"2024-09-26T15:04:59+00:00","mainEntityOfPage":{"@id":"https:\/\/www.il-libro.it\/schattentanz\/#webpage"},"wordCount":286,"commentCount":0,"publisher":{"@id":"https:\/\/www.il-libro.it\/#organization"},"image":{"@id":"https:\/\/www.il-libro.it\/schattentanz\/#primaryimage"},"thumbnailUrl":"https:\/\/www.il-libro.it\/wp-content\/uploads\/2024\/09\/HartmannSchattentanz.jpg","articleSection":["Literaturtreffen"],"inLanguage":"de-DE","potentialAction":[{"@type":"CommentAction","name":"Comment","target":["https:\/\/www.il-libro.it\/schattentanz\/#respond"]}]},{"@type":"Person","@id":"https:\/\/www.il-libro.it\/#\/schema\/person\/eb036c9c1b4b3eeb29c0bcdf70429db9","name":"Marco Gironi","image":{"@type":"ImageObject","@id":"https:\/\/www.il-libro.it\/#personlogo","inLanguage":"de-DE","url":"https:\/\/secure.gravatar.com\/avatar\/59de39c8c798f6ff42f67487686c1929?s=96&d=mm&r=g","contentUrl":"https:\/\/secure.gravatar.com\/avatar\/59de39c8c798f6ff42f67487686c1929?s=96&d=mm&r=g","caption":"Marco Gironi"}}]}},"_links":{"self":[{"href":"https:\/\/www.il-libro.it\/de\/wp-json\/wp\/v2\/posts\/117538"}],"collection":[{"href":"https:\/\/www.il-libro.it\/de\/wp-json\/wp\/v2\/posts"}],"about":[{"href":"https:\/\/www.il-libro.it\/de\/wp-json\/wp\/v2\/types\/post"}],"author":[{"embeddable":true,"href":"https:\/\/www.il-libro.it\/de\/wp-json\/wp\/v2\/users\/3"}],"replies":[{"embeddable":true,"href":"https:\/\/www.il-libro.it\/de\/wp-json\/wp\/v2\/comments?post=117538"}],"version-history":[{"count":3,"href":"https:\/\/www.il-libro.it\/de\/wp-json\/wp\/v2\/posts\/117538\/revisions"}],"predecessor-version":[{"id":117546,"href":"https:\/\/www.il-libro.it\/de\/wp-json\/wp\/v2\/posts\/117538\/revisions\/117546"}],"wp:featuredmedia":[{"embeddable":true,"href":"https:\/\/www.il-libro.it\/de\/wp-json\/wp\/v2\/media\/117539"}],"wp:attachment":[{"href":"https:\/\/www.il-libro.it\/de\/wp-json\/wp\/v2\/media?parent=117538"}],"wp:term":[{"taxonomy":"category","embeddable":true,"href":"https:\/\/www.il-libro.it\/de\/wp-json\/wp\/v2\/categories?post=117538"},{"taxonomy":"post_tag","embeddable":true,"href":"https:\/\/www.il-libro.it\/de\/wp-json\/wp\/v2\/tags?post=117538"}],"curies":[{"name":"wp","href":"https:\/\/api.w.org\/{rel}","templated":true}]}}