{"id":117646,"date":"2025-04-01T21:10:14","date_gmt":"2025-04-01T19:10:14","guid":{"rendered":"https:\/\/www.il-libro.it\/?p=117646"},"modified":"2025-04-01T21:10:14","modified_gmt":"2025-04-01T19:10:14","slug":"die-jungfrau","status":"publish","type":"post","link":"https:\/\/www.il-libro.it\/de\/die-jungfrau\/","title":{"rendered":"Die Jungfrau"},"content":{"rendered":"<div style=\"text-align: center;\">\n<p style=\"text-align: left;\">Unser aktuelles Leitmotiv f\u00fcr die kommenden Lekt\u00fcren ist<\/p>\n<h3><span style=\"color: #ff0000;\"><strong>Sie? Eine wie wir!<\/strong><\/span><\/h3>\n<p style=\"text-align: left;\">&#8222;Frauen&#8220; werden also unser n\u00e4chstes Thema sein: starke, schwache, schlaue, bescheidene, witzige, junge oder alte, z\u00e4rtliche oder eitel, gierig nach Macht, nach Vergn\u00fcgen oder nach Neuigkeiten. Wir werden unterschiedliche Facetten der tausenden Deklinationen der &#8222;Frau&#8220; unter die Lupe nehmen und zwar mit folgenden B\u00fcchern:<\/p>\n<ul>\n<li style=\"text-align: left;\">Aber nach drei Strophen ist Schluss! von Renate Bergmann<\/li>\n<li style=\"text-align: left;\">Medea von Christa Wolf<\/li>\n<li style=\"text-align: left;\">Effi Briest von Theodor Fontane<\/li>\n<li style=\"text-align: left;\">Marschlande von Jarka Kubsova<\/li>\n<li style=\"text-align: left;\"><strong><span style=\"color: #ff0000;\">Die Jungfrau von Monika Helfer<\/span><\/strong><\/li>\n<li style=\"text-align: left;\">Die Dinge. Eine Geschichte der Frauen in 100 Objekten von Annabelle Hirsch<\/li>\n<li style=\"text-align: left;\">Reisende auf einem Bein von Herta M\u00fcller<\/li>\n<li style=\"text-align: left;\">Wenn du geredet h\u00e4ttest, Desdemona von Christine Bruckner<\/li>\n<li style=\"text-align: left;\">Wen du h\u00f6rst, sag mir, wen du siehst, sag mir, wer du bist von Andrea Nagele<\/li>\n<\/ul>\n<hr \/>\n<p>Hommage an die Freundschaft<\/p>\n<hr \/>\n<h3><span style=\"color: #000080;\"><strong><span style=\"color: #000080;\"><img class=\"aligncenter wp-image-117647\" src=\"https:\/\/www.il-libro.it\/wp-content\/uploads\/2025\/04\/monika-helfer-die-jungfrau-184x300.jpg\" alt=\"\" width=\"110\" height=\"180\" srcset=\"https:\/\/www.il-libro.it\/wp-content\/uploads\/2025\/04\/monika-helfer-die-jungfrau-184x300.jpg 184w, https:\/\/www.il-libro.it\/wp-content\/uploads\/2025\/04\/monika-helfer-die-jungfrau-627x1024.jpg 627w, https:\/\/www.il-libro.it\/wp-content\/uploads\/2025\/04\/monika-helfer-die-jungfrau-768x1254.jpg 768w, https:\/\/www.il-libro.it\/wp-content\/uploads\/2025\/04\/monika-helfer-die-jungfrau-941x1536.jpg 941w, https:\/\/www.il-libro.it\/wp-content\/uploads\/2025\/04\/monika-helfer-die-jungfrau.jpg 1240w\" sizes=\"(max-width: 110px) 100vw, 110px\" \/>Die Jungfrau<br \/>\n<\/span><\/strong><\/span><span style=\"color: #000080;\"><strong><span style=\"color: #000080;\">Monika Helfer<br \/>\n<\/span><br \/>\n<\/strong><\/span><\/h3>\n<h3 style=\"text-align: center;\"><span style=\"color: #000080;\"><strong><span style=\"color: #ff0000;\"><b>24. April 2025<br \/>\num 19.00 Uhr<\/b><\/span><\/strong><\/span><\/h3>\n<h3 style=\"text-align: center;\"><span style=\"color: #000080;\"><strong><br \/>\n<span style=\"color: #ff0000;\">ONLINE mit <em>anna e il libro<\/em><\/span><\/strong><\/span><\/h3>\n<\/div>\n<p>Sie waren die engsten Freundinnen, dann haben sie sich aus den Augen verloren, um im Alter wieder zueinander zu finden: Was die Jahre \u00fcberdauert, was verbindet und trennt, wie sich Erinnerungen neu ordnen und sich Erwartungen erf\u00fcllen (oder nicht) \u2013 davon erz\u00e4hlt Monika Helfer in ihrem neuen Roman \u201e<em>Die Jungfrau<\/em>\u201c.<\/p>\n<p>Wie wurden die beiden zu denen, die sie sind?<\/p>\n<p>&nbsp;<\/p>\n<p>Wir freuen uns sehr auf Ihre\/ Eure Anmeldung zu unserem Literaturabend.<\/p>\n<p>Mit einer Nachricht an <a href=\"mailto:info@il-libro.it\" target=\"_blank\" rel=\"noopener\">info@il-libro.it<\/a> k\u00f6nnen Sie sich anmelden und Sie bekommen den Zugangscode per Mail.<\/p>\n","protected":false},"excerpt":{"rendered":"<p>Unser aktuelles Leitmotiv f\u00fcr die kommenden Lekt\u00fcren ist Sie? Eine wie wir! &#8222;Frauen&#8220; werden also unser n\u00e4chstes Thema sein: starke, schwache, schlaue, bescheidene, witzige, junge oder alte, z\u00e4rtliche oder eitel, gierig nach Macht, nach Vergn\u00fcgen oder nach Neuigkeiten. Wir werden unterschiedliche Facetten der tausenden Deklinationen der &#8222;Frau&#8220; unter die Lupe nehmen und zwar mit folgenden&hellip;<\/p>\n","protected":false},"author":3,"featured_media":117647,"comment_status":"open","ping_status":"open","sticky":false,"template":"","format":"standard","meta":[],"categories":[290],"tags":[],"yoast_head":"<!-- This site is optimized with the Yoast SEO plugin v17.2.1 - https:\/\/yoast.com\/wordpress\/plugins\/seo\/ -->\n<title>Die Jungfrau - Il Libro - Libreria Internazionale<\/title>\n<meta name=\"description\" content=\"Unter dem Motto &quot;Sie? Eine wie wir&quot; werden wir am 24. April &quot;Die Jungfrau&quot; von Monika Helfer besprechen.\" \/>\n<meta name=\"robots\" content=\"index, follow, max-snippet:-1, max-image-preview:large, max-video-preview:-1\" \/>\n<link rel=\"canonical\" href=\"https:\/\/www.il-libro.it\/de\/die-jungfrau\/\" \/>\n<meta property=\"og:locale\" content=\"de_DE\" \/>\n<meta property=\"og:type\" content=\"article\" \/>\n<meta property=\"og:title\" content=\"Die Jungfrau - Il Libro - Libreria Internazionale\" \/>\n<meta property=\"og:description\" content=\"Unter dem Motto &quot;Sie? Eine wie wir&quot; werden wir am 24. April &quot;Die Jungfrau&quot; von Monika Helfer besprechen.\" \/>\n<meta property=\"og:url\" content=\"https:\/\/www.il-libro.it\/die-jungfrau\/\" \/>\n<meta property=\"og:site_name\" content=\"Il Libro - Libreria Internazionale\" \/>\n<meta property=\"article:publisher\" content=\"https:\/\/www.facebook.com\/IL-LIBRO-Libreria-Internazionale-2127680667458029\/?fref=ts\" \/>\n<meta property=\"article:published_time\" content=\"2025-04-01T19:10:14+00:00\" \/>\n<meta property=\"og:image\" content=\"https:\/\/www.il-libro.it\/wp-content\/uploads\/2025\/04\/monika-helfer-die-jungfrau.jpg\" \/>\n\t<meta property=\"og:image:width\" content=\"1240\" \/>\n\t<meta property=\"og:image:height\" content=\"2024\" \/>\n<meta name=\"twitter:card\" content=\"summary_large_image\" \/>\n<meta name=\"twitter:label1\" content=\"Verfasst von\" \/>\n\t<meta name=\"twitter:data1\" content=\"Marco Gironi\" \/>\n\t<meta name=\"twitter:label2\" content=\"Gesch\u00e4tzte Lesezeit\" \/>\n\t<meta name=\"twitter:data2\" content=\"2 Minuten\" \/>\n<script type=\"application\/ld+json\" class=\"yoast-schema-graph\">{\"@context\":\"https:\/\/schema.org\",\"@graph\":[{\"@type\":\"Organization\",\"@id\":\"https:\/\/www.il-libro.it\/#organization\",\"name\":\"il libro libreria internazionale\",\"url\":\"https:\/\/www.il-libro.it\/\",\"sameAs\":[\"https:\/\/www.facebook.com\/IL-LIBRO-Libreria-Internazionale-2127680667458029\/?fref=ts\",\"https:\/\/www.instagram.com\/il.libro.internazionale\/\"],\"logo\":{\"@type\":\"ImageObject\",\"@id\":\"https:\/\/www.il-libro.it\/#logo\",\"inLanguage\":\"de-DE\",\"url\":\"https:\/\/www.il-libro.it\/wp-content\/uploads\/2017\/03\/logo.png\",\"contentUrl\":\"https:\/\/www.il-libro.it\/wp-content\/uploads\/2017\/03\/logo.png\",\"width\":180,\"height\":90,\"caption\":\"il libro libreria internazionale\"},\"image\":{\"@id\":\"https:\/\/www.il-libro.it\/#logo\"}},{\"@type\":\"WebSite\",\"@id\":\"https:\/\/www.il-libro.it\/#website\",\"url\":\"https:\/\/www.il-libro.it\/\",\"name\":\"Il Libro - Libreria Internazionale\",\"description\":\"Benvenuti nella libreria internazionale\",\"publisher\":{\"@id\":\"https:\/\/www.il-libro.it\/#organization\"},\"potentialAction\":[{\"@type\":\"SearchAction\",\"target\":{\"@type\":\"EntryPoint\",\"urlTemplate\":\"https:\/\/www.il-libro.it\/?s={search_term_string}\"},\"query-input\":\"required name=search_term_string\"}],\"inLanguage\":\"de-DE\"},{\"@type\":\"ImageObject\",\"@id\":\"https:\/\/www.il-libro.it\/die-jungfrau\/#primaryimage\",\"inLanguage\":\"de-DE\",\"url\":\"https:\/\/www.il-libro.it\/wp-content\/uploads\/2025\/04\/monika-helfer-die-jungfrau.jpg\",\"contentUrl\":\"https:\/\/www.il-libro.it\/wp-content\/uploads\/2025\/04\/monika-helfer-die-jungfrau.jpg\",\"width\":1240,\"height\":2024},{\"@type\":\"WebPage\",\"@id\":\"https:\/\/www.il-libro.it\/die-jungfrau\/#webpage\",\"url\":\"https:\/\/www.il-libro.it\/die-jungfrau\/\",\"name\":\"Die Jungfrau - Il Libro - Libreria Internazionale\",\"isPartOf\":{\"@id\":\"https:\/\/www.il-libro.it\/#website\"},\"primaryImageOfPage\":{\"@id\":\"https:\/\/www.il-libro.it\/die-jungfrau\/#primaryimage\"},\"datePublished\":\"2025-04-01T19:10:14+00:00\",\"dateModified\":\"2025-04-01T19:10:14+00:00\",\"description\":\"Unter dem Motto \\\"Sie? Eine wie wir\\\" werden wir am 24. April \\\"Die Jungfrau\\\" von Monika Helfer besprechen.\",\"breadcrumb\":{\"@id\":\"https:\/\/www.il-libro.it\/die-jungfrau\/#breadcrumb\"},\"inLanguage\":\"de-DE\",\"potentialAction\":[{\"@type\":\"ReadAction\",\"target\":[\"https:\/\/www.il-libro.it\/die-jungfrau\/\"]}]},{\"@type\":\"BreadcrumbList\",\"@id\":\"https:\/\/www.il-libro.it\/die-jungfrau\/#breadcrumb\",\"itemListElement\":[{\"@type\":\"ListItem\",\"position\":1,\"name\":\"Home\",\"item\":\"https:\/\/www.il-libro.it\/de\/\"},{\"@type\":\"ListItem\",\"position\":2,\"name\":\"Die Jungfrau\"}]},{\"@type\":\"Article\",\"@id\":\"https:\/\/www.il-libro.it\/die-jungfrau\/#article\",\"isPartOf\":{\"@id\":\"https:\/\/www.il-libro.it\/die-jungfrau\/#webpage\"},\"author\":{\"@id\":\"https:\/\/www.il-libro.it\/#\/schema\/person\/eb036c9c1b4b3eeb29c0bcdf70429db9\"},\"headline\":\"Die Jungfrau\",\"datePublished\":\"2025-04-01T19:10:14+00:00\",\"dateModified\":\"2025-04-01T19:10:14+00:00\",\"mainEntityOfPage\":{\"@id\":\"https:\/\/www.il-libro.it\/die-jungfrau\/#webpage\"},\"wordCount\":244,\"commentCount\":0,\"publisher\":{\"@id\":\"https:\/\/www.il-libro.it\/#organization\"},\"image\":{\"@id\":\"https:\/\/www.il-libro.it\/die-jungfrau\/#primaryimage\"},\"thumbnailUrl\":\"https:\/\/www.il-libro.it\/wp-content\/uploads\/2025\/04\/monika-helfer-die-jungfrau.jpg\",\"articleSection\":[\"Literaturtreffen\"],\"inLanguage\":\"de-DE\",\"potentialAction\":[{\"@type\":\"CommentAction\",\"name\":\"Comment\",\"target\":[\"https:\/\/www.il-libro.it\/die-jungfrau\/#respond\"]}]},{\"@type\":\"Person\",\"@id\":\"https:\/\/www.il-libro.it\/#\/schema\/person\/eb036c9c1b4b3eeb29c0bcdf70429db9\",\"name\":\"Marco Gironi\",\"image\":{\"@type\":\"ImageObject\",\"@id\":\"https:\/\/www.il-libro.it\/#personlogo\",\"inLanguage\":\"de-DE\",\"url\":\"https:\/\/secure.gravatar.com\/avatar\/59de39c8c798f6ff42f67487686c1929?s=96&d=mm&r=g\",\"contentUrl\":\"https:\/\/secure.gravatar.com\/avatar\/59de39c8c798f6ff42f67487686c1929?s=96&d=mm&r=g\",\"caption\":\"Marco Gironi\"}}]}<\/script>\n<!-- \/ Yoast SEO plugin. -->","yoast_head_json":{"title":"Die Jungfrau - Il Libro - Libreria Internazionale","description":"Unter dem Motto \"Sie? Eine wie wir\" werden wir am 24. April \"Die Jungfrau\" von Monika Helfer besprechen.","robots":{"index":"index","follow":"follow","max-snippet":"max-snippet:-1","max-image-preview":"max-image-preview:large","max-video-preview":"max-video-preview:-1"},"canonical":"https:\/\/www.il-libro.it\/de\/die-jungfrau\/","og_locale":"de_DE","og_type":"article","og_title":"Die Jungfrau - Il Libro - Libreria Internazionale","og_description":"Unter dem Motto \"Sie? Eine wie wir\" werden wir am 24. April \"Die Jungfrau\" von Monika Helfer besprechen.","og_url":"https:\/\/www.il-libro.it\/die-jungfrau\/","og_site_name":"Il Libro - Libreria Internazionale","article_publisher":"https:\/\/www.facebook.com\/IL-LIBRO-Libreria-Internazionale-2127680667458029\/?fref=ts","article_published_time":"2025-04-01T19:10:14+00:00","og_image":[{"width":1240,"height":2024,"url":"https:\/\/www.il-libro.it\/wp-content\/uploads\/2025\/04\/monika-helfer-die-jungfrau.jpg","path":"\/var\/www\/vhosts\/il-libro.it\/httpdocs\/wp-content\/uploads\/2025\/04\/monika-helfer-die-jungfrau.jpg","size":"full","id":117647,"alt":"","pixels":2509760,"type":"image\/jpeg"}],"twitter_card":"summary_large_image","twitter_misc":{"Verfasst von":"Marco Gironi","Gesch\u00e4tzte Lesezeit":"2 Minuten"},"schema":{"@context":"https:\/\/schema.org","@graph":[{"@type":"Organization","@id":"https:\/\/www.il-libro.it\/#organization","name":"il libro libreria internazionale","url":"https:\/\/www.il-libro.it\/","sameAs":["https:\/\/www.facebook.com\/IL-LIBRO-Libreria-Internazionale-2127680667458029\/?fref=ts","https:\/\/www.instagram.com\/il.libro.internazionale\/"],"logo":{"@type":"ImageObject","@id":"https:\/\/www.il-libro.it\/#logo","inLanguage":"de-DE","url":"https:\/\/www.il-libro.it\/wp-content\/uploads\/2017\/03\/logo.png","contentUrl":"https:\/\/www.il-libro.it\/wp-content\/uploads\/2017\/03\/logo.png","width":180,"height":90,"caption":"il libro libreria internazionale"},"image":{"@id":"https:\/\/www.il-libro.it\/#logo"}},{"@type":"WebSite","@id":"https:\/\/www.il-libro.it\/#website","url":"https:\/\/www.il-libro.it\/","name":"Il Libro - Libreria Internazionale","description":"Benvenuti nella libreria internazionale","publisher":{"@id":"https:\/\/www.il-libro.it\/#organization"},"potentialAction":[{"@type":"SearchAction","target":{"@type":"EntryPoint","urlTemplate":"https:\/\/www.il-libro.it\/?s={search_term_string}"},"query-input":"required name=search_term_string"}],"inLanguage":"de-DE"},{"@type":"ImageObject","@id":"https:\/\/www.il-libro.it\/die-jungfrau\/#primaryimage","inLanguage":"de-DE","url":"https:\/\/www.il-libro.it\/wp-content\/uploads\/2025\/04\/monika-helfer-die-jungfrau.jpg","contentUrl":"https:\/\/www.il-libro.it\/wp-content\/uploads\/2025\/04\/monika-helfer-die-jungfrau.jpg","width":1240,"height":2024},{"@type":"WebPage","@id":"https:\/\/www.il-libro.it\/die-jungfrau\/#webpage","url":"https:\/\/www.il-libro.it\/die-jungfrau\/","name":"Die Jungfrau - Il Libro - Libreria Internazionale","isPartOf":{"@id":"https:\/\/www.il-libro.it\/#website"},"primaryImageOfPage":{"@id":"https:\/\/www.il-libro.it\/die-jungfrau\/#primaryimage"},"datePublished":"2025-04-01T19:10:14+00:00","dateModified":"2025-04-01T19:10:14+00:00","description":"Unter dem Motto \"Sie? Eine wie wir\" werden wir am 24. April \"Die Jungfrau\" von Monika Helfer besprechen.","breadcrumb":{"@id":"https:\/\/www.il-libro.it\/die-jungfrau\/#breadcrumb"},"inLanguage":"de-DE","potentialAction":[{"@type":"ReadAction","target":["https:\/\/www.il-libro.it\/die-jungfrau\/"]}]},{"@type":"BreadcrumbList","@id":"https:\/\/www.il-libro.it\/die-jungfrau\/#breadcrumb","itemListElement":[{"@type":"ListItem","position":1,"name":"Home","item":"https:\/\/www.il-libro.it\/de\/"},{"@type":"ListItem","position":2,"name":"Die Jungfrau"}]},{"@type":"Article","@id":"https:\/\/www.il-libro.it\/die-jungfrau\/#article","isPartOf":{"@id":"https:\/\/www.il-libro.it\/die-jungfrau\/#webpage"},"author":{"@id":"https:\/\/www.il-libro.it\/#\/schema\/person\/eb036c9c1b4b3eeb29c0bcdf70429db9"},"headline":"Die Jungfrau","datePublished":"2025-04-01T19:10:14+00:00","dateModified":"2025-04-01T19:10:14+00:00","mainEntityOfPage":{"@id":"https:\/\/www.il-libro.it\/die-jungfrau\/#webpage"},"wordCount":244,"commentCount":0,"publisher":{"@id":"https:\/\/www.il-libro.it\/#organization"},"image":{"@id":"https:\/\/www.il-libro.it\/die-jungfrau\/#primaryimage"},"thumbnailUrl":"https:\/\/www.il-libro.it\/wp-content\/uploads\/2025\/04\/monika-helfer-die-jungfrau.jpg","articleSection":["Literaturtreffen"],"inLanguage":"de-DE","potentialAction":[{"@type":"CommentAction","name":"Comment","target":["https:\/\/www.il-libro.it\/die-jungfrau\/#respond"]}]},{"@type":"Person","@id":"https:\/\/www.il-libro.it\/#\/schema\/person\/eb036c9c1b4b3eeb29c0bcdf70429db9","name":"Marco Gironi","image":{"@type":"ImageObject","@id":"https:\/\/www.il-libro.it\/#personlogo","inLanguage":"de-DE","url":"https:\/\/secure.gravatar.com\/avatar\/59de39c8c798f6ff42f67487686c1929?s=96&d=mm&r=g","contentUrl":"https:\/\/secure.gravatar.com\/avatar\/59de39c8c798f6ff42f67487686c1929?s=96&d=mm&r=g","caption":"Marco Gironi"}}]}},"_links":{"self":[{"href":"https:\/\/www.il-libro.it\/de\/wp-json\/wp\/v2\/posts\/117646"}],"collection":[{"href":"https:\/\/www.il-libro.it\/de\/wp-json\/wp\/v2\/posts"}],"about":[{"href":"https:\/\/www.il-libro.it\/de\/wp-json\/wp\/v2\/types\/post"}],"author":[{"embeddable":true,"href":"https:\/\/www.il-libro.it\/de\/wp-json\/wp\/v2\/users\/3"}],"replies":[{"embeddable":true,"href":"https:\/\/www.il-libro.it\/de\/wp-json\/wp\/v2\/comments?post=117646"}],"version-history":[{"count":1,"href":"https:\/\/www.il-libro.it\/de\/wp-json\/wp\/v2\/posts\/117646\/revisions"}],"predecessor-version":[{"id":117652,"href":"https:\/\/www.il-libro.it\/de\/wp-json\/wp\/v2\/posts\/117646\/revisions\/117652"}],"wp:featuredmedia":[{"embeddable":true,"href":"https:\/\/www.il-libro.it\/de\/wp-json\/wp\/v2\/media\/117647"}],"wp:attachment":[{"href":"https:\/\/www.il-libro.it\/de\/wp-json\/wp\/v2\/media?parent=117646"}],"wp:term":[{"taxonomy":"category","embeddable":true,"href":"https:\/\/www.il-libro.it\/de\/wp-json\/wp\/v2\/categories?post=117646"},{"taxonomy":"post_tag","embeddable":true,"href":"https:\/\/www.il-libro.it\/de\/wp-json\/wp\/v2\/tags?post=117646"}],"curies":[{"name":"wp","href":"https:\/\/api.w.org\/{rel}","templated":true}]}}