{"id":117802,"date":"2026-01-23T17:31:04","date_gmt":"2026-01-23T16:31:04","guid":{"rendered":"https:\/\/www.il-libro.it\/?p=117802"},"modified":"2026-01-23T17:31:04","modified_gmt":"2026-01-23T16:31:04","slug":"homo-faber","status":"publish","type":"post","link":"https:\/\/www.il-libro.it\/de\/homo-faber\/","title":{"rendered":"Homo Faber"},"content":{"rendered":"<div style=\"text-align: center;\">\n<p style=\"text-align: left;\"><span class=\"knownFragment\">Unser neues Leitmotiv ist\u00a0\u00a0<\/span><\/p>\n<h3><span style=\"color: #ff0000;\"><strong>Zufall oder Schicksal<br \/>\nWendepunkte im Leben<\/strong><\/span><\/h3>\n<p style=\"text-align: left;\">Sowohl Schicksal wie auch Zufall sind zentrale Themen der Literatur gewesen und sind es immer noch. Wir werden sowohl in Klassiker hineinschnuppern wie auch in aktuellen B\u00fcchern st\u00f6bern. Lassen wir uns beim Lesen der aufgelisteten B\u00fcchern auf eine Reise begeben, um diese Begriffe besser interpretieren zu k\u00f6nnen<\/p>\n<ul>\n<li style=\"text-align: left;\">Dann bleiben wir eben zu Hause! von Renate Bergmann<\/li>\n<li style=\"text-align: left;\">Sternstunden der Menschheit von Stefan Zweig<\/li>\n<li style=\"text-align: left;\"><span style=\"color: #ff0000;\"><em><strong>Homo Faber von Max Frisch<\/strong><\/em><\/span><\/li>\n<li style=\"text-align: left;\">Daheim von Judith Hermann<\/li>\n<li style=\"text-align: left;\">Ansichten eines Clowns von Heinrich B\u00f6ll<\/li>\n<li style=\"text-align: left;\">Reise nach Laredo von Arno Geiger<\/li>\n<li style=\"text-align: left;\">25 letzte Sommer von Stephan Sch\u00e4fer<\/li>\n<li style=\"text-align: left;\">Aller letzte Abend von Jenny Erpenbeck<\/li>\n<li style=\"text-align: left;\">Das Fest von Lucy Fricke<\/li>\n<li style=\"text-align: left;\">Grado im Gl\u00fcck von Andrea Nagele<\/li>\n<\/ul>\n<hr \/>\n<p><em>&#8222;I<\/em><em>ch mache mir nichts aus Romanen \u2013 sowenig wie aus Tr\u00e4umen.&#8220;<\/em><\/p>\n<hr \/>\n<h3><span style=\"color: #000080;\"><strong><span style=\"color: #000080;\"><img class=\"aligncenter wp-image-117797\" src=\"https:\/\/www.il-libro.it\/wp-content\/uploads\/2026\/01\/FrischHomoFaber-200x300.jpg\" alt=\"\" width=\"110\" height=\"165\" srcset=\"https:\/\/www.il-libro.it\/wp-content\/uploads\/2026\/01\/FrischHomoFaber-200x300.jpg 200w, https:\/\/www.il-libro.it\/wp-content\/uploads\/2026\/01\/FrischHomoFaber.jpg 666w\" sizes=\"(max-width: 110px) 100vw, 110px\" \/>Homo Faber<\/span><\/strong><\/span><\/h3>\n<h3><span style=\"color: #000080;\"><strong><span style=\"color: #000080;\">von Max Frisch<\/span><\/strong><\/span><span style=\"color: #000080;\"><strong><br \/>\n<\/strong><\/span><\/h3>\n<h3 style=\"text-align: center;\"><span style=\"color: #000080;\"><strong><span style=\"color: #ff0000;\"><b>Literaturtreffen<br \/>\nam 24. Februar 2026<br \/>\num 19 Uhr<\/b><\/span><\/strong><\/span><\/h3>\n<h3 style=\"text-align: center;\"><span style=\"color: #000080;\"><strong><span style=\"color: #ff0000;\">ONLINE mit <em>anna e il libro<\/em><\/span><\/strong><\/span><\/h3>\n<\/div>\n<p>Der Ingenieur Walter Faber, ein pragmatischer denkender Techniker, glaubt an sein rationales Weltbild, das aber durch eine \u203aLiebesgeschichte\u2039 nachhaltig zerbricht. Er glaubt nicht an Schicksal oder h\u00f6here M\u00e4chte und versucht alles rational zu erkl\u00e4ren. Dennoch ereignen sich im Buch eine Reihe von Ereignissen, die als Schicksalsschl\u00e4ge oder Zuf\u00e4lle bezeichnet werden k\u00f6nnen und die Fabers Sicht auf die Welt in Frage stellen.<\/p>\n<p>Wir freuen uns sehr auf Ihre\/ Eure Anmeldung zu unserem Literaturabend.<\/p>\n<p>Mit einer Nachricht an <a href=\"mailto:info@il-libro.it\" target=\"_blank\" rel=\"noopener\">info@il-libro.it<\/a> k\u00f6nnen Sie sich anmelden und Sie bekommen den Zugangscode per Mail.<\/p>\n","protected":false},"excerpt":{"rendered":"<p>Unser neues Leitmotiv ist\u00a0\u00a0 Zufall oder Schicksal Wendepunkte im Leben Sowohl Schicksal wie auch Zufall sind zentrale Themen der Literatur gewesen und sind es immer noch. Wir werden sowohl in Klassiker hineinschnuppern wie auch in aktuellen B\u00fcchern st\u00f6bern. Lassen wir uns beim Lesen der aufgelisteten B\u00fcchern auf eine Reise begeben, um diese Begriffe besser interpretieren&hellip;<\/p>\n","protected":false},"author":3,"featured_media":117797,"comment_status":"open","ping_status":"open","sticky":false,"template":"","format":"standard","meta":[],"categories":[290],"tags":[],"yoast_head":"<!-- This site is optimized with the Yoast SEO plugin v17.2.1 - https:\/\/yoast.com\/wordpress\/plugins\/seo\/ -->\n<title>Homo Faber - Il Libro - Libreria Internazionale<\/title>\n<meta name=\"description\" content=\"Unter dem Motto &quot;Schicksal oder Zufall&quot; besprechen wir &quot;Homo Faber&quot; von Max Frisch.\" \/>\n<meta name=\"robots\" content=\"index, follow, max-snippet:-1, max-image-preview:large, max-video-preview:-1\" \/>\n<link rel=\"canonical\" href=\"https:\/\/www.il-libro.it\/de\/homo-faber\/\" \/>\n<meta property=\"og:locale\" content=\"de_DE\" \/>\n<meta property=\"og:type\" content=\"article\" \/>\n<meta property=\"og:title\" content=\"Homo Faber - Il Libro - Libreria Internazionale\" \/>\n<meta property=\"og:description\" content=\"Unter dem Motto &quot;Schicksal oder Zufall&quot; besprechen wir &quot;Homo Faber&quot; von Max Frisch.\" \/>\n<meta property=\"og:url\" content=\"https:\/\/www.il-libro.it\/homo-faber\/\" \/>\n<meta property=\"og:site_name\" content=\"Il Libro - Libreria Internazionale\" \/>\n<meta property=\"article:publisher\" content=\"https:\/\/www.facebook.com\/IL-LIBRO-Libreria-Internazionale-2127680667458029\/?fref=ts\" \/>\n<meta property=\"article:published_time\" content=\"2026-01-23T16:31:04+00:00\" \/>\n<meta property=\"og:image\" content=\"https:\/\/www.il-libro.it\/wp-content\/uploads\/2026\/01\/FrischHomoFaber.jpg\" \/>\n\t<meta property=\"og:image:width\" content=\"666\" \/>\n\t<meta property=\"og:image:height\" content=\"1000\" \/>\n<meta name=\"twitter:card\" content=\"summary_large_image\" \/>\n<meta name=\"twitter:label1\" content=\"Verfasst von\" \/>\n\t<meta name=\"twitter:data1\" content=\"Marco Gironi\" \/>\n\t<meta name=\"twitter:label2\" content=\"Gesch\u00e4tzte Lesezeit\" \/>\n\t<meta name=\"twitter:data2\" content=\"2 Minuten\" \/>\n<script type=\"application\/ld+json\" class=\"yoast-schema-graph\">{\"@context\":\"https:\/\/schema.org\",\"@graph\":[{\"@type\":\"Organization\",\"@id\":\"https:\/\/www.il-libro.it\/#organization\",\"name\":\"il libro libreria internazionale\",\"url\":\"https:\/\/www.il-libro.it\/\",\"sameAs\":[\"https:\/\/www.facebook.com\/IL-LIBRO-Libreria-Internazionale-2127680667458029\/?fref=ts\",\"https:\/\/www.instagram.com\/il.libro.internazionale\/\"],\"logo\":{\"@type\":\"ImageObject\",\"@id\":\"https:\/\/www.il-libro.it\/#logo\",\"inLanguage\":\"de-DE\",\"url\":\"https:\/\/www.il-libro.it\/wp-content\/uploads\/2017\/03\/logo.png\",\"contentUrl\":\"https:\/\/www.il-libro.it\/wp-content\/uploads\/2017\/03\/logo.png\",\"width\":180,\"height\":90,\"caption\":\"il libro libreria internazionale\"},\"image\":{\"@id\":\"https:\/\/www.il-libro.it\/#logo\"}},{\"@type\":\"WebSite\",\"@id\":\"https:\/\/www.il-libro.it\/#website\",\"url\":\"https:\/\/www.il-libro.it\/\",\"name\":\"Il Libro - Libreria Internazionale\",\"description\":\"Benvenuti nella libreria internazionale\",\"publisher\":{\"@id\":\"https:\/\/www.il-libro.it\/#organization\"},\"potentialAction\":[{\"@type\":\"SearchAction\",\"target\":{\"@type\":\"EntryPoint\",\"urlTemplate\":\"https:\/\/www.il-libro.it\/?s={search_term_string}\"},\"query-input\":\"required name=search_term_string\"}],\"inLanguage\":\"de-DE\"},{\"@type\":\"ImageObject\",\"@id\":\"https:\/\/www.il-libro.it\/homo-faber\/#primaryimage\",\"inLanguage\":\"de-DE\",\"url\":\"https:\/\/www.il-libro.it\/wp-content\/uploads\/2026\/01\/FrischHomoFaber.jpg\",\"contentUrl\":\"https:\/\/www.il-libro.it\/wp-content\/uploads\/2026\/01\/FrischHomoFaber.jpg\",\"width\":666,\"height\":1000},{\"@type\":\"WebPage\",\"@id\":\"https:\/\/www.il-libro.it\/homo-faber\/#webpage\",\"url\":\"https:\/\/www.il-libro.it\/homo-faber\/\",\"name\":\"Homo Faber - Il Libro - Libreria Internazionale\",\"isPartOf\":{\"@id\":\"https:\/\/www.il-libro.it\/#website\"},\"primaryImageOfPage\":{\"@id\":\"https:\/\/www.il-libro.it\/homo-faber\/#primaryimage\"},\"datePublished\":\"2026-01-23T16:31:04+00:00\",\"dateModified\":\"2026-01-23T16:31:04+00:00\",\"description\":\"Unter dem Motto \\\"Schicksal oder Zufall\\\" besprechen wir \\\"Homo Faber\\\" von Max Frisch.\",\"breadcrumb\":{\"@id\":\"https:\/\/www.il-libro.it\/homo-faber\/#breadcrumb\"},\"inLanguage\":\"de-DE\",\"potentialAction\":[{\"@type\":\"ReadAction\",\"target\":[\"https:\/\/www.il-libro.it\/homo-faber\/\"]}]},{\"@type\":\"BreadcrumbList\",\"@id\":\"https:\/\/www.il-libro.it\/homo-faber\/#breadcrumb\",\"itemListElement\":[{\"@type\":\"ListItem\",\"position\":1,\"name\":\"Home\",\"item\":\"https:\/\/www.il-libro.it\/de\/\"},{\"@type\":\"ListItem\",\"position\":2,\"name\":\"Homo Faber\"}]},{\"@type\":\"Article\",\"@id\":\"https:\/\/www.il-libro.it\/homo-faber\/#article\",\"isPartOf\":{\"@id\":\"https:\/\/www.il-libro.it\/homo-faber\/#webpage\"},\"author\":{\"@id\":\"https:\/\/www.il-libro.it\/#\/schema\/person\/eb036c9c1b4b3eeb29c0bcdf70429db9\"},\"headline\":\"Homo Faber\",\"datePublished\":\"2026-01-23T16:31:04+00:00\",\"dateModified\":\"2026-01-23T16:31:04+00:00\",\"mainEntityOfPage\":{\"@id\":\"https:\/\/www.il-libro.it\/homo-faber\/#webpage\"},\"wordCount\":248,\"commentCount\":0,\"publisher\":{\"@id\":\"https:\/\/www.il-libro.it\/#organization\"},\"image\":{\"@id\":\"https:\/\/www.il-libro.it\/homo-faber\/#primaryimage\"},\"thumbnailUrl\":\"https:\/\/www.il-libro.it\/wp-content\/uploads\/2026\/01\/FrischHomoFaber.jpg\",\"articleSection\":[\"Literaturtreffen\"],\"inLanguage\":\"de-DE\",\"potentialAction\":[{\"@type\":\"CommentAction\",\"name\":\"Comment\",\"target\":[\"https:\/\/www.il-libro.it\/homo-faber\/#respond\"]}]},{\"@type\":\"Person\",\"@id\":\"https:\/\/www.il-libro.it\/#\/schema\/person\/eb036c9c1b4b3eeb29c0bcdf70429db9\",\"name\":\"Marco Gironi\",\"image\":{\"@type\":\"ImageObject\",\"@id\":\"https:\/\/www.il-libro.it\/#personlogo\",\"inLanguage\":\"de-DE\",\"url\":\"https:\/\/secure.gravatar.com\/avatar\/59de39c8c798f6ff42f67487686c1929?s=96&d=mm&r=g\",\"contentUrl\":\"https:\/\/secure.gravatar.com\/avatar\/59de39c8c798f6ff42f67487686c1929?s=96&d=mm&r=g\",\"caption\":\"Marco Gironi\"}}]}<\/script>\n<!-- \/ Yoast SEO plugin. -->","yoast_head_json":{"title":"Homo Faber - Il Libro - Libreria Internazionale","description":"Unter dem Motto \"Schicksal oder Zufall\" besprechen wir \"Homo Faber\" von Max Frisch.","robots":{"index":"index","follow":"follow","max-snippet":"max-snippet:-1","max-image-preview":"max-image-preview:large","max-video-preview":"max-video-preview:-1"},"canonical":"https:\/\/www.il-libro.it\/de\/homo-faber\/","og_locale":"de_DE","og_type":"article","og_title":"Homo Faber - Il Libro - Libreria Internazionale","og_description":"Unter dem Motto \"Schicksal oder Zufall\" besprechen wir \"Homo Faber\" von Max Frisch.","og_url":"https:\/\/www.il-libro.it\/homo-faber\/","og_site_name":"Il Libro - Libreria Internazionale","article_publisher":"https:\/\/www.facebook.com\/IL-LIBRO-Libreria-Internazionale-2127680667458029\/?fref=ts","article_published_time":"2026-01-23T16:31:04+00:00","og_image":[{"width":666,"height":1000,"url":"https:\/\/www.il-libro.it\/wp-content\/uploads\/2026\/01\/FrischHomoFaber.jpg","path":"\/var\/www\/vhosts\/il-libro.it\/httpdocs\/wp-content\/uploads\/2026\/01\/FrischHomoFaber.jpg","size":"full","id":117797,"alt":"","pixels":666000,"type":"image\/jpeg"}],"twitter_card":"summary_large_image","twitter_misc":{"Verfasst von":"Marco Gironi","Gesch\u00e4tzte Lesezeit":"2 Minuten"},"schema":{"@context":"https:\/\/schema.org","@graph":[{"@type":"Organization","@id":"https:\/\/www.il-libro.it\/#organization","name":"il libro libreria internazionale","url":"https:\/\/www.il-libro.it\/","sameAs":["https:\/\/www.facebook.com\/IL-LIBRO-Libreria-Internazionale-2127680667458029\/?fref=ts","https:\/\/www.instagram.com\/il.libro.internazionale\/"],"logo":{"@type":"ImageObject","@id":"https:\/\/www.il-libro.it\/#logo","inLanguage":"de-DE","url":"https:\/\/www.il-libro.it\/wp-content\/uploads\/2017\/03\/logo.png","contentUrl":"https:\/\/www.il-libro.it\/wp-content\/uploads\/2017\/03\/logo.png","width":180,"height":90,"caption":"il libro libreria internazionale"},"image":{"@id":"https:\/\/www.il-libro.it\/#logo"}},{"@type":"WebSite","@id":"https:\/\/www.il-libro.it\/#website","url":"https:\/\/www.il-libro.it\/","name":"Il Libro - Libreria Internazionale","description":"Benvenuti nella libreria internazionale","publisher":{"@id":"https:\/\/www.il-libro.it\/#organization"},"potentialAction":[{"@type":"SearchAction","target":{"@type":"EntryPoint","urlTemplate":"https:\/\/www.il-libro.it\/?s={search_term_string}"},"query-input":"required name=search_term_string"}],"inLanguage":"de-DE"},{"@type":"ImageObject","@id":"https:\/\/www.il-libro.it\/homo-faber\/#primaryimage","inLanguage":"de-DE","url":"https:\/\/www.il-libro.it\/wp-content\/uploads\/2026\/01\/FrischHomoFaber.jpg","contentUrl":"https:\/\/www.il-libro.it\/wp-content\/uploads\/2026\/01\/FrischHomoFaber.jpg","width":666,"height":1000},{"@type":"WebPage","@id":"https:\/\/www.il-libro.it\/homo-faber\/#webpage","url":"https:\/\/www.il-libro.it\/homo-faber\/","name":"Homo Faber - Il Libro - Libreria Internazionale","isPartOf":{"@id":"https:\/\/www.il-libro.it\/#website"},"primaryImageOfPage":{"@id":"https:\/\/www.il-libro.it\/homo-faber\/#primaryimage"},"datePublished":"2026-01-23T16:31:04+00:00","dateModified":"2026-01-23T16:31:04+00:00","description":"Unter dem Motto \"Schicksal oder Zufall\" besprechen wir \"Homo Faber\" von Max Frisch.","breadcrumb":{"@id":"https:\/\/www.il-libro.it\/homo-faber\/#breadcrumb"},"inLanguage":"de-DE","potentialAction":[{"@type":"ReadAction","target":["https:\/\/www.il-libro.it\/homo-faber\/"]}]},{"@type":"BreadcrumbList","@id":"https:\/\/www.il-libro.it\/homo-faber\/#breadcrumb","itemListElement":[{"@type":"ListItem","position":1,"name":"Home","item":"https:\/\/www.il-libro.it\/de\/"},{"@type":"ListItem","position":2,"name":"Homo Faber"}]},{"@type":"Article","@id":"https:\/\/www.il-libro.it\/homo-faber\/#article","isPartOf":{"@id":"https:\/\/www.il-libro.it\/homo-faber\/#webpage"},"author":{"@id":"https:\/\/www.il-libro.it\/#\/schema\/person\/eb036c9c1b4b3eeb29c0bcdf70429db9"},"headline":"Homo Faber","datePublished":"2026-01-23T16:31:04+00:00","dateModified":"2026-01-23T16:31:04+00:00","mainEntityOfPage":{"@id":"https:\/\/www.il-libro.it\/homo-faber\/#webpage"},"wordCount":248,"commentCount":0,"publisher":{"@id":"https:\/\/www.il-libro.it\/#organization"},"image":{"@id":"https:\/\/www.il-libro.it\/homo-faber\/#primaryimage"},"thumbnailUrl":"https:\/\/www.il-libro.it\/wp-content\/uploads\/2026\/01\/FrischHomoFaber.jpg","articleSection":["Literaturtreffen"],"inLanguage":"de-DE","potentialAction":[{"@type":"CommentAction","name":"Comment","target":["https:\/\/www.il-libro.it\/homo-faber\/#respond"]}]},{"@type":"Person","@id":"https:\/\/www.il-libro.it\/#\/schema\/person\/eb036c9c1b4b3eeb29c0bcdf70429db9","name":"Marco Gironi","image":{"@type":"ImageObject","@id":"https:\/\/www.il-libro.it\/#personlogo","inLanguage":"de-DE","url":"https:\/\/secure.gravatar.com\/avatar\/59de39c8c798f6ff42f67487686c1929?s=96&d=mm&r=g","contentUrl":"https:\/\/secure.gravatar.com\/avatar\/59de39c8c798f6ff42f67487686c1929?s=96&d=mm&r=g","caption":"Marco Gironi"}}]}},"_links":{"self":[{"href":"https:\/\/www.il-libro.it\/de\/wp-json\/wp\/v2\/posts\/117802"}],"collection":[{"href":"https:\/\/www.il-libro.it\/de\/wp-json\/wp\/v2\/posts"}],"about":[{"href":"https:\/\/www.il-libro.it\/de\/wp-json\/wp\/v2\/types\/post"}],"author":[{"embeddable":true,"href":"https:\/\/www.il-libro.it\/de\/wp-json\/wp\/v2\/users\/3"}],"replies":[{"embeddable":true,"href":"https:\/\/www.il-libro.it\/de\/wp-json\/wp\/v2\/comments?post=117802"}],"version-history":[{"count":1,"href":"https:\/\/www.il-libro.it\/de\/wp-json\/wp\/v2\/posts\/117802\/revisions"}],"predecessor-version":[{"id":117803,"href":"https:\/\/www.il-libro.it\/de\/wp-json\/wp\/v2\/posts\/117802\/revisions\/117803"}],"wp:featuredmedia":[{"embeddable":true,"href":"https:\/\/www.il-libro.it\/de\/wp-json\/wp\/v2\/media\/117797"}],"wp:attachment":[{"href":"https:\/\/www.il-libro.it\/de\/wp-json\/wp\/v2\/media?parent=117802"}],"wp:term":[{"taxonomy":"category","embeddable":true,"href":"https:\/\/www.il-libro.it\/de\/wp-json\/wp\/v2\/categories?post=117802"},{"taxonomy":"post_tag","embeddable":true,"href":"https:\/\/www.il-libro.it\/de\/wp-json\/wp\/v2\/tags?post=117802"}],"curies":[{"name":"wp","href":"https:\/\/api.w.org\/{rel}","templated":true}]}}