{"id":9884,"date":"2017-10-16T17:27:45","date_gmt":"2017-10-16T15:27:45","guid":{"rendered":"http:\/\/www.il-libro.it\/?p=9884"},"modified":"2019-05-20T11:28:12","modified_gmt":"2019-05-20T09:28:12","slug":"les-reveurs","status":"publish","type":"post","link":"https:\/\/www.il-libro.it\/de\/les-reveurs\/","title":{"rendered":"Les r\u00eaveurs"},"content":{"rendered":"<p><em>Isabelle Carr\u00e9<\/em><\/p>\n<p>&#8222;On devrait trouver des moyens pour emp\u00eacher qu&#8217;un parfum s&#8217;\u00e9puise, demander un engagement au vendeur &#8211; certifiez-moi qu&#8217;il sera sur les rayons pour cinquante ou soixante ans, sinon retirez-le tout de suite. Faites-le pour moi et pour tous ceux qui, gr\u00e2ce \u00e0 un flacon achet\u00e9 dans un grand magasin, retrouvent l&#8217;odeur de leur m\u00e8re, d&#8217;une maison, d&#8217;une \u00e9poque b\u00e9nie de leur vie, d&#8217;un premier amour ou, plus pr\u00e9cieuse encore, quasi inaccessible, l&#8217;odeur de leur enfance&#8230;<br \/>\n&#8220; Quand l&#8217;enfance a pour d\u00e9cor les ann\u00e9es 70, tout semble possible. Mais pour cette famille de r\u00eaveurs un peu d\u00e9glingu\u00e9e, formidablement touchante, le chemin de la libert\u00e9 est p\u00e9rilleux. Isabelle Carr\u00e9 dit les couleurs acidul\u00e9es du moment, la d\u00e9couverte du monde compliqu\u00e9 des adultes, leurs douloureuses m\u00e9tamorphoses, la force et la fragilit\u00e9 d&#8217;une jeune fille que le th\u00e9\u00e2tre va r\u00e9v\u00e9ler \u00e0 elle-m\u00eame. Une rare gr\u00e2ce d&#8217;\u00e9criture.<\/p>\n<p>&nbsp;<\/p>\n","protected":false},"excerpt":{"rendered":"<p>Isabelle Carr\u00e9 &#8222;On devrait trouver des moyens pour emp\u00eacher qu&#8217;un parfum s&#8217;\u00e9puise, demander un engagement au vendeur &#8211; certifiez-moi qu&#8217;il sera sur les rayons pour cinquante ou soixante ans, sinon retirez-le tout de suite. Faites-le pour moi et pour tous ceux qui, gr\u00e2ce \u00e0 un flacon achet\u00e9 dans un grand magasin, retrouvent l&#8217;odeur de leur&hellip;<\/p>\n","protected":false},"author":3,"featured_media":102125,"comment_status":"open","ping_status":"open","sticky":false,"template":"","format":"standard","meta":[],"categories":[277],"tags":[],"yoast_head":"<!-- This site is optimized with the Yoast SEO plugin v17.2.1 - https:\/\/yoast.com\/wordpress\/plugins\/seo\/ -->\n<title>Les r\u00eaveurs - Il Libro - Libreria Internazionale<\/title>\n<meta name=\"robots\" content=\"index, follow, max-snippet:-1, max-image-preview:large, max-video-preview:-1\" \/>\n<link rel=\"canonical\" href=\"https:\/\/www.il-libro.it\/de\/les-reveurs\/\" \/>\n<meta property=\"og:locale\" content=\"de_DE\" \/>\n<meta property=\"og:type\" content=\"article\" \/>\n<meta property=\"og:title\" content=\"Les r\u00eaveurs - Il Libro - Libreria Internazionale\" \/>\n<meta property=\"og:description\" content=\"Isabelle Carr\u00e9 &#8222;On devrait trouver des moyens pour emp\u00eacher qu&#8217;un parfum s&#8217;\u00e9puise, demander un engagement au vendeur &#8211; certifiez-moi qu&#8217;il sera sur les rayons pour cinquante ou soixante ans, sinon retirez-le tout de suite. Faites-le pour moi et pour tous ceux qui, gr\u00e2ce \u00e0 un flacon achet\u00e9 dans un grand magasin, retrouvent l&#8217;odeur de leur&hellip;\" \/>\n<meta property=\"og:url\" content=\"https:\/\/www.il-libro.it\/les-reveurs\/\" \/>\n<meta property=\"og:site_name\" content=\"Il Libro - Libreria Internazionale\" \/>\n<meta property=\"article:publisher\" content=\"https:\/\/www.facebook.com\/IL-LIBRO-Libreria-Internazionale-2127680667458029\/?fref=ts\" \/>\n<meta property=\"article:published_time\" content=\"2017-10-16T15:27:45+00:00\" \/>\n<meta property=\"article:modified_time\" content=\"2019-05-20T09:28:12+00:00\" \/>\n<meta property=\"og:image\" content=\"https:\/\/www.il-libro.it\/wp-content\/uploads\/2017\/10\/CarreReveurs.jpg\" \/>\n\t<meta property=\"og:image:width\" content=\"187\" \/>\n\t<meta property=\"og:image:height\" content=\"303\" \/>\n<meta name=\"twitter:card\" content=\"summary_large_image\" \/>\n<meta name=\"twitter:label1\" content=\"Verfasst von\" \/>\n\t<meta name=\"twitter:data1\" content=\"Marco Gironi\" \/>\n\t<meta name=\"twitter:label2\" content=\"Gesch\u00e4tzte Lesezeit\" \/>\n\t<meta name=\"twitter:data2\" content=\"1 Minute\" \/>\n<script type=\"application\/ld+json\" class=\"yoast-schema-graph\">{\"@context\":\"https:\/\/schema.org\",\"@graph\":[{\"@type\":\"Organization\",\"@id\":\"https:\/\/www.il-libro.it\/#organization\",\"name\":\"il libro libreria internazionale\",\"url\":\"https:\/\/www.il-libro.it\/\",\"sameAs\":[\"https:\/\/www.facebook.com\/IL-LIBRO-Libreria-Internazionale-2127680667458029\/?fref=ts\",\"https:\/\/www.instagram.com\/il.libro.internazionale\/\"],\"logo\":{\"@type\":\"ImageObject\",\"@id\":\"https:\/\/www.il-libro.it\/#logo\",\"inLanguage\":\"de-DE\",\"url\":\"https:\/\/www.il-libro.it\/wp-content\/uploads\/2017\/03\/logo.png\",\"contentUrl\":\"https:\/\/www.il-libro.it\/wp-content\/uploads\/2017\/03\/logo.png\",\"width\":180,\"height\":90,\"caption\":\"il libro libreria internazionale\"},\"image\":{\"@id\":\"https:\/\/www.il-libro.it\/#logo\"}},{\"@type\":\"WebSite\",\"@id\":\"https:\/\/www.il-libro.it\/#website\",\"url\":\"https:\/\/www.il-libro.it\/\",\"name\":\"Il Libro - Libreria Internazionale\",\"description\":\"Benvenuti nella libreria internazionale\",\"publisher\":{\"@id\":\"https:\/\/www.il-libro.it\/#organization\"},\"potentialAction\":[{\"@type\":\"SearchAction\",\"target\":{\"@type\":\"EntryPoint\",\"urlTemplate\":\"https:\/\/www.il-libro.it\/?s={search_term_string}\"},\"query-input\":\"required name=search_term_string\"}],\"inLanguage\":\"de-DE\"},{\"@type\":\"ImageObject\",\"@id\":\"https:\/\/www.il-libro.it\/les-reveurs\/#primaryimage\",\"inLanguage\":\"de-DE\",\"url\":\"https:\/\/www.il-libro.it\/wp-content\/uploads\/2017\/10\/CarreReveurs.jpg\",\"contentUrl\":\"https:\/\/www.il-libro.it\/wp-content\/uploads\/2017\/10\/CarreReveurs.jpg\",\"width\":187,\"height\":303},{\"@type\":\"WebPage\",\"@id\":\"https:\/\/www.il-libro.it\/les-reveurs\/#webpage\",\"url\":\"https:\/\/www.il-libro.it\/les-reveurs\/\",\"name\":\"Les r\\u00eaveurs - Il Libro - Libreria Internazionale\",\"isPartOf\":{\"@id\":\"https:\/\/www.il-libro.it\/#website\"},\"primaryImageOfPage\":{\"@id\":\"https:\/\/www.il-libro.it\/les-reveurs\/#primaryimage\"},\"datePublished\":\"2017-10-16T15:27:45+00:00\",\"dateModified\":\"2019-05-20T09:28:12+00:00\",\"breadcrumb\":{\"@id\":\"https:\/\/www.il-libro.it\/les-reveurs\/#breadcrumb\"},\"inLanguage\":\"de-DE\",\"potentialAction\":[{\"@type\":\"ReadAction\",\"target\":[\"https:\/\/www.il-libro.it\/les-reveurs\/\"]}]},{\"@type\":\"BreadcrumbList\",\"@id\":\"https:\/\/www.il-libro.it\/les-reveurs\/#breadcrumb\",\"itemListElement\":[{\"@type\":\"ListItem\",\"position\":1,\"name\":\"Home\",\"item\":\"https:\/\/www.il-libro.it\/de\/\"},{\"@type\":\"ListItem\",\"position\":2,\"name\":\"Les r\\u00eaveurs\"}]},{\"@type\":\"Article\",\"@id\":\"https:\/\/www.il-libro.it\/les-reveurs\/#article\",\"isPartOf\":{\"@id\":\"https:\/\/www.il-libro.it\/les-reveurs\/#webpage\"},\"author\":{\"@id\":\"https:\/\/www.il-libro.it\/#\/schema\/person\/eb036c9c1b4b3eeb29c0bcdf70429db9\"},\"headline\":\"Les r\\u00eaveurs\",\"datePublished\":\"2017-10-16T15:27:45+00:00\",\"dateModified\":\"2019-05-20T09:28:12+00:00\",\"mainEntityOfPage\":{\"@id\":\"https:\/\/www.il-libro.it\/les-reveurs\/#webpage\"},\"wordCount\":165,\"commentCount\":0,\"publisher\":{\"@id\":\"https:\/\/www.il-libro.it\/#organization\"},\"image\":{\"@id\":\"https:\/\/www.il-libro.it\/les-reveurs\/#primaryimage\"},\"thumbnailUrl\":\"https:\/\/www.il-libro.it\/wp-content\/uploads\/2017\/10\/CarreReveurs.jpg\",\"articleSection\":[\"Joie de lecture\"],\"inLanguage\":\"de-DE\",\"potentialAction\":[{\"@type\":\"CommentAction\",\"name\":\"Comment\",\"target\":[\"https:\/\/www.il-libro.it\/les-reveurs\/#respond\"]}]},{\"@type\":\"Person\",\"@id\":\"https:\/\/www.il-libro.it\/#\/schema\/person\/eb036c9c1b4b3eeb29c0bcdf70429db9\",\"name\":\"Marco Gironi\",\"image\":{\"@type\":\"ImageObject\",\"@id\":\"https:\/\/www.il-libro.it\/#personlogo\",\"inLanguage\":\"de-DE\",\"url\":\"https:\/\/secure.gravatar.com\/avatar\/59de39c8c798f6ff42f67487686c1929?s=96&d=mm&r=g\",\"contentUrl\":\"https:\/\/secure.gravatar.com\/avatar\/59de39c8c798f6ff42f67487686c1929?s=96&d=mm&r=g\",\"caption\":\"Marco Gironi\"}}]}<\/script>\n<!-- \/ Yoast SEO plugin. -->","yoast_head_json":{"title":"Les r\u00eaveurs - Il Libro - Libreria Internazionale","robots":{"index":"index","follow":"follow","max-snippet":"max-snippet:-1","max-image-preview":"max-image-preview:large","max-video-preview":"max-video-preview:-1"},"canonical":"https:\/\/www.il-libro.it\/de\/les-reveurs\/","og_locale":"de_DE","og_type":"article","og_title":"Les r\u00eaveurs - Il Libro - Libreria Internazionale","og_description":"Isabelle Carr\u00e9 &#8222;On devrait trouver des moyens pour emp\u00eacher qu&#8217;un parfum s&#8217;\u00e9puise, demander un engagement au vendeur &#8211; certifiez-moi qu&#8217;il sera sur les rayons pour cinquante ou soixante ans, sinon retirez-le tout de suite. Faites-le pour moi et pour tous ceux qui, gr\u00e2ce \u00e0 un flacon achet\u00e9 dans un grand magasin, retrouvent l&#8217;odeur de leur&hellip;","og_url":"https:\/\/www.il-libro.it\/les-reveurs\/","og_site_name":"Il Libro - Libreria Internazionale","article_publisher":"https:\/\/www.facebook.com\/IL-LIBRO-Libreria-Internazionale-2127680667458029\/?fref=ts","article_published_time":"2017-10-16T15:27:45+00:00","article_modified_time":"2019-05-20T09:28:12+00:00","og_image":[{"width":187,"height":303,"url":"https:\/\/www.il-libro.it\/wp-content\/uploads\/2017\/10\/CarreReveurs.jpg","path":"\/var\/www\/vhosts\/il-libro.it\/httpdocs\/wp-content\/uploads\/2017\/10\/CarreReveurs.jpg","size":"full","id":102125,"alt":"","pixels":56661,"type":"image\/jpeg"}],"twitter_card":"summary_large_image","twitter_misc":{"Verfasst von":"Marco Gironi","Gesch\u00e4tzte Lesezeit":"1 Minute"},"schema":{"@context":"https:\/\/schema.org","@graph":[{"@type":"Organization","@id":"https:\/\/www.il-libro.it\/#organization","name":"il libro libreria internazionale","url":"https:\/\/www.il-libro.it\/","sameAs":["https:\/\/www.facebook.com\/IL-LIBRO-Libreria-Internazionale-2127680667458029\/?fref=ts","https:\/\/www.instagram.com\/il.libro.internazionale\/"],"logo":{"@type":"ImageObject","@id":"https:\/\/www.il-libro.it\/#logo","inLanguage":"de-DE","url":"https:\/\/www.il-libro.it\/wp-content\/uploads\/2017\/03\/logo.png","contentUrl":"https:\/\/www.il-libro.it\/wp-content\/uploads\/2017\/03\/logo.png","width":180,"height":90,"caption":"il libro libreria internazionale"},"image":{"@id":"https:\/\/www.il-libro.it\/#logo"}},{"@type":"WebSite","@id":"https:\/\/www.il-libro.it\/#website","url":"https:\/\/www.il-libro.it\/","name":"Il Libro - Libreria Internazionale","description":"Benvenuti nella libreria internazionale","publisher":{"@id":"https:\/\/www.il-libro.it\/#organization"},"potentialAction":[{"@type":"SearchAction","target":{"@type":"EntryPoint","urlTemplate":"https:\/\/www.il-libro.it\/?s={search_term_string}"},"query-input":"required name=search_term_string"}],"inLanguage":"de-DE"},{"@type":"ImageObject","@id":"https:\/\/www.il-libro.it\/les-reveurs\/#primaryimage","inLanguage":"de-DE","url":"https:\/\/www.il-libro.it\/wp-content\/uploads\/2017\/10\/CarreReveurs.jpg","contentUrl":"https:\/\/www.il-libro.it\/wp-content\/uploads\/2017\/10\/CarreReveurs.jpg","width":187,"height":303},{"@type":"WebPage","@id":"https:\/\/www.il-libro.it\/les-reveurs\/#webpage","url":"https:\/\/www.il-libro.it\/les-reveurs\/","name":"Les r\u00eaveurs - Il Libro - Libreria Internazionale","isPartOf":{"@id":"https:\/\/www.il-libro.it\/#website"},"primaryImageOfPage":{"@id":"https:\/\/www.il-libro.it\/les-reveurs\/#primaryimage"},"datePublished":"2017-10-16T15:27:45+00:00","dateModified":"2019-05-20T09:28:12+00:00","breadcrumb":{"@id":"https:\/\/www.il-libro.it\/les-reveurs\/#breadcrumb"},"inLanguage":"de-DE","potentialAction":[{"@type":"ReadAction","target":["https:\/\/www.il-libro.it\/les-reveurs\/"]}]},{"@type":"BreadcrumbList","@id":"https:\/\/www.il-libro.it\/les-reveurs\/#breadcrumb","itemListElement":[{"@type":"ListItem","position":1,"name":"Home","item":"https:\/\/www.il-libro.it\/de\/"},{"@type":"ListItem","position":2,"name":"Les r\u00eaveurs"}]},{"@type":"Article","@id":"https:\/\/www.il-libro.it\/les-reveurs\/#article","isPartOf":{"@id":"https:\/\/www.il-libro.it\/les-reveurs\/#webpage"},"author":{"@id":"https:\/\/www.il-libro.it\/#\/schema\/person\/eb036c9c1b4b3eeb29c0bcdf70429db9"},"headline":"Les r\u00eaveurs","datePublished":"2017-10-16T15:27:45+00:00","dateModified":"2019-05-20T09:28:12+00:00","mainEntityOfPage":{"@id":"https:\/\/www.il-libro.it\/les-reveurs\/#webpage"},"wordCount":165,"commentCount":0,"publisher":{"@id":"https:\/\/www.il-libro.it\/#organization"},"image":{"@id":"https:\/\/www.il-libro.it\/les-reveurs\/#primaryimage"},"thumbnailUrl":"https:\/\/www.il-libro.it\/wp-content\/uploads\/2017\/10\/CarreReveurs.jpg","articleSection":["Joie de lecture"],"inLanguage":"de-DE","potentialAction":[{"@type":"CommentAction","name":"Comment","target":["https:\/\/www.il-libro.it\/les-reveurs\/#respond"]}]},{"@type":"Person","@id":"https:\/\/www.il-libro.it\/#\/schema\/person\/eb036c9c1b4b3eeb29c0bcdf70429db9","name":"Marco Gironi","image":{"@type":"ImageObject","@id":"https:\/\/www.il-libro.it\/#personlogo","inLanguage":"de-DE","url":"https:\/\/secure.gravatar.com\/avatar\/59de39c8c798f6ff42f67487686c1929?s=96&d=mm&r=g","contentUrl":"https:\/\/secure.gravatar.com\/avatar\/59de39c8c798f6ff42f67487686c1929?s=96&d=mm&r=g","caption":"Marco Gironi"}}]}},"_links":{"self":[{"href":"https:\/\/www.il-libro.it\/de\/wp-json\/wp\/v2\/posts\/9884"}],"collection":[{"href":"https:\/\/www.il-libro.it\/de\/wp-json\/wp\/v2\/posts"}],"about":[{"href":"https:\/\/www.il-libro.it\/de\/wp-json\/wp\/v2\/types\/post"}],"author":[{"embeddable":true,"href":"https:\/\/www.il-libro.it\/de\/wp-json\/wp\/v2\/users\/3"}],"replies":[{"embeddable":true,"href":"https:\/\/www.il-libro.it\/de\/wp-json\/wp\/v2\/comments?post=9884"}],"version-history":[{"count":0,"href":"https:\/\/www.il-libro.it\/de\/wp-json\/wp\/v2\/posts\/9884\/revisions"}],"wp:featuredmedia":[{"embeddable":true,"href":"https:\/\/www.il-libro.it\/de\/wp-json\/wp\/v2\/media\/102125"}],"wp:attachment":[{"href":"https:\/\/www.il-libro.it\/de\/wp-json\/wp\/v2\/media?parent=9884"}],"wp:term":[{"taxonomy":"category","embeddable":true,"href":"https:\/\/www.il-libro.it\/de\/wp-json\/wp\/v2\/categories?post=9884"},{"taxonomy":"post_tag","embeddable":true,"href":"https:\/\/www.il-libro.it\/de\/wp-json\/wp\/v2\/tags?post=9884"}],"curies":[{"name":"wp","href":"https:\/\/api.w.org\/{rel}","templated":true}]}}