{"id":117084,"date":"2022-05-01T20:44:41","date_gmt":"2022-05-01T18:44:41","guid":{"rendered":"https:\/\/www.il-libro.it\/?p=117084"},"modified":"2022-05-01T20:44:41","modified_gmt":"2022-05-01T18:44:41","slug":"zuckersand","status":"publish","type":"post","link":"https:\/\/www.il-libro.it\/en\/zuckersand\/","title":{"rendered":"Zuckersand"},"content":{"rendered":"<div style=\"text-align: center;\">\n<p style=\"text-align: left;\">Liebe Lesefreunde,<\/p>\n<p style=\"text-align: left;\">obwohl die Buchhandlung demn\u00e4chst schlie\u00dfen wird, werden wir unsere Literaturtreffen weiterf\u00fchren. Wer kommt an Bord?<\/p>\n<p style=\"text-align: left;\">Unsere Literaturabenden drehen sich alle um das Thema &#8220;Vater-Sohn&#8221; Beziehung.<\/p>\n<p style=\"text-align: left;\">Wie immer werden wir ein Buch pro Monat online besprechen.<\/p>\n<p style=\"text-align: left;\">Das L\u00e4cheln meines unsichtbaren Vaters von Dmitrij Kapitelman<br \/>\n<span style=\"color: #000000;\">Nachgetragene Liebe von Peter H\u00e4rtling<\/span><br \/>\n<span style=\"color: #000000;\">Der alte K\u00f6nig in seinem Exil von Arno Geiger<\/span><br \/>\n<span style=\"color: #ff0000;\"><strong>Zuckersand von Jochen Schmidt<\/strong><\/span><\/p>\n<hr \/>\n<p>Vater mit Selbstironie<\/p>\n<hr \/>\n<p><span style=\"color: #000080;\"><strong><img class=\"aligncenter wp-image-117079\" src=\"https:\/\/www.il-libro.it\/wp-content\/uploads\/2022\/05\/SchmidtZuckersand.jpg\" alt=\"\" width=\"110\" height=\"182\" srcset=\"https:\/\/www.il-libro.it\/wp-content\/uploads\/2022\/05\/SchmidtZuckersand.jpg 1488w, https:\/\/www.il-libro.it\/wp-content\/uploads\/2022\/05\/SchmidtZuckersand-181x300.jpg 181w, https:\/\/www.il-libro.it\/wp-content\/uploads\/2022\/05\/SchmidtZuckersand-617x1024.jpg 617w, https:\/\/www.il-libro.it\/wp-content\/uploads\/2022\/05\/SchmidtZuckersand-768x1274.jpg 768w, https:\/\/www.il-libro.it\/wp-content\/uploads\/2022\/05\/SchmidtZuckersand-926x1536.jpg 926w, https:\/\/www.il-libro.it\/wp-content\/uploads\/2022\/05\/SchmidtZuckersand-1235x2048.jpg 1235w\" sizes=\"(max-width: 110px) 100vw, 110px\" \/>Donnerstag, den 19. Mai 2022<\/strong><\/span><\/p>\n<h3 style=\"text-align: center;\"><span style=\"color: #000080;\"><strong>um 19.00 Uhr<br \/>\nONLINE mit <em>il libro<\/em><\/strong><br \/>\n<\/span><\/h3>\n<\/div>\n<p style=\"text-align: center;\">Jochen Schmidt<br \/>\n<strong>Zuckersand<\/strong><\/p>\n<p>Der zweij\u00e4hrige Karl entdeckt in Jochen Schmidts Roman Zuckersand die Welt. Er beobachtet Eisenbahnen in Schaufenstern, automatische Kaufhaust\u00fcren und das laute Reinigungsauto auf der Stra\u00dfe. Mit seinem Sohn Karl erkundet der Vater, der Ich-Erz\u00e4hler, die Stadt: den Spielplatz, Gesch\u00e4fte und die S-Bahn-Br\u00fccke. Er taucht ein in die eigene Kindheit und begibt sich auf Fantasie- und Erinnerungsreisen zum Plumpsklo der Gro\u00dfeltern und den Stullenb\u00fcchsen in der Schule.<\/p>\n<p>Wie gerne w\u00fcrde er Augenblicke bewahren. Der Erz\u00e4hler bedauert, dass er die Zeit nicht anhalten kann.<\/p>\n<p>Zuckersand ist ein einf\u00fchlsames, ungew\u00f6hnliches, kurzweiliges und intensives Leseerlebnis.<\/p>\n<p>&nbsp;<\/p>\n<p>Mit einer Nachricht an <a href=\"mailto:info@il-libro.it\" target=\"_blank\" rel=\"noopener\">info@il-libro.it<\/a> k\u00f6nnen Sie sich anmelden und Sie bekommen den Zugangscode per Mail.<\/p>\n<p><span style=\"color: #000000;\"><strong>Vielen Dank<\/strong> jedenfalls an alle, die uns in dieser schwierigen Zeit unterst\u00fctzen, nach dem Motto: <\/span><span style=\"color: #ff0000;\"><strong>Support you local dealer.<\/strong><\/span><\/p>\n<p><span style=\"color: #000000;\">Wir freuen uns sehr auf Ihre\/ Eure Anmeldung!<\/span><\/p>\n","protected":false},"excerpt":{"rendered":"<p>Liebe Lesefreunde, obwohl die Buchhandlung demn\u00e4chst schlie\u00dfen wird, werden wir unsere Literaturtreffen weiterf\u00fchren. Wer kommt an Bord? Unsere Literaturabenden drehen sich alle um das Thema &#8220;Vater-Sohn&#8221; Beziehung. Wie immer werden wir ein Buch pro Monat online besprechen. Das L\u00e4cheln meines unsichtbaren Vaters von Dmitrij Kapitelman Nachgetragene Liebe von Peter H\u00e4rtling Der alte K\u00f6nig in seinem&hellip;<\/p>\n","protected":false},"author":5,"featured_media":117079,"comment_status":"open","ping_status":"open","sticky":false,"template":"","format":"standard","meta":[],"categories":[291],"tags":[],"yoast_head":"<!-- This site is optimized with the Yoast SEO plugin v17.2.1 - https:\/\/yoast.com\/wordpress\/plugins\/seo\/ -->\n<title>Zuckersand - Il Libro - Libreria Internazionale<\/title>\n<meta name=\"description\" content=\"Unter dem Motto Vater-Sohn Verh\u00e4ltnis wird das n\u00e4chste Literaturtreffen in Mai online \u00fcber &quot;Zuckersand&quot; von Jochen Schmidt sein.\" \/>\n<meta name=\"robots\" content=\"index, follow, max-snippet:-1, max-image-preview:large, max-video-preview:-1\" \/>\n<link rel=\"canonical\" href=\"https:\/\/www.il-libro.it\/en\/zuckersand\/\" \/>\n<meta property=\"og:locale\" content=\"en_US\" \/>\n<meta property=\"og:type\" content=\"article\" \/>\n<meta property=\"og:title\" content=\"Zuckersand - Il Libro - Libreria Internazionale\" \/>\n<meta property=\"og:description\" content=\"Unter dem Motto Vater-Sohn Verh\u00e4ltnis wird das n\u00e4chste Literaturtreffen in Mai online \u00fcber &quot;Zuckersand&quot; von Jochen Schmidt sein.\" \/>\n<meta property=\"og:url\" content=\"https:\/\/www.il-libro.it\/zuckersand\/\" \/>\n<meta property=\"og:site_name\" content=\"Il Libro - Libreria Internazionale\" \/>\n<meta property=\"article:publisher\" content=\"https:\/\/www.facebook.com\/IL-LIBRO-Libreria-Internazionale-2127680667458029\/?fref=ts\" \/>\n<meta property=\"article:published_time\" content=\"2022-05-01T18:44:41+00:00\" \/>\n<meta property=\"og:image\" content=\"https:\/\/www.il-libro.it\/wp-content\/uploads\/2022\/05\/SchmidtZuckersand-617x1024.jpg\" \/>\n\t<meta property=\"og:image:width\" content=\"617\" \/>\n\t<meta property=\"og:image:height\" content=\"1024\" \/>\n<meta name=\"twitter:card\" content=\"summary_large_image\" \/>\n<meta name=\"twitter:label1\" content=\"Written by\" \/>\n\t<meta name=\"twitter:data1\" content=\"Anna\" \/>\n\t<meta name=\"twitter:label2\" content=\"Est. reading time\" \/>\n\t<meta name=\"twitter:data2\" content=\"2 minutes\" \/>\n<script type=\"application\/ld+json\" class=\"yoast-schema-graph\">{\"@context\":\"https:\/\/schema.org\",\"@graph\":[{\"@type\":\"Organization\",\"@id\":\"https:\/\/www.il-libro.it\/#organization\",\"name\":\"il libro libreria internazionale\",\"url\":\"https:\/\/www.il-libro.it\/\",\"sameAs\":[\"https:\/\/www.facebook.com\/IL-LIBRO-Libreria-Internazionale-2127680667458029\/?fref=ts\",\"https:\/\/www.instagram.com\/il.libro.internazionale\/\"],\"logo\":{\"@type\":\"ImageObject\",\"@id\":\"https:\/\/www.il-libro.it\/#logo\",\"inLanguage\":\"en-US\",\"url\":\"https:\/\/www.il-libro.it\/wp-content\/uploads\/2017\/03\/logo.png\",\"contentUrl\":\"https:\/\/www.il-libro.it\/wp-content\/uploads\/2017\/03\/logo.png\",\"width\":180,\"height\":90,\"caption\":\"il libro libreria internazionale\"},\"image\":{\"@id\":\"https:\/\/www.il-libro.it\/#logo\"}},{\"@type\":\"WebSite\",\"@id\":\"https:\/\/www.il-libro.it\/#website\",\"url\":\"https:\/\/www.il-libro.it\/\",\"name\":\"Il Libro - Libreria Internazionale\",\"description\":\"Benvenuti nella libreria internazionale\",\"publisher\":{\"@id\":\"https:\/\/www.il-libro.it\/#organization\"},\"potentialAction\":[{\"@type\":\"SearchAction\",\"target\":{\"@type\":\"EntryPoint\",\"urlTemplate\":\"https:\/\/www.il-libro.it\/?s={search_term_string}\"},\"query-input\":\"required name=search_term_string\"}],\"inLanguage\":\"en-US\"},{\"@type\":\"ImageObject\",\"@id\":\"https:\/\/www.il-libro.it\/zuckersand\/#primaryimage\",\"inLanguage\":\"en-US\",\"url\":\"https:\/\/www.il-libro.it\/wp-content\/uploads\/2022\/05\/SchmidtZuckersand.jpg\",\"contentUrl\":\"https:\/\/www.il-libro.it\/wp-content\/uploads\/2022\/05\/SchmidtZuckersand.jpg\",\"width\":1488,\"height\":2468},{\"@type\":\"WebPage\",\"@id\":\"https:\/\/www.il-libro.it\/zuckersand\/#webpage\",\"url\":\"https:\/\/www.il-libro.it\/zuckersand\/\",\"name\":\"Zuckersand - Il Libro - Libreria Internazionale\",\"isPartOf\":{\"@id\":\"https:\/\/www.il-libro.it\/#website\"},\"primaryImageOfPage\":{\"@id\":\"https:\/\/www.il-libro.it\/zuckersand\/#primaryimage\"},\"datePublished\":\"2022-05-01T18:44:41+00:00\",\"dateModified\":\"2022-05-01T18:44:41+00:00\",\"description\":\"Unter dem Motto Vater-Sohn Verh\\u00e4ltnis wird das n\\u00e4chste Literaturtreffen in Mai online \\u00fcber \\\"Zuckersand\\\" von Jochen Schmidt sein.\",\"breadcrumb\":{\"@id\":\"https:\/\/www.il-libro.it\/zuckersand\/#breadcrumb\"},\"inLanguage\":\"en-US\",\"potentialAction\":[{\"@type\":\"ReadAction\",\"target\":[\"https:\/\/www.il-libro.it\/zuckersand\/\"]}]},{\"@type\":\"BreadcrumbList\",\"@id\":\"https:\/\/www.il-libro.it\/zuckersand\/#breadcrumb\",\"itemListElement\":[{\"@type\":\"ListItem\",\"position\":1,\"name\":\"Home\",\"item\":\"https:\/\/www.il-libro.it\/en\/homepage-05\/\"},{\"@type\":\"ListItem\",\"position\":2,\"name\":\"Zuckersand\"}]},{\"@type\":\"Article\",\"@id\":\"https:\/\/www.il-libro.it\/zuckersand\/#article\",\"isPartOf\":{\"@id\":\"https:\/\/www.il-libro.it\/zuckersand\/#webpage\"},\"author\":{\"@id\":\"https:\/\/www.il-libro.it\/#\/schema\/person\/6a34e9b4cc72b2d269e1ae45dcb83083\"},\"headline\":\"Zuckersand\",\"datePublished\":\"2022-05-01T18:44:41+00:00\",\"dateModified\":\"2022-05-01T18:44:41+00:00\",\"mainEntityOfPage\":{\"@id\":\"https:\/\/www.il-libro.it\/zuckersand\/#webpage\"},\"wordCount\":236,\"commentCount\":0,\"publisher\":{\"@id\":\"https:\/\/www.il-libro.it\/#organization\"},\"image\":{\"@id\":\"https:\/\/www.il-libro.it\/zuckersand\/#primaryimage\"},\"thumbnailUrl\":\"https:\/\/www.il-libro.it\/wp-content\/uploads\/2022\/05\/SchmidtZuckersand.jpg\",\"articleSection\":[\"Literaturtreffen\"],\"inLanguage\":\"en-US\",\"potentialAction\":[{\"@type\":\"CommentAction\",\"name\":\"Comment\",\"target\":[\"https:\/\/www.il-libro.it\/zuckersand\/#respond\"]}]},{\"@type\":\"Person\",\"@id\":\"https:\/\/www.il-libro.it\/#\/schema\/person\/6a34e9b4cc72b2d269e1ae45dcb83083\",\"name\":\"Anna\",\"image\":{\"@type\":\"ImageObject\",\"@id\":\"https:\/\/www.il-libro.it\/#personlogo\",\"inLanguage\":\"en-US\",\"url\":\"https:\/\/secure.gravatar.com\/avatar\/5446c35a665205777a696408926ad672?s=96&d=mm&r=g\",\"contentUrl\":\"https:\/\/secure.gravatar.com\/avatar\/5446c35a665205777a696408926ad672?s=96&d=mm&r=g\",\"caption\":\"Anna\"}}]}<\/script>\n<!-- \/ Yoast SEO plugin. -->","yoast_head_json":{"title":"Zuckersand - Il Libro - Libreria Internazionale","description":"Unter dem Motto Vater-Sohn Verh\u00e4ltnis wird das n\u00e4chste Literaturtreffen in Mai online \u00fcber \"Zuckersand\" von Jochen Schmidt sein.","robots":{"index":"index","follow":"follow","max-snippet":"max-snippet:-1","max-image-preview":"max-image-preview:large","max-video-preview":"max-video-preview:-1"},"canonical":"https:\/\/www.il-libro.it\/en\/zuckersand\/","og_locale":"en_US","og_type":"article","og_title":"Zuckersand - Il Libro - Libreria Internazionale","og_description":"Unter dem Motto Vater-Sohn Verh\u00e4ltnis wird das n\u00e4chste Literaturtreffen in Mai online \u00fcber \"Zuckersand\" von Jochen Schmidt sein.","og_url":"https:\/\/www.il-libro.it\/zuckersand\/","og_site_name":"Il Libro - Libreria Internazionale","article_publisher":"https:\/\/www.facebook.com\/IL-LIBRO-Libreria-Internazionale-2127680667458029\/?fref=ts","article_published_time":"2022-05-01T18:44:41+00:00","og_image":[{"width":617,"height":1024,"path":"2022\/05\/SchmidtZuckersand-617x1024.jpg","url":"https:\/\/www.il-libro.it\/wp-content\/uploads\/2022\/05\/SchmidtZuckersand-617x1024.jpg","size":"large","id":117079,"alt":"","pixels":631808,"type":"image\/jpeg"}],"twitter_card":"summary_large_image","twitter_misc":{"Written by":"Anna","Est. reading time":"2 minutes"},"schema":{"@context":"https:\/\/schema.org","@graph":[{"@type":"Organization","@id":"https:\/\/www.il-libro.it\/#organization","name":"il libro libreria internazionale","url":"https:\/\/www.il-libro.it\/","sameAs":["https:\/\/www.facebook.com\/IL-LIBRO-Libreria-Internazionale-2127680667458029\/?fref=ts","https:\/\/www.instagram.com\/il.libro.internazionale\/"],"logo":{"@type":"ImageObject","@id":"https:\/\/www.il-libro.it\/#logo","inLanguage":"en-US","url":"https:\/\/www.il-libro.it\/wp-content\/uploads\/2017\/03\/logo.png","contentUrl":"https:\/\/www.il-libro.it\/wp-content\/uploads\/2017\/03\/logo.png","width":180,"height":90,"caption":"il libro libreria internazionale"},"image":{"@id":"https:\/\/www.il-libro.it\/#logo"}},{"@type":"WebSite","@id":"https:\/\/www.il-libro.it\/#website","url":"https:\/\/www.il-libro.it\/","name":"Il Libro - Libreria Internazionale","description":"Benvenuti nella libreria internazionale","publisher":{"@id":"https:\/\/www.il-libro.it\/#organization"},"potentialAction":[{"@type":"SearchAction","target":{"@type":"EntryPoint","urlTemplate":"https:\/\/www.il-libro.it\/?s={search_term_string}"},"query-input":"required name=search_term_string"}],"inLanguage":"en-US"},{"@type":"ImageObject","@id":"https:\/\/www.il-libro.it\/zuckersand\/#primaryimage","inLanguage":"en-US","url":"https:\/\/www.il-libro.it\/wp-content\/uploads\/2022\/05\/SchmidtZuckersand.jpg","contentUrl":"https:\/\/www.il-libro.it\/wp-content\/uploads\/2022\/05\/SchmidtZuckersand.jpg","width":1488,"height":2468},{"@type":"WebPage","@id":"https:\/\/www.il-libro.it\/zuckersand\/#webpage","url":"https:\/\/www.il-libro.it\/zuckersand\/","name":"Zuckersand - Il Libro - Libreria Internazionale","isPartOf":{"@id":"https:\/\/www.il-libro.it\/#website"},"primaryImageOfPage":{"@id":"https:\/\/www.il-libro.it\/zuckersand\/#primaryimage"},"datePublished":"2022-05-01T18:44:41+00:00","dateModified":"2022-05-01T18:44:41+00:00","description":"Unter dem Motto Vater-Sohn Verh\u00e4ltnis wird das n\u00e4chste Literaturtreffen in Mai online \u00fcber \"Zuckersand\" von Jochen Schmidt sein.","breadcrumb":{"@id":"https:\/\/www.il-libro.it\/zuckersand\/#breadcrumb"},"inLanguage":"en-US","potentialAction":[{"@type":"ReadAction","target":["https:\/\/www.il-libro.it\/zuckersand\/"]}]},{"@type":"BreadcrumbList","@id":"https:\/\/www.il-libro.it\/zuckersand\/#breadcrumb","itemListElement":[{"@type":"ListItem","position":1,"name":"Home","item":"https:\/\/www.il-libro.it\/en\/homepage-05\/"},{"@type":"ListItem","position":2,"name":"Zuckersand"}]},{"@type":"Article","@id":"https:\/\/www.il-libro.it\/zuckersand\/#article","isPartOf":{"@id":"https:\/\/www.il-libro.it\/zuckersand\/#webpage"},"author":{"@id":"https:\/\/www.il-libro.it\/#\/schema\/person\/6a34e9b4cc72b2d269e1ae45dcb83083"},"headline":"Zuckersand","datePublished":"2022-05-01T18:44:41+00:00","dateModified":"2022-05-01T18:44:41+00:00","mainEntityOfPage":{"@id":"https:\/\/www.il-libro.it\/zuckersand\/#webpage"},"wordCount":236,"commentCount":0,"publisher":{"@id":"https:\/\/www.il-libro.it\/#organization"},"image":{"@id":"https:\/\/www.il-libro.it\/zuckersand\/#primaryimage"},"thumbnailUrl":"https:\/\/www.il-libro.it\/wp-content\/uploads\/2022\/05\/SchmidtZuckersand.jpg","articleSection":["Literaturtreffen"],"inLanguage":"en-US","potentialAction":[{"@type":"CommentAction","name":"Comment","target":["https:\/\/www.il-libro.it\/zuckersand\/#respond"]}]},{"@type":"Person","@id":"https:\/\/www.il-libro.it\/#\/schema\/person\/6a34e9b4cc72b2d269e1ae45dcb83083","name":"Anna","image":{"@type":"ImageObject","@id":"https:\/\/www.il-libro.it\/#personlogo","inLanguage":"en-US","url":"https:\/\/secure.gravatar.com\/avatar\/5446c35a665205777a696408926ad672?s=96&d=mm&r=g","contentUrl":"https:\/\/secure.gravatar.com\/avatar\/5446c35a665205777a696408926ad672?s=96&d=mm&r=g","caption":"Anna"}}]}},"_links":{"self":[{"href":"https:\/\/www.il-libro.it\/en\/wp-json\/wp\/v2\/posts\/117084"}],"collection":[{"href":"https:\/\/www.il-libro.it\/en\/wp-json\/wp\/v2\/posts"}],"about":[{"href":"https:\/\/www.il-libro.it\/en\/wp-json\/wp\/v2\/types\/post"}],"author":[{"embeddable":true,"href":"https:\/\/www.il-libro.it\/en\/wp-json\/wp\/v2\/users\/5"}],"replies":[{"embeddable":true,"href":"https:\/\/www.il-libro.it\/en\/wp-json\/wp\/v2\/comments?post=117084"}],"version-history":[{"count":1,"href":"https:\/\/www.il-libro.it\/en\/wp-json\/wp\/v2\/posts\/117084\/revisions"}],"predecessor-version":[{"id":117085,"href":"https:\/\/www.il-libro.it\/en\/wp-json\/wp\/v2\/posts\/117084\/revisions\/117085"}],"wp:featuredmedia":[{"embeddable":true,"href":"https:\/\/www.il-libro.it\/en\/wp-json\/wp\/v2\/media\/117079"}],"wp:attachment":[{"href":"https:\/\/www.il-libro.it\/en\/wp-json\/wp\/v2\/media?parent=117084"}],"wp:term":[{"taxonomy":"category","embeddable":true,"href":"https:\/\/www.il-libro.it\/en\/wp-json\/wp\/v2\/categories?post=117084"},{"taxonomy":"post_tag","embeddable":true,"href":"https:\/\/www.il-libro.it\/en\/wp-json\/wp\/v2\/tags?post=117084"}],"curies":[{"name":"wp","href":"https:\/\/api.w.org\/{rel}","templated":true}]}}