{"id":117283,"date":"2023-10-19T20:58:49","date_gmt":"2023-10-19T18:58:49","guid":{"rendered":"https:\/\/www.il-libro.it\/?p=117283"},"modified":"2023-10-19T21:06:09","modified_gmt":"2023-10-19T19:06:09","slug":"tell","status":"publish","type":"post","link":"https:\/\/www.il-libro.it\/en\/tell\/","title":{"rendered":"Tell"},"content":{"rendered":"<div style=\"text-align: center;\">\n<p style=\"text-align: left;\">mit der letzten Besprechung, mit dem Buch von Charles Lewinsky &#8220;Der Halbbart&#8221; haben wir die richitge \u00dcberbr\u00fcckung zu unserem neuen Thema gehabt.<\/p>\n<p style=\"text-align: left;\">Unser n\u00e4chstes Leitmotiv wird sein:<\/p>\n<h3><span style=\"color: #ff0000;\"><strong>Spieglein, Spieglein an der Wand<\/strong><\/span><\/h3>\n<p style=\"text-align: left;\">Wir werden (Auto-) Biographien lesen, wie auch Lebensgeschichten von wichtigen und nicht ber\u00fchmten Personen, von Leuten, die uns bestimmt was zu sagen haben (zumindest so denkt der Schriftsteller*in \ud83d\ude42 .<\/p>\n<p style=\"text-align: left;\">Sind wir soweit?<\/p>\n<p style=\"text-align: left;\">Hier unser B\u00fccherstapel<\/p>\n<ul>\n<li style=\"text-align: left;\"><strong><span style=\"color: #ff0000;\">Tell von Joachim B. Schmidt<\/span><\/strong><\/li>\n<li style=\"text-align: left;\">Monascella von Monika Holzer<\/li>\n<li style=\"text-align: left;\">Geschichte meines Lebens von Adele Spitzeder (H\u00f6rspiel oder PDF zum Runterladen)<\/li>\n<li style=\"text-align: left;\">Anatomie der Wolken von Lea Singer<\/li>\n<li style=\"text-align: left;\">Verdi von Peter H\u00e4rtling<\/li>\n<li style=\"text-align: left;\">Wir Kinder vom Bahnhof Zoo von Christiane F.<\/li>\n<li style=\"text-align: left;\">Wie alles kam von Paul Maar<\/li>\n<\/ul>\n<hr \/>\n<p><em>&#8220;Wenn man an Menschen erinnert wird, die man einst geliebt hat, f\u00fchlt man nicht blo\u00df Kummer.&#8221;<br \/>\nund irgendwann wird sie die Wahrheit sein.&#8221;<\/em><\/p>\n<hr \/>\n<h3><\/h3>\n<h3><span style=\"color: #000080;\"><strong><span style=\"color: #000080;\"><img class=\"aligncenter wp-image-117275\" src=\"https:\/\/www.il-libro.it\/wp-content\/uploads\/2023\/10\/SchmidTell-172x300.jpg\" alt=\"\" width=\"110\" height=\"192\" srcset=\"https:\/\/www.il-libro.it\/wp-content\/uploads\/2023\/10\/SchmidTell-172x300.jpg 172w, https:\/\/www.il-libro.it\/wp-content\/uploads\/2023\/10\/SchmidTell.jpg 574w\" sizes=\"(max-width: 110px) 100vw, 110px\" \/>Tell<br \/>\n<\/span>Joachim B. Schmidt<\/strong><\/span><\/h3>\n<h3 style=\"text-align: center;\"><span style=\"color: #000080;\"><strong>am Montag, den 13. November<br \/>\num 19.00 Uhr<br \/>\nONLINE mit <em>il libro<\/em><\/strong><\/span><\/h3>\n<\/div>\n<p>Aus verschiedenen Erz\u00e4hlperspektiven wird die &#8220;Wilhelm Tell&#8221;-Saga beschrieben. Eine Neuinterpretation eines Klassikers: J.B. Schmid entwickelt ein Krimi mit raphinierter Spannung und &#8220;Schweizer&#8221; Atmosph\u00e4re.<\/p>\n<p>Es ist eine harte Geschichte, hart wie die Zeiten, in der die Handlung vonstatten geht. Der Leser erlebt alles aus verschiedenen Blickwinkel. Die Grenze zwischen Leser und Figuren ist kaum sp\u00fcrbar.<\/p>\n<p>Wir freuen uns sehr auf Ihre\/ Eure Anmeldung!<\/p>\n<p>Mit einer Nachricht an <a href=\"mailto:info@il-libro.it\" target=\"_blank\" rel=\"noopener\">info@il-libro.it<\/a> k\u00f6nnen Sie sich anmelden und Sie bekommen den Zugangscode per Mail.<\/p>\n","protected":false},"excerpt":{"rendered":"<p>mit der letzten Besprechung, mit dem Buch von Charles Lewinsky &#8220;Der Halbbart&#8221; haben wir die richitge \u00dcberbr\u00fcckung zu unserem neuen Thema gehabt. Unser n\u00e4chstes Leitmotiv wird sein: Spieglein, Spieglein an der Wand Wir werden (Auto-) Biographien lesen, wie auch Lebensgeschichten von wichtigen und nicht ber\u00fchmten Personen, von Leuten, die uns bestimmt was zu sagen haben&hellip;<\/p>\n","protected":false},"author":3,"featured_media":117275,"comment_status":"open","ping_status":"open","sticky":false,"template":"","format":"standard","meta":[],"categories":[291],"tags":[],"yoast_head":"<!-- This site is optimized with the Yoast SEO plugin v17.2.1 - https:\/\/yoast.com\/wordpress\/plugins\/seo\/ -->\n<title>Tell - Il Libro - Libreria Internazionale<\/title>\n<meta name=\"description\" content=\"Unter dem Motto &quot;Spieglein Spieglein an der Wand&quot; werden wir &quot;Tell&quot; von Joachim B. Schmidt lesen und besprechen.\" \/>\n<meta name=\"robots\" content=\"index, follow, max-snippet:-1, max-image-preview:large, max-video-preview:-1\" \/>\n<link rel=\"canonical\" href=\"https:\/\/www.il-libro.it\/en\/tell\/\" \/>\n<meta property=\"og:locale\" content=\"en_US\" \/>\n<meta property=\"og:type\" content=\"article\" \/>\n<meta property=\"og:title\" content=\"Tell - Il Libro - Libreria Internazionale\" \/>\n<meta property=\"og:description\" content=\"Unter dem Motto &quot;Spieglein Spieglein an der Wand&quot; werden wir &quot;Tell&quot; von Joachim B. Schmidt lesen und besprechen.\" \/>\n<meta property=\"og:url\" content=\"https:\/\/www.il-libro.it\/tell\/\" \/>\n<meta property=\"og:site_name\" content=\"Il Libro - Libreria Internazionale\" \/>\n<meta property=\"article:publisher\" content=\"https:\/\/www.facebook.com\/IL-LIBRO-Libreria-Internazionale-2127680667458029\/?fref=ts\" \/>\n<meta property=\"article:published_time\" content=\"2023-10-19T18:58:49+00:00\" \/>\n<meta property=\"article:modified_time\" content=\"2023-10-19T19:06:09+00:00\" \/>\n<meta property=\"og:image\" content=\"https:\/\/www.il-libro.it\/wp-content\/uploads\/2023\/10\/SchmidTell.jpg\" \/>\n\t<meta property=\"og:image:width\" content=\"574\" \/>\n\t<meta property=\"og:image:height\" content=\"1000\" \/>\n<meta name=\"twitter:card\" content=\"summary_large_image\" \/>\n<meta name=\"twitter:label1\" content=\"Written by\" \/>\n\t<meta name=\"twitter:data1\" content=\"Marco Gironi\" \/>\n\t<meta name=\"twitter:label2\" content=\"Est. reading time\" \/>\n\t<meta name=\"twitter:data2\" content=\"2 minutes\" \/>\n<script type=\"application\/ld+json\" class=\"yoast-schema-graph\">{\"@context\":\"https:\/\/schema.org\",\"@graph\":[{\"@type\":\"Organization\",\"@id\":\"https:\/\/www.il-libro.it\/#organization\",\"name\":\"il libro libreria internazionale\",\"url\":\"https:\/\/www.il-libro.it\/\",\"sameAs\":[\"https:\/\/www.facebook.com\/IL-LIBRO-Libreria-Internazionale-2127680667458029\/?fref=ts\",\"https:\/\/www.instagram.com\/il.libro.internazionale\/\"],\"logo\":{\"@type\":\"ImageObject\",\"@id\":\"https:\/\/www.il-libro.it\/#logo\",\"inLanguage\":\"en-US\",\"url\":\"https:\/\/www.il-libro.it\/wp-content\/uploads\/2017\/03\/logo.png\",\"contentUrl\":\"https:\/\/www.il-libro.it\/wp-content\/uploads\/2017\/03\/logo.png\",\"width\":180,\"height\":90,\"caption\":\"il libro libreria internazionale\"},\"image\":{\"@id\":\"https:\/\/www.il-libro.it\/#logo\"}},{\"@type\":\"WebSite\",\"@id\":\"https:\/\/www.il-libro.it\/#website\",\"url\":\"https:\/\/www.il-libro.it\/\",\"name\":\"Il Libro - Libreria Internazionale\",\"description\":\"Benvenuti nella libreria internazionale\",\"publisher\":{\"@id\":\"https:\/\/www.il-libro.it\/#organization\"},\"potentialAction\":[{\"@type\":\"SearchAction\",\"target\":{\"@type\":\"EntryPoint\",\"urlTemplate\":\"https:\/\/www.il-libro.it\/?s={search_term_string}\"},\"query-input\":\"required name=search_term_string\"}],\"inLanguage\":\"en-US\"},{\"@type\":\"ImageObject\",\"@id\":\"https:\/\/www.il-libro.it\/tell\/#primaryimage\",\"inLanguage\":\"en-US\",\"url\":\"https:\/\/www.il-libro.it\/wp-content\/uploads\/2023\/10\/SchmidTell.jpg\",\"contentUrl\":\"https:\/\/www.il-libro.it\/wp-content\/uploads\/2023\/10\/SchmidTell.jpg\",\"width\":574,\"height\":1000},{\"@type\":\"WebPage\",\"@id\":\"https:\/\/www.il-libro.it\/tell\/#webpage\",\"url\":\"https:\/\/www.il-libro.it\/tell\/\",\"name\":\"Tell - Il Libro - Libreria Internazionale\",\"isPartOf\":{\"@id\":\"https:\/\/www.il-libro.it\/#website\"},\"primaryImageOfPage\":{\"@id\":\"https:\/\/www.il-libro.it\/tell\/#primaryimage\"},\"datePublished\":\"2023-10-19T18:58:49+00:00\",\"dateModified\":\"2023-10-19T19:06:09+00:00\",\"description\":\"Unter dem Motto \\\"Spieglein Spieglein an der Wand\\\" werden wir \\\"Tell\\\" von Joachim B. Schmidt lesen und besprechen.\",\"breadcrumb\":{\"@id\":\"https:\/\/www.il-libro.it\/tell\/#breadcrumb\"},\"inLanguage\":\"en-US\",\"potentialAction\":[{\"@type\":\"ReadAction\",\"target\":[\"https:\/\/www.il-libro.it\/tell\/\"]}]},{\"@type\":\"BreadcrumbList\",\"@id\":\"https:\/\/www.il-libro.it\/tell\/#breadcrumb\",\"itemListElement\":[{\"@type\":\"ListItem\",\"position\":1,\"name\":\"Home\",\"item\":\"https:\/\/www.il-libro.it\/en\/homepage-05\/\"},{\"@type\":\"ListItem\",\"position\":2,\"name\":\"Tell\"}]},{\"@type\":\"Article\",\"@id\":\"https:\/\/www.il-libro.it\/tell\/#article\",\"isPartOf\":{\"@id\":\"https:\/\/www.il-libro.it\/tell\/#webpage\"},\"author\":{\"@id\":\"https:\/\/www.il-libro.it\/#\/schema\/person\/eb036c9c1b4b3eeb29c0bcdf70429db9\"},\"headline\":\"Tell\",\"datePublished\":\"2023-10-19T18:58:49+00:00\",\"dateModified\":\"2023-10-19T19:06:09+00:00\",\"mainEntityOfPage\":{\"@id\":\"https:\/\/www.il-libro.it\/tell\/#webpage\"},\"wordCount\":243,\"commentCount\":0,\"publisher\":{\"@id\":\"https:\/\/www.il-libro.it\/#organization\"},\"image\":{\"@id\":\"https:\/\/www.il-libro.it\/tell\/#primaryimage\"},\"thumbnailUrl\":\"https:\/\/www.il-libro.it\/wp-content\/uploads\/2023\/10\/SchmidTell.jpg\",\"articleSection\":[\"Literaturtreffen\"],\"inLanguage\":\"en-US\",\"potentialAction\":[{\"@type\":\"CommentAction\",\"name\":\"Comment\",\"target\":[\"https:\/\/www.il-libro.it\/tell\/#respond\"]}]},{\"@type\":\"Person\",\"@id\":\"https:\/\/www.il-libro.it\/#\/schema\/person\/eb036c9c1b4b3eeb29c0bcdf70429db9\",\"name\":\"Marco Gironi\",\"image\":{\"@type\":\"ImageObject\",\"@id\":\"https:\/\/www.il-libro.it\/#personlogo\",\"inLanguage\":\"en-US\",\"url\":\"https:\/\/secure.gravatar.com\/avatar\/59de39c8c798f6ff42f67487686c1929?s=96&d=mm&r=g\",\"contentUrl\":\"https:\/\/secure.gravatar.com\/avatar\/59de39c8c798f6ff42f67487686c1929?s=96&d=mm&r=g\",\"caption\":\"Marco Gironi\"}}]}<\/script>\n<!-- \/ Yoast SEO plugin. -->","yoast_head_json":{"title":"Tell - Il Libro - Libreria Internazionale","description":"Unter dem Motto \"Spieglein Spieglein an der Wand\" werden wir \"Tell\" von Joachim B. Schmidt lesen und besprechen.","robots":{"index":"index","follow":"follow","max-snippet":"max-snippet:-1","max-image-preview":"max-image-preview:large","max-video-preview":"max-video-preview:-1"},"canonical":"https:\/\/www.il-libro.it\/en\/tell\/","og_locale":"en_US","og_type":"article","og_title":"Tell - Il Libro - Libreria Internazionale","og_description":"Unter dem Motto \"Spieglein Spieglein an der Wand\" werden wir \"Tell\" von Joachim B. Schmidt lesen und besprechen.","og_url":"https:\/\/www.il-libro.it\/tell\/","og_site_name":"Il Libro - Libreria Internazionale","article_publisher":"https:\/\/www.facebook.com\/IL-LIBRO-Libreria-Internazionale-2127680667458029\/?fref=ts","article_published_time":"2023-10-19T18:58:49+00:00","article_modified_time":"2023-10-19T19:06:09+00:00","og_image":[{"width":574,"height":1000,"url":"https:\/\/www.il-libro.it\/wp-content\/uploads\/2023\/10\/SchmidTell.jpg","path":"\/var\/www\/vhosts\/il-libro.it\/httpdocs\/wp-content\/uploads\/2023\/10\/SchmidTell.jpg","size":"full","id":117275,"alt":"","pixels":574000,"type":"image\/jpeg"}],"twitter_card":"summary_large_image","twitter_misc":{"Written by":"Marco Gironi","Est. reading time":"2 minutes"},"schema":{"@context":"https:\/\/schema.org","@graph":[{"@type":"Organization","@id":"https:\/\/www.il-libro.it\/#organization","name":"il libro libreria internazionale","url":"https:\/\/www.il-libro.it\/","sameAs":["https:\/\/www.facebook.com\/IL-LIBRO-Libreria-Internazionale-2127680667458029\/?fref=ts","https:\/\/www.instagram.com\/il.libro.internazionale\/"],"logo":{"@type":"ImageObject","@id":"https:\/\/www.il-libro.it\/#logo","inLanguage":"en-US","url":"https:\/\/www.il-libro.it\/wp-content\/uploads\/2017\/03\/logo.png","contentUrl":"https:\/\/www.il-libro.it\/wp-content\/uploads\/2017\/03\/logo.png","width":180,"height":90,"caption":"il libro libreria internazionale"},"image":{"@id":"https:\/\/www.il-libro.it\/#logo"}},{"@type":"WebSite","@id":"https:\/\/www.il-libro.it\/#website","url":"https:\/\/www.il-libro.it\/","name":"Il Libro - Libreria Internazionale","description":"Benvenuti nella libreria internazionale","publisher":{"@id":"https:\/\/www.il-libro.it\/#organization"},"potentialAction":[{"@type":"SearchAction","target":{"@type":"EntryPoint","urlTemplate":"https:\/\/www.il-libro.it\/?s={search_term_string}"},"query-input":"required name=search_term_string"}],"inLanguage":"en-US"},{"@type":"ImageObject","@id":"https:\/\/www.il-libro.it\/tell\/#primaryimage","inLanguage":"en-US","url":"https:\/\/www.il-libro.it\/wp-content\/uploads\/2023\/10\/SchmidTell.jpg","contentUrl":"https:\/\/www.il-libro.it\/wp-content\/uploads\/2023\/10\/SchmidTell.jpg","width":574,"height":1000},{"@type":"WebPage","@id":"https:\/\/www.il-libro.it\/tell\/#webpage","url":"https:\/\/www.il-libro.it\/tell\/","name":"Tell - Il Libro - Libreria Internazionale","isPartOf":{"@id":"https:\/\/www.il-libro.it\/#website"},"primaryImageOfPage":{"@id":"https:\/\/www.il-libro.it\/tell\/#primaryimage"},"datePublished":"2023-10-19T18:58:49+00:00","dateModified":"2023-10-19T19:06:09+00:00","description":"Unter dem Motto \"Spieglein Spieglein an der Wand\" werden wir \"Tell\" von Joachim B. Schmidt lesen und besprechen.","breadcrumb":{"@id":"https:\/\/www.il-libro.it\/tell\/#breadcrumb"},"inLanguage":"en-US","potentialAction":[{"@type":"ReadAction","target":["https:\/\/www.il-libro.it\/tell\/"]}]},{"@type":"BreadcrumbList","@id":"https:\/\/www.il-libro.it\/tell\/#breadcrumb","itemListElement":[{"@type":"ListItem","position":1,"name":"Home","item":"https:\/\/www.il-libro.it\/en\/homepage-05\/"},{"@type":"ListItem","position":2,"name":"Tell"}]},{"@type":"Article","@id":"https:\/\/www.il-libro.it\/tell\/#article","isPartOf":{"@id":"https:\/\/www.il-libro.it\/tell\/#webpage"},"author":{"@id":"https:\/\/www.il-libro.it\/#\/schema\/person\/eb036c9c1b4b3eeb29c0bcdf70429db9"},"headline":"Tell","datePublished":"2023-10-19T18:58:49+00:00","dateModified":"2023-10-19T19:06:09+00:00","mainEntityOfPage":{"@id":"https:\/\/www.il-libro.it\/tell\/#webpage"},"wordCount":243,"commentCount":0,"publisher":{"@id":"https:\/\/www.il-libro.it\/#organization"},"image":{"@id":"https:\/\/www.il-libro.it\/tell\/#primaryimage"},"thumbnailUrl":"https:\/\/www.il-libro.it\/wp-content\/uploads\/2023\/10\/SchmidTell.jpg","articleSection":["Literaturtreffen"],"inLanguage":"en-US","potentialAction":[{"@type":"CommentAction","name":"Comment","target":["https:\/\/www.il-libro.it\/tell\/#respond"]}]},{"@type":"Person","@id":"https:\/\/www.il-libro.it\/#\/schema\/person\/eb036c9c1b4b3eeb29c0bcdf70429db9","name":"Marco Gironi","image":{"@type":"ImageObject","@id":"https:\/\/www.il-libro.it\/#personlogo","inLanguage":"en-US","url":"https:\/\/secure.gravatar.com\/avatar\/59de39c8c798f6ff42f67487686c1929?s=96&d=mm&r=g","contentUrl":"https:\/\/secure.gravatar.com\/avatar\/59de39c8c798f6ff42f67487686c1929?s=96&d=mm&r=g","caption":"Marco Gironi"}}]}},"_links":{"self":[{"href":"https:\/\/www.il-libro.it\/en\/wp-json\/wp\/v2\/posts\/117283"}],"collection":[{"href":"https:\/\/www.il-libro.it\/en\/wp-json\/wp\/v2\/posts"}],"about":[{"href":"https:\/\/www.il-libro.it\/en\/wp-json\/wp\/v2\/types\/post"}],"author":[{"embeddable":true,"href":"https:\/\/www.il-libro.it\/en\/wp-json\/wp\/v2\/users\/3"}],"replies":[{"embeddable":true,"href":"https:\/\/www.il-libro.it\/en\/wp-json\/wp\/v2\/comments?post=117283"}],"version-history":[{"count":3,"href":"https:\/\/www.il-libro.it\/en\/wp-json\/wp\/v2\/posts\/117283\/revisions"}],"predecessor-version":[{"id":117286,"href":"https:\/\/www.il-libro.it\/en\/wp-json\/wp\/v2\/posts\/117283\/revisions\/117286"}],"wp:featuredmedia":[{"embeddable":true,"href":"https:\/\/www.il-libro.it\/en\/wp-json\/wp\/v2\/media\/117275"}],"wp:attachment":[{"href":"https:\/\/www.il-libro.it\/en\/wp-json\/wp\/v2\/media?parent=117283"}],"wp:term":[{"taxonomy":"category","embeddable":true,"href":"https:\/\/www.il-libro.it\/en\/wp-json\/wp\/v2\/categories?post=117283"},{"taxonomy":"post_tag","embeddable":true,"href":"https:\/\/www.il-libro.it\/en\/wp-json\/wp\/v2\/tags?post=117283"}],"curies":[{"name":"wp","href":"https:\/\/api.w.org\/{rel}","templated":true}]}}