{"id":117712,"date":"2025-07-22T17:24:28","date_gmt":"2025-07-22T15:24:28","guid":{"rendered":"https:\/\/www.il-libro.it\/?p=117712"},"modified":"2025-09-04T21:58:11","modified_gmt":"2025-09-04T19:58:11","slug":"wenn-du-geredet-hattest-desdemona","status":"publish","type":"post","link":"https:\/\/www.il-libro.it\/en\/wenn-du-geredet-hattest-desdemona\/","title":{"rendered":"Wenn du geredet h\u00e4ttest, Desdemona"},"content":{"rendered":"<div style=\"text-align: center;\">\n<p style=\"text-align: left;\">Unser aktuelles Leitmotiv f\u00fcr die kommenden Lekt\u00fcren ist<\/p>\n<h3><span style=\"color: #ff0000;\"><strong>Sie? Eine wie wir!<\/strong><\/span><\/h3>\n<p style=\"text-align: left;\">&#8220;Frauen&#8221; werden also unser n\u00e4chstes Thema sein: starke, schwache, schlaue, bescheidene, witzige, junge oder alte, z\u00e4rtliche oder eitel, gierig nach Macht, nach Vergn\u00fcgen oder nach Neuigkeiten. Wir werden unterschiedliche Facetten der tausenden Deklinationen der &#8220;Frau&#8221; unter die Lupe nehmen und zwar mit folgenden B\u00fcchern:<\/p>\n<ul>\n<li style=\"text-align: left;\">Aber nach drei Strophen ist Schluss! von Renate Bergmann<\/li>\n<li style=\"text-align: left;\">Medea von Christa Wolf<\/li>\n<li style=\"text-align: left;\">Effi Briest von Theodor Fontane<\/li>\n<li style=\"text-align: left;\">Marschlande von Jarka Kubsova<\/li>\n<li style=\"text-align: left;\">Die Jungfrau von Monika Helfer<\/li>\n<li style=\"text-align: left;\">Die Dinge. Eine Geschichte der Frauen in 100 Objekten von Annabelle Hirsch<\/li>\n<li style=\"text-align: left;\">Reisende auf einem Bein von Herta M\u00fcller<\/li>\n<li style=\"text-align: left;\"><span style=\"color: #ff0000;\"><em><strong>Wenn du geredet h\u00e4ttest, Desdemona von Christine Br\u00fcckner<\/strong><\/em><\/span><\/li>\n<li style=\"text-align: left;\">Wen du h\u00f6rst, sag mir, wen du siehst, sag mir, wer du bist von Andrea Nagele<\/li>\n<\/ul>\n<hr \/>\n<p><em>&#8220;Wir haben uns in die R\u00e4der der Geschichte geworfen und sind in die Speichen geraten.&#8221;<\/em><\/p>\n<hr \/>\n<h3><span style=\"color: #000080;\"><strong><span style=\"color: #000080;\"><img class=\"aligncenter wp-image-117713\" src=\"https:\/\/www.il-libro.it\/wp-content\/uploads\/2025\/07\/BrucknerWennDuGedredetHattestDesdemona-188x300.jpg\" alt=\"\" width=\"188\" height=\"300\" srcset=\"https:\/\/www.il-libro.it\/wp-content\/uploads\/2025\/07\/BrucknerWennDuGedredetHattestDesdemona-188x300.jpg 188w, https:\/\/www.il-libro.it\/wp-content\/uploads\/2025\/07\/BrucknerWennDuGedredetHattestDesdemona.jpg 628w\" sizes=\"(max-width: 188px) 100vw, 188px\" \/><br \/>\nWenn du geredet h\u00e4ttest, Desdemona<br \/>\n<\/span><\/strong><\/span><span style=\"color: #000080;\"><strong><span style=\"color: #000080;\">Christine Br\u00fcckner<br \/>\n<\/span><br \/>\n<\/strong><\/span><\/h3>\n<h3 style=\"text-align: center;\"><span style=\"color: #000080;\"><strong><span style=\"color: #ff0000;\"><b>am 23. September 2025<\/b><\/span><\/strong><\/span><\/h3>\n<h3 style=\"text-align: center;\"><span style=\"color: #000080;\"><strong><span style=\"color: #ff0000;\">ONLINE mit <em>anna e il libro<\/em><\/span><\/strong><\/span><\/h3>\n<\/div>\n<p>Was h\u00e4tten Frauen gesagt, wenn man ihnen zugeh\u00f6rt h\u00e4tte? In \u201e<em>Wenn du geredet h\u00e4ttest, Desdemona<\/em>\u201c leiht Christine Br\u00fcckner vierzehn historischen, literarischen und mythischen Frauenfiguren ihre Stimme \u2013 eindringlich, poetisch und voller Wucht.<\/p>\n<p>Die fiktiven Monologe sind bewegend und aufr\u00fcttelnd zugleich: Klyt\u00e4mnestra, zum Beispiel,\u00a0 klagt den Gr\u00f6\u00dfenwahn Agamemnons an, Katharina Luther spricht \u00fcber Ehe, Glaube und Alltag, und Gudrun Ensslin rechnet mit sich und ihrer Geschichte ab. Ob erfunden oder real \u2013 sie alle haben etwas zu sagen.<\/p>\n<p>&nbsp;<\/p>\n<p>Wir freuen uns sehr auf Ihre\/ Eure Anmeldung zu unserem Literaturabend.<\/p>\n<p>Mit einer Nachricht an <a href=\"mailto:info@il-libro.it\" target=\"_blank\" rel=\"noopener\">info@il-libro.it<\/a> k\u00f6nnen Sie sich anmelden und Sie bekommen den Zugangscode per Mail.<\/p>\n","protected":false},"excerpt":{"rendered":"<p>Unser aktuelles Leitmotiv f\u00fcr die kommenden Lekt\u00fcren ist Sie? Eine wie wir! &#8220;Frauen&#8221; werden also unser n\u00e4chstes Thema sein: starke, schwache, schlaue, bescheidene, witzige, junge oder alte, z\u00e4rtliche oder eitel, gierig nach Macht, nach Vergn\u00fcgen oder nach Neuigkeiten. Wir werden unterschiedliche Facetten der tausenden Deklinationen der &#8220;Frau&#8221; unter die Lupe nehmen und zwar mit folgenden&hellip;<\/p>\n","protected":false},"author":3,"featured_media":117713,"comment_status":"open","ping_status":"open","sticky":false,"template":"","format":"standard","meta":[],"categories":[291],"tags":[],"yoast_head":"<!-- This site is optimized with the Yoast SEO plugin v17.2.1 - https:\/\/yoast.com\/wordpress\/plugins\/seo\/ -->\n<title>Wenn du geredet h\u00e4ttest, Desdemona - Il Libro - Libreria Internazionale<\/title>\n<meta name=\"description\" content=\"Unter dem Motto &quot;Sie? Eine wie wir&quot; lesen wir als Sommerlekt\u00fcre &quot;Wenn du geredet h\u00e4ttest, Desdemona&quot; von Christinie Br\u00fcckner.\" \/>\n<meta name=\"robots\" content=\"index, follow, max-snippet:-1, max-image-preview:large, max-video-preview:-1\" \/>\n<link rel=\"canonical\" href=\"https:\/\/www.il-libro.it\/en\/wenn-du-geredet-hattest-desdemona\/\" \/>\n<meta property=\"og:locale\" content=\"en_US\" \/>\n<meta property=\"og:type\" content=\"article\" \/>\n<meta property=\"og:title\" content=\"Wenn du geredet h\u00e4ttest, Desdemona - Il Libro - Libreria Internazionale\" \/>\n<meta property=\"og:description\" content=\"Unter dem Motto &quot;Sie? Eine wie wir&quot; lesen wir als Sommerlekt\u00fcre &quot;Wenn du geredet h\u00e4ttest, Desdemona&quot; von Christinie Br\u00fcckner.\" \/>\n<meta property=\"og:url\" content=\"https:\/\/www.il-libro.it\/wenn-du-geredet-hattest-desdemona\/\" \/>\n<meta property=\"og:site_name\" content=\"Il Libro - Libreria Internazionale\" \/>\n<meta property=\"article:publisher\" content=\"https:\/\/www.facebook.com\/IL-LIBRO-Libreria-Internazionale-2127680667458029\/?fref=ts\" \/>\n<meta property=\"article:published_time\" content=\"2025-07-22T15:24:28+00:00\" \/>\n<meta property=\"article:modified_time\" content=\"2025-09-04T19:58:11+00:00\" \/>\n<meta property=\"og:image\" content=\"https:\/\/www.il-libro.it\/wp-content\/uploads\/2025\/07\/BrucknerWennDuGedredetHattestDesdemona.jpg\" \/>\n\t<meta property=\"og:image:width\" content=\"628\" \/>\n\t<meta property=\"og:image:height\" content=\"1000\" \/>\n<meta name=\"twitter:card\" content=\"summary_large_image\" \/>\n<meta name=\"twitter:label1\" content=\"Written by\" \/>\n\t<meta name=\"twitter:data1\" content=\"Marco Gironi\" \/>\n\t<meta name=\"twitter:label2\" content=\"Est. reading time\" \/>\n\t<meta name=\"twitter:data2\" content=\"2 minutes\" \/>\n<script type=\"application\/ld+json\" class=\"yoast-schema-graph\">{\"@context\":\"https:\/\/schema.org\",\"@graph\":[{\"@type\":\"Organization\",\"@id\":\"https:\/\/www.il-libro.it\/#organization\",\"name\":\"il libro libreria internazionale\",\"url\":\"https:\/\/www.il-libro.it\/\",\"sameAs\":[\"https:\/\/www.facebook.com\/IL-LIBRO-Libreria-Internazionale-2127680667458029\/?fref=ts\",\"https:\/\/www.instagram.com\/il.libro.internazionale\/\"],\"logo\":{\"@type\":\"ImageObject\",\"@id\":\"https:\/\/www.il-libro.it\/#logo\",\"inLanguage\":\"en-US\",\"url\":\"https:\/\/www.il-libro.it\/wp-content\/uploads\/2017\/03\/logo.png\",\"contentUrl\":\"https:\/\/www.il-libro.it\/wp-content\/uploads\/2017\/03\/logo.png\",\"width\":180,\"height\":90,\"caption\":\"il libro libreria internazionale\"},\"image\":{\"@id\":\"https:\/\/www.il-libro.it\/#logo\"}},{\"@type\":\"WebSite\",\"@id\":\"https:\/\/www.il-libro.it\/#website\",\"url\":\"https:\/\/www.il-libro.it\/\",\"name\":\"Il Libro - Libreria Internazionale\",\"description\":\"Benvenuti nella libreria internazionale\",\"publisher\":{\"@id\":\"https:\/\/www.il-libro.it\/#organization\"},\"potentialAction\":[{\"@type\":\"SearchAction\",\"target\":{\"@type\":\"EntryPoint\",\"urlTemplate\":\"https:\/\/www.il-libro.it\/?s={search_term_string}\"},\"query-input\":\"required name=search_term_string\"}],\"inLanguage\":\"en-US\"},{\"@type\":\"ImageObject\",\"@id\":\"https:\/\/www.il-libro.it\/wenn-du-geredet-hattest-desdemona\/#primaryimage\",\"inLanguage\":\"en-US\",\"url\":\"https:\/\/www.il-libro.it\/wp-content\/uploads\/2025\/07\/BrucknerWennDuGedredetHattestDesdemona.jpg\",\"contentUrl\":\"https:\/\/www.il-libro.it\/wp-content\/uploads\/2025\/07\/BrucknerWennDuGedredetHattestDesdemona.jpg\",\"width\":628,\"height\":1000},{\"@type\":\"WebPage\",\"@id\":\"https:\/\/www.il-libro.it\/wenn-du-geredet-hattest-desdemona\/#webpage\",\"url\":\"https:\/\/www.il-libro.it\/wenn-du-geredet-hattest-desdemona\/\",\"name\":\"Wenn du geredet h\\u00e4ttest, Desdemona - Il Libro - Libreria Internazionale\",\"isPartOf\":{\"@id\":\"https:\/\/www.il-libro.it\/#website\"},\"primaryImageOfPage\":{\"@id\":\"https:\/\/www.il-libro.it\/wenn-du-geredet-hattest-desdemona\/#primaryimage\"},\"datePublished\":\"2025-07-22T15:24:28+00:00\",\"dateModified\":\"2025-09-04T19:58:11+00:00\",\"description\":\"Unter dem Motto \\\"Sie? Eine wie wir\\\" lesen wir als Sommerlekt\\u00fcre \\\"Wenn du geredet h\\u00e4ttest, Desdemona\\\" von Christinie Br\\u00fcckner.\",\"breadcrumb\":{\"@id\":\"https:\/\/www.il-libro.it\/wenn-du-geredet-hattest-desdemona\/#breadcrumb\"},\"inLanguage\":\"en-US\",\"potentialAction\":[{\"@type\":\"ReadAction\",\"target\":[\"https:\/\/www.il-libro.it\/wenn-du-geredet-hattest-desdemona\/\"]}]},{\"@type\":\"BreadcrumbList\",\"@id\":\"https:\/\/www.il-libro.it\/wenn-du-geredet-hattest-desdemona\/#breadcrumb\",\"itemListElement\":[{\"@type\":\"ListItem\",\"position\":1,\"name\":\"Home\",\"item\":\"https:\/\/www.il-libro.it\/en\/homepage-05\/\"},{\"@type\":\"ListItem\",\"position\":2,\"name\":\"Wenn du geredet h\\u00e4ttest, Desdemona\"}]},{\"@type\":\"Article\",\"@id\":\"https:\/\/www.il-libro.it\/wenn-du-geredet-hattest-desdemona\/#article\",\"isPartOf\":{\"@id\":\"https:\/\/www.il-libro.it\/wenn-du-geredet-hattest-desdemona\/#webpage\"},\"author\":{\"@id\":\"https:\/\/www.il-libro.it\/#\/schema\/person\/eb036c9c1b4b3eeb29c0bcdf70429db9\"},\"headline\":\"Wenn du geredet h\\u00e4ttest, Desdemona\",\"datePublished\":\"2025-07-22T15:24:28+00:00\",\"dateModified\":\"2025-09-04T19:58:11+00:00\",\"mainEntityOfPage\":{\"@id\":\"https:\/\/www.il-libro.it\/wenn-du-geredet-hattest-desdemona\/#webpage\"},\"wordCount\":288,\"commentCount\":0,\"publisher\":{\"@id\":\"https:\/\/www.il-libro.it\/#organization\"},\"image\":{\"@id\":\"https:\/\/www.il-libro.it\/wenn-du-geredet-hattest-desdemona\/#primaryimage\"},\"thumbnailUrl\":\"https:\/\/www.il-libro.it\/wp-content\/uploads\/2025\/07\/BrucknerWennDuGedredetHattestDesdemona.jpg\",\"articleSection\":[\"Literaturtreffen\"],\"inLanguage\":\"en-US\",\"potentialAction\":[{\"@type\":\"CommentAction\",\"name\":\"Comment\",\"target\":[\"https:\/\/www.il-libro.it\/wenn-du-geredet-hattest-desdemona\/#respond\"]}]},{\"@type\":\"Person\",\"@id\":\"https:\/\/www.il-libro.it\/#\/schema\/person\/eb036c9c1b4b3eeb29c0bcdf70429db9\",\"name\":\"Marco Gironi\",\"image\":{\"@type\":\"ImageObject\",\"@id\":\"https:\/\/www.il-libro.it\/#personlogo\",\"inLanguage\":\"en-US\",\"url\":\"https:\/\/secure.gravatar.com\/avatar\/59de39c8c798f6ff42f67487686c1929?s=96&d=mm&r=g\",\"contentUrl\":\"https:\/\/secure.gravatar.com\/avatar\/59de39c8c798f6ff42f67487686c1929?s=96&d=mm&r=g\",\"caption\":\"Marco Gironi\"}}]}<\/script>\n<!-- \/ Yoast SEO plugin. -->","yoast_head_json":{"title":"Wenn du geredet h\u00e4ttest, Desdemona - Il Libro - Libreria Internazionale","description":"Unter dem Motto \"Sie? Eine wie wir\" lesen wir als Sommerlekt\u00fcre \"Wenn du geredet h\u00e4ttest, Desdemona\" von Christinie Br\u00fcckner.","robots":{"index":"index","follow":"follow","max-snippet":"max-snippet:-1","max-image-preview":"max-image-preview:large","max-video-preview":"max-video-preview:-1"},"canonical":"https:\/\/www.il-libro.it\/en\/wenn-du-geredet-hattest-desdemona\/","og_locale":"en_US","og_type":"article","og_title":"Wenn du geredet h\u00e4ttest, Desdemona - Il Libro - Libreria Internazionale","og_description":"Unter dem Motto \"Sie? Eine wie wir\" lesen wir als Sommerlekt\u00fcre \"Wenn du geredet h\u00e4ttest, Desdemona\" von Christinie Br\u00fcckner.","og_url":"https:\/\/www.il-libro.it\/wenn-du-geredet-hattest-desdemona\/","og_site_name":"Il Libro - Libreria Internazionale","article_publisher":"https:\/\/www.facebook.com\/IL-LIBRO-Libreria-Internazionale-2127680667458029\/?fref=ts","article_published_time":"2025-07-22T15:24:28+00:00","article_modified_time":"2025-09-04T19:58:11+00:00","og_image":[{"width":628,"height":1000,"url":"https:\/\/www.il-libro.it\/wp-content\/uploads\/2025\/07\/BrucknerWennDuGedredetHattestDesdemona.jpg","path":"\/var\/www\/vhosts\/il-libro.it\/httpdocs\/wp-content\/uploads\/2025\/07\/BrucknerWennDuGedredetHattestDesdemona.jpg","size":"full","id":117713,"alt":"","pixels":628000,"type":"image\/jpeg"}],"twitter_card":"summary_large_image","twitter_misc":{"Written by":"Marco Gironi","Est. reading time":"2 minutes"},"schema":{"@context":"https:\/\/schema.org","@graph":[{"@type":"Organization","@id":"https:\/\/www.il-libro.it\/#organization","name":"il libro libreria internazionale","url":"https:\/\/www.il-libro.it\/","sameAs":["https:\/\/www.facebook.com\/IL-LIBRO-Libreria-Internazionale-2127680667458029\/?fref=ts","https:\/\/www.instagram.com\/il.libro.internazionale\/"],"logo":{"@type":"ImageObject","@id":"https:\/\/www.il-libro.it\/#logo","inLanguage":"en-US","url":"https:\/\/www.il-libro.it\/wp-content\/uploads\/2017\/03\/logo.png","contentUrl":"https:\/\/www.il-libro.it\/wp-content\/uploads\/2017\/03\/logo.png","width":180,"height":90,"caption":"il libro libreria internazionale"},"image":{"@id":"https:\/\/www.il-libro.it\/#logo"}},{"@type":"WebSite","@id":"https:\/\/www.il-libro.it\/#website","url":"https:\/\/www.il-libro.it\/","name":"Il Libro - Libreria Internazionale","description":"Benvenuti nella libreria internazionale","publisher":{"@id":"https:\/\/www.il-libro.it\/#organization"},"potentialAction":[{"@type":"SearchAction","target":{"@type":"EntryPoint","urlTemplate":"https:\/\/www.il-libro.it\/?s={search_term_string}"},"query-input":"required name=search_term_string"}],"inLanguage":"en-US"},{"@type":"ImageObject","@id":"https:\/\/www.il-libro.it\/wenn-du-geredet-hattest-desdemona\/#primaryimage","inLanguage":"en-US","url":"https:\/\/www.il-libro.it\/wp-content\/uploads\/2025\/07\/BrucknerWennDuGedredetHattestDesdemona.jpg","contentUrl":"https:\/\/www.il-libro.it\/wp-content\/uploads\/2025\/07\/BrucknerWennDuGedredetHattestDesdemona.jpg","width":628,"height":1000},{"@type":"WebPage","@id":"https:\/\/www.il-libro.it\/wenn-du-geredet-hattest-desdemona\/#webpage","url":"https:\/\/www.il-libro.it\/wenn-du-geredet-hattest-desdemona\/","name":"Wenn du geredet h\u00e4ttest, Desdemona - Il Libro - Libreria Internazionale","isPartOf":{"@id":"https:\/\/www.il-libro.it\/#website"},"primaryImageOfPage":{"@id":"https:\/\/www.il-libro.it\/wenn-du-geredet-hattest-desdemona\/#primaryimage"},"datePublished":"2025-07-22T15:24:28+00:00","dateModified":"2025-09-04T19:58:11+00:00","description":"Unter dem Motto \"Sie? Eine wie wir\" lesen wir als Sommerlekt\u00fcre \"Wenn du geredet h\u00e4ttest, Desdemona\" von Christinie Br\u00fcckner.","breadcrumb":{"@id":"https:\/\/www.il-libro.it\/wenn-du-geredet-hattest-desdemona\/#breadcrumb"},"inLanguage":"en-US","potentialAction":[{"@type":"ReadAction","target":["https:\/\/www.il-libro.it\/wenn-du-geredet-hattest-desdemona\/"]}]},{"@type":"BreadcrumbList","@id":"https:\/\/www.il-libro.it\/wenn-du-geredet-hattest-desdemona\/#breadcrumb","itemListElement":[{"@type":"ListItem","position":1,"name":"Home","item":"https:\/\/www.il-libro.it\/en\/homepage-05\/"},{"@type":"ListItem","position":2,"name":"Wenn du geredet h\u00e4ttest, Desdemona"}]},{"@type":"Article","@id":"https:\/\/www.il-libro.it\/wenn-du-geredet-hattest-desdemona\/#article","isPartOf":{"@id":"https:\/\/www.il-libro.it\/wenn-du-geredet-hattest-desdemona\/#webpage"},"author":{"@id":"https:\/\/www.il-libro.it\/#\/schema\/person\/eb036c9c1b4b3eeb29c0bcdf70429db9"},"headline":"Wenn du geredet h\u00e4ttest, Desdemona","datePublished":"2025-07-22T15:24:28+00:00","dateModified":"2025-09-04T19:58:11+00:00","mainEntityOfPage":{"@id":"https:\/\/www.il-libro.it\/wenn-du-geredet-hattest-desdemona\/#webpage"},"wordCount":288,"commentCount":0,"publisher":{"@id":"https:\/\/www.il-libro.it\/#organization"},"image":{"@id":"https:\/\/www.il-libro.it\/wenn-du-geredet-hattest-desdemona\/#primaryimage"},"thumbnailUrl":"https:\/\/www.il-libro.it\/wp-content\/uploads\/2025\/07\/BrucknerWennDuGedredetHattestDesdemona.jpg","articleSection":["Literaturtreffen"],"inLanguage":"en-US","potentialAction":[{"@type":"CommentAction","name":"Comment","target":["https:\/\/www.il-libro.it\/wenn-du-geredet-hattest-desdemona\/#respond"]}]},{"@type":"Person","@id":"https:\/\/www.il-libro.it\/#\/schema\/person\/eb036c9c1b4b3eeb29c0bcdf70429db9","name":"Marco Gironi","image":{"@type":"ImageObject","@id":"https:\/\/www.il-libro.it\/#personlogo","inLanguage":"en-US","url":"https:\/\/secure.gravatar.com\/avatar\/59de39c8c798f6ff42f67487686c1929?s=96&d=mm&r=g","contentUrl":"https:\/\/secure.gravatar.com\/avatar\/59de39c8c798f6ff42f67487686c1929?s=96&d=mm&r=g","caption":"Marco Gironi"}}]}},"_links":{"self":[{"href":"https:\/\/www.il-libro.it\/en\/wp-json\/wp\/v2\/posts\/117712"}],"collection":[{"href":"https:\/\/www.il-libro.it\/en\/wp-json\/wp\/v2\/posts"}],"about":[{"href":"https:\/\/www.il-libro.it\/en\/wp-json\/wp\/v2\/types\/post"}],"author":[{"embeddable":true,"href":"https:\/\/www.il-libro.it\/en\/wp-json\/wp\/v2\/users\/3"}],"replies":[{"embeddable":true,"href":"https:\/\/www.il-libro.it\/en\/wp-json\/wp\/v2\/comments?post=117712"}],"version-history":[{"count":2,"href":"https:\/\/www.il-libro.it\/en\/wp-json\/wp\/v2\/posts\/117712\/revisions"}],"predecessor-version":[{"id":117726,"href":"https:\/\/www.il-libro.it\/en\/wp-json\/wp\/v2\/posts\/117712\/revisions\/117726"}],"wp:featuredmedia":[{"embeddable":true,"href":"https:\/\/www.il-libro.it\/en\/wp-json\/wp\/v2\/media\/117713"}],"wp:attachment":[{"href":"https:\/\/www.il-libro.it\/en\/wp-json\/wp\/v2\/media?parent=117712"}],"wp:term":[{"taxonomy":"category","embeddable":true,"href":"https:\/\/www.il-libro.it\/en\/wp-json\/wp\/v2\/categories?post=117712"},{"taxonomy":"post_tag","embeddable":true,"href":"https:\/\/www.il-libro.it\/en\/wp-json\/wp\/v2\/tags?post=117712"}],"curies":[{"name":"wp","href":"https:\/\/api.w.org\/{rel}","templated":true}]}}