{"id":117780,"date":"2025-12-10T18:08:44","date_gmt":"2025-12-10T17:08:44","guid":{"rendered":"https:\/\/www.il-libro.it\/?p=117780"},"modified":"2025-12-10T18:11:56","modified_gmt":"2025-12-10T17:11:56","slug":"sternstunden-der-menschheit","status":"publish","type":"post","link":"https:\/\/www.il-libro.it\/en\/sternstunden-der-menschheit\/","title":{"rendered":"Sternstunden der Menschheit"},"content":{"rendered":"<div style=\"text-align: center;\">\n<p style=\"text-align: left;\"><span class=\"knownFragment\">Unser neues Leitmotiv ist\u00a0\u00a0<\/span><\/p>\n<h3><span style=\"color: #ff0000;\"><strong>Zufall oder Schicksal<br \/>\nWendepunkte im Leben<\/strong><\/span><\/h3>\n<p style=\"text-align: left;\">Sowohl Schicksal wie auch Zufall sind zentrale Themen der Literatur gewesen und sind es immer noch. Wir werden sowohl in Klassiker hineinschnuppern wie auch in aktuellen B\u00fcchern st\u00f6bern. Lassen wir uns beim Lesen der aufgelisteten B\u00fcchern auf eine Reise begeben, um diese Begriffe besser interpretieren zu k\u00f6nnen<\/p>\n<ul>\n<li style=\"text-align: left;\">Dann bleiben wir eben zu Hause! von Renate Bergmann<\/li>\n<li style=\"text-align: left;\"><span style=\"color: #ff0000;\"><em><strong>Sternstunden der Menschheit von Stefan Zweig<\/strong><\/em><\/span><\/li>\n<li style=\"text-align: left;\">Homo Faber von Max Frisch<\/li>\n<li style=\"text-align: left;\">Daheim von Judith Hermann<\/li>\n<li style=\"text-align: left;\">Ansichten eines Clowns von Heinrich B\u00f6ll<\/li>\n<li style=\"text-align: left;\">Reise nach Laredo von Arno Geiger<\/li>\n<li style=\"text-align: left;\">25 letzte Sommer von Stephan Sch\u00e4fer<\/li>\n<li style=\"text-align: left;\">Aller letzte Abend von Jenny Erpenbeck<\/li>\n<li style=\"text-align: left;\">Das Fest von Lucy Fricke<\/li>\n<li style=\"text-align: left;\">Grado im Gl\u00fcck von Andrea Nagele<\/li>\n<\/ul>\n<hr \/>\n<p><em>&#8220;Immer m\u00fcssen Millionen m\u00fc\u00dfige Weltstunden verrinnen, ehe eine wahrhaft historische,<br \/>\n<\/em><em>eine Sternstunde der Menschheit in Erscheinung tritt.&#8221;<\/em><\/p>\n<hr \/>\n<h3><span style=\"color: #000080;\"><strong><span style=\"color: #000080;\"><img class=\"aligncenter wp-image-117782\" src=\"https:\/\/www.il-libro.it\/wp-content\/uploads\/2025\/12\/ZweigSternstunden-189x300.jpg\" alt=\"\" width=\"110\" height=\"175\" srcset=\"https:\/\/www.il-libro.it\/wp-content\/uploads\/2025\/12\/ZweigSternstunden-189x300.jpg 189w, https:\/\/www.il-libro.it\/wp-content\/uploads\/2025\/12\/ZweigSternstunden.jpg 630w\" sizes=\"(max-width: 110px) 100vw, 110px\" \/><br \/>\nSternstunden der Menschheit<\/span><\/strong><\/span><\/h3>\n<h3><span style=\"color: #000080;\"><strong><span style=\"color: #000080;\">von Stefan Zweig<\/span><\/strong><\/span><span style=\"color: #000080;\"><strong><br \/>\n<\/strong><\/span><\/h3>\n<h3 style=\"text-align: center;\"><span style=\"color: #000080;\"><strong><span style=\"color: #ff0000;\"><b>Literaturtreffen<br \/>\nam 21. Januar 2026<br \/>\num 19 Uhr<\/b><\/span><\/strong><\/span><\/h3>\n<h3 style=\"text-align: center;\"><span style=\"color: #000080;\"><strong><span style=\"color: #ff0000;\">ONLINE mit <em>anna e il libro<\/em><\/span><\/strong><\/span><\/h3>\n<\/div>\n<p>Historische Augenblicke, die das Schicksal und die Zukunft der Welt bestimmen: <em>Sternstunden der Menschheit<\/em> nennt sie Stefan Zweig.<\/p>\n<p>In vierzehn Miniaturen beschreibt er gro\u00dfe Momente der Menschheitsgeschichte, die bis heute unersch\u00fctterliche Spuren hinterlassen haben: von der Eroberung von Byzanz und dem Kampf um den S\u00fcdpol \u00fcber die Entstehung der Marseillaise und die Entdeckung des Eldorados bis\u00a0hin zu den ersten Worten, die \u00fcber den Atlantik hinweg gesprochen wurden.<br \/>\nStefan Zweig zeigt dabei in seinen fesselnden Geschichten: Es sind immer auch die Leistungen oder Fehlleistungen der Einzelnen, die den Gang der Welt ver\u00e4ndern.<\/p>\n<p>Wir freuen uns sehr auf Ihre\/ Eure Anmeldung zu unserem Literaturabend.<\/p>\n<p>Mit einer Nachricht an <a href=\"mailto:info@il-libro.it\" target=\"_blank\" rel=\"noopener\">info@il-libro.it<\/a> k\u00f6nnen Sie sich anmelden und Sie bekommen den Zugangscode per Mail.<\/p>\n","protected":false},"excerpt":{"rendered":"<p>Unser neues Leitmotiv ist\u00a0\u00a0 Zufall oder Schicksal Wendepunkte im Leben Sowohl Schicksal wie auch Zufall sind zentrale Themen der Literatur gewesen und sind es immer noch. Wir werden sowohl in Klassiker hineinschnuppern wie auch in aktuellen B\u00fcchern st\u00f6bern. Lassen wir uns beim Lesen der aufgelisteten B\u00fcchern auf eine Reise begeben, um diese Begriffe besser interpretieren&hellip;<\/p>\n","protected":false},"author":3,"featured_media":117782,"comment_status":"open","ping_status":"open","sticky":false,"template":"","format":"standard","meta":[],"categories":[291],"tags":[],"yoast_head":"<!-- This site is optimized with the Yoast SEO plugin v17.2.1 - https:\/\/yoast.com\/wordpress\/plugins\/seo\/ -->\n<title>Sternstunden der Menschheit - Il Libro - Libreria Internazionale<\/title>\n<meta name=\"description\" content=\"Unter dem Motto &quot;Schicksal oder Zufall&quot; besprechen wir &quot;Sternstuden der Menschheit&quot; von Stefan Zweig.\" \/>\n<meta name=\"robots\" content=\"index, follow, max-snippet:-1, max-image-preview:large, max-video-preview:-1\" \/>\n<link rel=\"canonical\" href=\"https:\/\/www.il-libro.it\/en\/sternstunden-der-menschheit\/\" \/>\n<meta property=\"og:locale\" content=\"en_US\" \/>\n<meta property=\"og:type\" content=\"article\" \/>\n<meta property=\"og:title\" content=\"Sternstunden der Menschheit - Il Libro - Libreria Internazionale\" \/>\n<meta property=\"og:description\" content=\"Unter dem Motto &quot;Schicksal oder Zufall&quot; besprechen wir &quot;Sternstuden der Menschheit&quot; von Stefan Zweig.\" \/>\n<meta property=\"og:url\" content=\"https:\/\/www.il-libro.it\/sternstunden-der-menschheit\/\" \/>\n<meta property=\"og:site_name\" content=\"Il Libro - Libreria Internazionale\" \/>\n<meta property=\"article:publisher\" content=\"https:\/\/www.facebook.com\/IL-LIBRO-Libreria-Internazionale-2127680667458029\/?fref=ts\" \/>\n<meta property=\"article:published_time\" content=\"2025-12-10T17:08:44+00:00\" \/>\n<meta property=\"article:modified_time\" content=\"2025-12-10T17:11:56+00:00\" \/>\n<meta property=\"og:image\" content=\"https:\/\/www.il-libro.it\/wp-content\/uploads\/2025\/12\/ZweigSternstunden.jpg\" \/>\n\t<meta property=\"og:image:width\" content=\"630\" \/>\n\t<meta property=\"og:image:height\" content=\"1000\" \/>\n<meta name=\"twitter:card\" content=\"summary_large_image\" \/>\n<meta name=\"twitter:label1\" content=\"Written by\" \/>\n\t<meta name=\"twitter:data1\" content=\"Marco Gironi\" \/>\n\t<meta name=\"twitter:label2\" content=\"Est. reading time\" \/>\n\t<meta name=\"twitter:data2\" content=\"2 minutes\" \/>\n<script type=\"application\/ld+json\" class=\"yoast-schema-graph\">{\"@context\":\"https:\/\/schema.org\",\"@graph\":[{\"@type\":\"Organization\",\"@id\":\"https:\/\/www.il-libro.it\/#organization\",\"name\":\"il libro libreria internazionale\",\"url\":\"https:\/\/www.il-libro.it\/\",\"sameAs\":[\"https:\/\/www.facebook.com\/IL-LIBRO-Libreria-Internazionale-2127680667458029\/?fref=ts\",\"https:\/\/www.instagram.com\/il.libro.internazionale\/\"],\"logo\":{\"@type\":\"ImageObject\",\"@id\":\"https:\/\/www.il-libro.it\/#logo\",\"inLanguage\":\"en-US\",\"url\":\"https:\/\/www.il-libro.it\/wp-content\/uploads\/2017\/03\/logo.png\",\"contentUrl\":\"https:\/\/www.il-libro.it\/wp-content\/uploads\/2017\/03\/logo.png\",\"width\":180,\"height\":90,\"caption\":\"il libro libreria internazionale\"},\"image\":{\"@id\":\"https:\/\/www.il-libro.it\/#logo\"}},{\"@type\":\"WebSite\",\"@id\":\"https:\/\/www.il-libro.it\/#website\",\"url\":\"https:\/\/www.il-libro.it\/\",\"name\":\"Il Libro - Libreria Internazionale\",\"description\":\"Benvenuti nella libreria internazionale\",\"publisher\":{\"@id\":\"https:\/\/www.il-libro.it\/#organization\"},\"potentialAction\":[{\"@type\":\"SearchAction\",\"target\":{\"@type\":\"EntryPoint\",\"urlTemplate\":\"https:\/\/www.il-libro.it\/?s={search_term_string}\"},\"query-input\":\"required name=search_term_string\"}],\"inLanguage\":\"en-US\"},{\"@type\":\"ImageObject\",\"@id\":\"https:\/\/www.il-libro.it\/sternstunden-der-menschheit\/#primaryimage\",\"inLanguage\":\"en-US\",\"url\":\"https:\/\/www.il-libro.it\/wp-content\/uploads\/2025\/12\/ZweigSternstunden.jpg\",\"contentUrl\":\"https:\/\/www.il-libro.it\/wp-content\/uploads\/2025\/12\/ZweigSternstunden.jpg\",\"width\":630,\"height\":1000},{\"@type\":\"WebPage\",\"@id\":\"https:\/\/www.il-libro.it\/sternstunden-der-menschheit\/#webpage\",\"url\":\"https:\/\/www.il-libro.it\/sternstunden-der-menschheit\/\",\"name\":\"Sternstunden der Menschheit - Il Libro - Libreria Internazionale\",\"isPartOf\":{\"@id\":\"https:\/\/www.il-libro.it\/#website\"},\"primaryImageOfPage\":{\"@id\":\"https:\/\/www.il-libro.it\/sternstunden-der-menschheit\/#primaryimage\"},\"datePublished\":\"2025-12-10T17:08:44+00:00\",\"dateModified\":\"2025-12-10T17:11:56+00:00\",\"description\":\"Unter dem Motto \\\"Schicksal oder Zufall\\\" besprechen wir \\\"Sternstuden der Menschheit\\\" von Stefan Zweig.\",\"breadcrumb\":{\"@id\":\"https:\/\/www.il-libro.it\/sternstunden-der-menschheit\/#breadcrumb\"},\"inLanguage\":\"en-US\",\"potentialAction\":[{\"@type\":\"ReadAction\",\"target\":[\"https:\/\/www.il-libro.it\/sternstunden-der-menschheit\/\"]}]},{\"@type\":\"BreadcrumbList\",\"@id\":\"https:\/\/www.il-libro.it\/sternstunden-der-menschheit\/#breadcrumb\",\"itemListElement\":[{\"@type\":\"ListItem\",\"position\":1,\"name\":\"Home\",\"item\":\"https:\/\/www.il-libro.it\/en\/homepage-05\/\"},{\"@type\":\"ListItem\",\"position\":2,\"name\":\"Sternstunden der Menschheit\"}]},{\"@type\":\"Article\",\"@id\":\"https:\/\/www.il-libro.it\/sternstunden-der-menschheit\/#article\",\"isPartOf\":{\"@id\":\"https:\/\/www.il-libro.it\/sternstunden-der-menschheit\/#webpage\"},\"author\":{\"@id\":\"https:\/\/www.il-libro.it\/#\/schema\/person\/eb036c9c1b4b3eeb29c0bcdf70429db9\"},\"headline\":\"Sternstunden der Menschheit\",\"datePublished\":\"2025-12-10T17:08:44+00:00\",\"dateModified\":\"2025-12-10T17:11:56+00:00\",\"mainEntityOfPage\":{\"@id\":\"https:\/\/www.il-libro.it\/sternstunden-der-menschheit\/#webpage\"},\"wordCount\":287,\"commentCount\":0,\"publisher\":{\"@id\":\"https:\/\/www.il-libro.it\/#organization\"},\"image\":{\"@id\":\"https:\/\/www.il-libro.it\/sternstunden-der-menschheit\/#primaryimage\"},\"thumbnailUrl\":\"https:\/\/www.il-libro.it\/wp-content\/uploads\/2025\/12\/ZweigSternstunden.jpg\",\"articleSection\":[\"Literaturtreffen\"],\"inLanguage\":\"en-US\",\"potentialAction\":[{\"@type\":\"CommentAction\",\"name\":\"Comment\",\"target\":[\"https:\/\/www.il-libro.it\/sternstunden-der-menschheit\/#respond\"]}]},{\"@type\":\"Person\",\"@id\":\"https:\/\/www.il-libro.it\/#\/schema\/person\/eb036c9c1b4b3eeb29c0bcdf70429db9\",\"name\":\"Marco Gironi\",\"image\":{\"@type\":\"ImageObject\",\"@id\":\"https:\/\/www.il-libro.it\/#personlogo\",\"inLanguage\":\"en-US\",\"url\":\"https:\/\/secure.gravatar.com\/avatar\/59de39c8c798f6ff42f67487686c1929?s=96&d=mm&r=g\",\"contentUrl\":\"https:\/\/secure.gravatar.com\/avatar\/59de39c8c798f6ff42f67487686c1929?s=96&d=mm&r=g\",\"caption\":\"Marco Gironi\"}}]}<\/script>\n<!-- \/ Yoast SEO plugin. -->","yoast_head_json":{"title":"Sternstunden der Menschheit - Il Libro - Libreria Internazionale","description":"Unter dem Motto \"Schicksal oder Zufall\" besprechen wir \"Sternstuden der Menschheit\" von Stefan Zweig.","robots":{"index":"index","follow":"follow","max-snippet":"max-snippet:-1","max-image-preview":"max-image-preview:large","max-video-preview":"max-video-preview:-1"},"canonical":"https:\/\/www.il-libro.it\/en\/sternstunden-der-menschheit\/","og_locale":"en_US","og_type":"article","og_title":"Sternstunden der Menschheit - Il Libro - Libreria Internazionale","og_description":"Unter dem Motto \"Schicksal oder Zufall\" besprechen wir \"Sternstuden der Menschheit\" von Stefan Zweig.","og_url":"https:\/\/www.il-libro.it\/sternstunden-der-menschheit\/","og_site_name":"Il Libro - Libreria Internazionale","article_publisher":"https:\/\/www.facebook.com\/IL-LIBRO-Libreria-Internazionale-2127680667458029\/?fref=ts","article_published_time":"2025-12-10T17:08:44+00:00","article_modified_time":"2025-12-10T17:11:56+00:00","og_image":[{"width":630,"height":1000,"url":"https:\/\/www.il-libro.it\/wp-content\/uploads\/2025\/12\/ZweigSternstunden.jpg","path":"\/var\/www\/vhosts\/il-libro.it\/httpdocs\/wp-content\/uploads\/2025\/12\/ZweigSternstunden.jpg","size":"full","id":117782,"alt":"","pixels":630000,"type":"image\/jpeg"}],"twitter_card":"summary_large_image","twitter_misc":{"Written by":"Marco Gironi","Est. reading time":"2 minutes"},"schema":{"@context":"https:\/\/schema.org","@graph":[{"@type":"Organization","@id":"https:\/\/www.il-libro.it\/#organization","name":"il libro libreria internazionale","url":"https:\/\/www.il-libro.it\/","sameAs":["https:\/\/www.facebook.com\/IL-LIBRO-Libreria-Internazionale-2127680667458029\/?fref=ts","https:\/\/www.instagram.com\/il.libro.internazionale\/"],"logo":{"@type":"ImageObject","@id":"https:\/\/www.il-libro.it\/#logo","inLanguage":"en-US","url":"https:\/\/www.il-libro.it\/wp-content\/uploads\/2017\/03\/logo.png","contentUrl":"https:\/\/www.il-libro.it\/wp-content\/uploads\/2017\/03\/logo.png","width":180,"height":90,"caption":"il libro libreria internazionale"},"image":{"@id":"https:\/\/www.il-libro.it\/#logo"}},{"@type":"WebSite","@id":"https:\/\/www.il-libro.it\/#website","url":"https:\/\/www.il-libro.it\/","name":"Il Libro - Libreria Internazionale","description":"Benvenuti nella libreria internazionale","publisher":{"@id":"https:\/\/www.il-libro.it\/#organization"},"potentialAction":[{"@type":"SearchAction","target":{"@type":"EntryPoint","urlTemplate":"https:\/\/www.il-libro.it\/?s={search_term_string}"},"query-input":"required name=search_term_string"}],"inLanguage":"en-US"},{"@type":"ImageObject","@id":"https:\/\/www.il-libro.it\/sternstunden-der-menschheit\/#primaryimage","inLanguage":"en-US","url":"https:\/\/www.il-libro.it\/wp-content\/uploads\/2025\/12\/ZweigSternstunden.jpg","contentUrl":"https:\/\/www.il-libro.it\/wp-content\/uploads\/2025\/12\/ZweigSternstunden.jpg","width":630,"height":1000},{"@type":"WebPage","@id":"https:\/\/www.il-libro.it\/sternstunden-der-menschheit\/#webpage","url":"https:\/\/www.il-libro.it\/sternstunden-der-menschheit\/","name":"Sternstunden der Menschheit - Il Libro - Libreria Internazionale","isPartOf":{"@id":"https:\/\/www.il-libro.it\/#website"},"primaryImageOfPage":{"@id":"https:\/\/www.il-libro.it\/sternstunden-der-menschheit\/#primaryimage"},"datePublished":"2025-12-10T17:08:44+00:00","dateModified":"2025-12-10T17:11:56+00:00","description":"Unter dem Motto \"Schicksal oder Zufall\" besprechen wir \"Sternstuden der Menschheit\" von Stefan Zweig.","breadcrumb":{"@id":"https:\/\/www.il-libro.it\/sternstunden-der-menschheit\/#breadcrumb"},"inLanguage":"en-US","potentialAction":[{"@type":"ReadAction","target":["https:\/\/www.il-libro.it\/sternstunden-der-menschheit\/"]}]},{"@type":"BreadcrumbList","@id":"https:\/\/www.il-libro.it\/sternstunden-der-menschheit\/#breadcrumb","itemListElement":[{"@type":"ListItem","position":1,"name":"Home","item":"https:\/\/www.il-libro.it\/en\/homepage-05\/"},{"@type":"ListItem","position":2,"name":"Sternstunden der Menschheit"}]},{"@type":"Article","@id":"https:\/\/www.il-libro.it\/sternstunden-der-menschheit\/#article","isPartOf":{"@id":"https:\/\/www.il-libro.it\/sternstunden-der-menschheit\/#webpage"},"author":{"@id":"https:\/\/www.il-libro.it\/#\/schema\/person\/eb036c9c1b4b3eeb29c0bcdf70429db9"},"headline":"Sternstunden der Menschheit","datePublished":"2025-12-10T17:08:44+00:00","dateModified":"2025-12-10T17:11:56+00:00","mainEntityOfPage":{"@id":"https:\/\/www.il-libro.it\/sternstunden-der-menschheit\/#webpage"},"wordCount":287,"commentCount":0,"publisher":{"@id":"https:\/\/www.il-libro.it\/#organization"},"image":{"@id":"https:\/\/www.il-libro.it\/sternstunden-der-menschheit\/#primaryimage"},"thumbnailUrl":"https:\/\/www.il-libro.it\/wp-content\/uploads\/2025\/12\/ZweigSternstunden.jpg","articleSection":["Literaturtreffen"],"inLanguage":"en-US","potentialAction":[{"@type":"CommentAction","name":"Comment","target":["https:\/\/www.il-libro.it\/sternstunden-der-menschheit\/#respond"]}]},{"@type":"Person","@id":"https:\/\/www.il-libro.it\/#\/schema\/person\/eb036c9c1b4b3eeb29c0bcdf70429db9","name":"Marco Gironi","image":{"@type":"ImageObject","@id":"https:\/\/www.il-libro.it\/#personlogo","inLanguage":"en-US","url":"https:\/\/secure.gravatar.com\/avatar\/59de39c8c798f6ff42f67487686c1929?s=96&d=mm&r=g","contentUrl":"https:\/\/secure.gravatar.com\/avatar\/59de39c8c798f6ff42f67487686c1929?s=96&d=mm&r=g","caption":"Marco Gironi"}}]}},"_links":{"self":[{"href":"https:\/\/www.il-libro.it\/en\/wp-json\/wp\/v2\/posts\/117780"}],"collection":[{"href":"https:\/\/www.il-libro.it\/en\/wp-json\/wp\/v2\/posts"}],"about":[{"href":"https:\/\/www.il-libro.it\/en\/wp-json\/wp\/v2\/types\/post"}],"author":[{"embeddable":true,"href":"https:\/\/www.il-libro.it\/en\/wp-json\/wp\/v2\/users\/3"}],"replies":[{"embeddable":true,"href":"https:\/\/www.il-libro.it\/en\/wp-json\/wp\/v2\/comments?post=117780"}],"version-history":[{"count":2,"href":"https:\/\/www.il-libro.it\/en\/wp-json\/wp\/v2\/posts\/117780\/revisions"}],"predecessor-version":[{"id":117787,"href":"https:\/\/www.il-libro.it\/en\/wp-json\/wp\/v2\/posts\/117780\/revisions\/117787"}],"wp:featuredmedia":[{"embeddable":true,"href":"https:\/\/www.il-libro.it\/en\/wp-json\/wp\/v2\/media\/117782"}],"wp:attachment":[{"href":"https:\/\/www.il-libro.it\/en\/wp-json\/wp\/v2\/media?parent=117780"}],"wp:term":[{"taxonomy":"category","embeddable":true,"href":"https:\/\/www.il-libro.it\/en\/wp-json\/wp\/v2\/categories?post=117780"},{"taxonomy":"post_tag","embeddable":true,"href":"https:\/\/www.il-libro.it\/en\/wp-json\/wp\/v2\/tags?post=117780"}],"curies":[{"name":"wp","href":"https:\/\/api.w.org\/{rel}","templated":true}]}}