{"id":24644,"date":"2018-05-04T18:20:17","date_gmt":"2018-05-04T16:20:17","guid":{"rendered":"http:\/\/www.il-libro.it\/?p=24644"},"modified":"2019-05-14T16:09:58","modified_gmt":"2019-05-14T14:09:58","slug":"und-marx-stand-still-in-darwins-garten","status":"publish","type":"post","link":"https:\/\/www.il-libro.it\/en\/und-marx-stand-still-in-darwins-garten\/","title":{"rendered":"Grado im Sturm"},"content":{"rendered":"<div class=\"separatore\">\n<h3 align=\"CENTER\"><strong>Literaturtreffen mit Schriftstellerin<\/strong><\/h3>\n<h3 align=\"CENTER\"><strong>Andrea Nagele<br \/>\n\u201eGrado im Sturm\u201d <\/strong><\/h3>\n<p style=\"text-align: center;\"><strong>Donnerstag, den 9. Mai<\/strong><strong> 2019<\/strong><\/p>\n<p style=\"text-align: center;\">um <strong>19 Uhr<\/strong><\/p>\n<p style=\"text-align: center;\">in der Buchhandlung<strong> il libro<\/strong><\/p>\n<\/div>\n<p><span style=\"color: #000000;\"><span style=\"font-family: Arial, sans-serif;\"><span style=\"font-size: medium;\">Andrea Nagele ist ein Garant f\u00fcr Hochspannung \u2013 und das stellt sie auch im vierten Band ihrer Erfolgsserie um Commissaria Maddalena Degrassi eindrucksvoll unter Beweis. Diesmal versucht die patente Ermittlerin herauszufinden, was dem 14-j\u00e4hrigen Emmanuele zugesto\u00dfen ist. Von dem Jungen fehlt jegliches Lebenszeichen. Doch die polizeilichen Ermittlungen stehen unter keinem guten Stern, da sich \u00fcber der pittoresken Lagunenstadt an der Adria ein Unwetter zerst\u00f6rerischen Ausma\u00dfes zusammenbraut, wie Grado es noch nie zuvor gesehen hat. <\/span><\/span><\/span><\/p>\n<p><span style=\"color: #000000;\"><span style=\"font-family: Arial, sans-serif;\"><span style=\"font-size: medium;\">Die Autorin katapultiert ihre tiefgr\u00fcndigen Protagonisten f\u00f6rmlich ins Auge des Sturms: Mit einem feinen Gesp\u00fcr f\u00fcr die menschliche Psyche webt Nagele Themen wie Habgier und Neid auf stilistisch beeindruckende Art und Weise in einen hochspannenden Plot ein, der mit sich zuspitzender Wetterlage an Dramatik zunimmt und in einem furiosen Finale gipfelt. Dank Nageles bildhafter Sprache wird zudem die sommerliche Schw\u00fcle im Vorfeld der aufziehenden Wetterkapriolen f\u00fcr den Leser geradezu k\u00f6rperlich sp\u00fcrbar. <\/span><\/span><\/span><\/p>\n<p><span style=\"color: #000000;\"><span style=\"font-family: Arial, sans-serif;\"><span style=\"font-size: medium;\">Ein Krimi mit Tiefgang \u2013 Chapeau! <\/span><\/span><\/span><\/p>\n<p>F\u00fcr alle, die dieses Buch noch nicht zu Hause haben, steht wie immer ein Exemplar bei<strong> il libro<\/strong> bereit. Wir freuen uns sehr auf Ihre\/ Eure Anmeldung!<\/p>\n","protected":false},"excerpt":{"rendered":"<p>Literaturtreffen mit Schriftstellerin Andrea Nagele \u201eGrado im Sturm\u201d Donnerstag, den 9. Mai 2019 um 19 Uhr in der Buchhandlung il libro Andrea Nagele ist ein Garant f\u00fcr Hochspannung \u2013 und das stellt sie auch im vierten Band ihrer Erfolgsserie um Commissaria Maddalena Degrassi eindrucksvoll unter Beweis. Diesmal versucht die patente Ermittlerin herauszufinden, was dem 14-j\u00e4hrigen&hellip;<\/p>\n","protected":false},"author":3,"featured_media":101299,"comment_status":"open","ping_status":"open","sticky":false,"template":"","format":"standard","meta":[],"categories":[291],"tags":[],"yoast_head":"<!-- This site is optimized with the Yoast SEO plugin v17.2.1 - https:\/\/yoast.com\/wordpress\/plugins\/seo\/ -->\n<title>Grado im Sturm - Il Libro - Libreria Internazionale<\/title>\n<meta name=\"robots\" content=\"index, follow, max-snippet:-1, max-image-preview:large, max-video-preview:-1\" \/>\n<link rel=\"canonical\" href=\"https:\/\/www.il-libro.it\/en\/und-marx-stand-still-in-darwins-garten\/\" \/>\n<meta property=\"og:locale\" content=\"en_US\" \/>\n<meta property=\"og:type\" content=\"article\" \/>\n<meta property=\"og:title\" content=\"Grado im Sturm - Il Libro - Libreria Internazionale\" \/>\n<meta property=\"og:description\" content=\"Literaturtreffen mit Schriftstellerin Andrea Nagele \u201eGrado im Sturm\u201d Donnerstag, den 9. Mai 2019 um 19 Uhr in der Buchhandlung il libro Andrea Nagele ist ein Garant f\u00fcr Hochspannung \u2013 und das stellt sie auch im vierten Band ihrer Erfolgsserie um Commissaria Maddalena Degrassi eindrucksvoll unter Beweis. Diesmal versucht die patente Ermittlerin herauszufinden, was dem 14-j\u00e4hrigen&hellip;\" \/>\n<meta property=\"og:url\" content=\"https:\/\/www.il-libro.it\/und-marx-stand-still-in-darwins-garten\/\" \/>\n<meta property=\"og:site_name\" content=\"Il Libro - Libreria Internazionale\" \/>\n<meta property=\"article:publisher\" content=\"https:\/\/www.facebook.com\/IL-LIBRO-Libreria-Internazionale-2127680667458029\/?fref=ts\" \/>\n<meta property=\"article:published_time\" content=\"2018-05-04T16:20:17+00:00\" \/>\n<meta property=\"article:modified_time\" content=\"2019-05-14T14:09:58+00:00\" \/>\n<meta property=\"og:image\" content=\"https:\/\/www.il-libro.it\/wp-content\/uploads\/2018\/05\/NageleGradoSturm.jpg\" \/>\n\t<meta property=\"og:image:width\" content=\"329\" \/>\n\t<meta property=\"og:image:height\" content=\"499\" \/>\n<meta name=\"twitter:card\" content=\"summary_large_image\" \/>\n<meta name=\"twitter:label1\" content=\"Written by\" \/>\n\t<meta name=\"twitter:data1\" content=\"Marco Gironi\" \/>\n\t<meta name=\"twitter:label2\" content=\"Est. reading time\" \/>\n\t<meta name=\"twitter:data2\" content=\"1 minute\" \/>\n<script type=\"application\/ld+json\" class=\"yoast-schema-graph\">{\"@context\":\"https:\/\/schema.org\",\"@graph\":[{\"@type\":\"Organization\",\"@id\":\"https:\/\/www.il-libro.it\/#organization\",\"name\":\"il libro libreria internazionale\",\"url\":\"https:\/\/www.il-libro.it\/\",\"sameAs\":[\"https:\/\/www.facebook.com\/IL-LIBRO-Libreria-Internazionale-2127680667458029\/?fref=ts\",\"https:\/\/www.instagram.com\/il.libro.internazionale\/\"],\"logo\":{\"@type\":\"ImageObject\",\"@id\":\"https:\/\/www.il-libro.it\/#logo\",\"inLanguage\":\"en-US\",\"url\":\"https:\/\/www.il-libro.it\/wp-content\/uploads\/2017\/03\/logo.png\",\"contentUrl\":\"https:\/\/www.il-libro.it\/wp-content\/uploads\/2017\/03\/logo.png\",\"width\":180,\"height\":90,\"caption\":\"il libro libreria internazionale\"},\"image\":{\"@id\":\"https:\/\/www.il-libro.it\/#logo\"}},{\"@type\":\"WebSite\",\"@id\":\"https:\/\/www.il-libro.it\/#website\",\"url\":\"https:\/\/www.il-libro.it\/\",\"name\":\"Il Libro - Libreria Internazionale\",\"description\":\"Benvenuti nella libreria internazionale\",\"publisher\":{\"@id\":\"https:\/\/www.il-libro.it\/#organization\"},\"potentialAction\":[{\"@type\":\"SearchAction\",\"target\":{\"@type\":\"EntryPoint\",\"urlTemplate\":\"https:\/\/www.il-libro.it\/?s={search_term_string}\"},\"query-input\":\"required name=search_term_string\"}],\"inLanguage\":\"en-US\"},{\"@type\":\"ImageObject\",\"@id\":\"https:\/\/www.il-libro.it\/und-marx-stand-still-in-darwins-garten\/#primaryimage\",\"inLanguage\":\"en-US\",\"url\":\"https:\/\/www.il-libro.it\/wp-content\/uploads\/2018\/05\/NageleGradoSturm.jpg\",\"contentUrl\":\"https:\/\/www.il-libro.it\/wp-content\/uploads\/2018\/05\/NageleGradoSturm.jpg\",\"width\":329,\"height\":499},{\"@type\":\"WebPage\",\"@id\":\"https:\/\/www.il-libro.it\/und-marx-stand-still-in-darwins-garten\/#webpage\",\"url\":\"https:\/\/www.il-libro.it\/und-marx-stand-still-in-darwins-garten\/\",\"name\":\"Grado im Sturm - Il Libro - Libreria Internazionale\",\"isPartOf\":{\"@id\":\"https:\/\/www.il-libro.it\/#website\"},\"primaryImageOfPage\":{\"@id\":\"https:\/\/www.il-libro.it\/und-marx-stand-still-in-darwins-garten\/#primaryimage\"},\"datePublished\":\"2018-05-04T16:20:17+00:00\",\"dateModified\":\"2019-05-14T14:09:58+00:00\",\"breadcrumb\":{\"@id\":\"https:\/\/www.il-libro.it\/und-marx-stand-still-in-darwins-garten\/#breadcrumb\"},\"inLanguage\":\"en-US\",\"potentialAction\":[{\"@type\":\"ReadAction\",\"target\":[\"https:\/\/www.il-libro.it\/und-marx-stand-still-in-darwins-garten\/\"]}]},{\"@type\":\"BreadcrumbList\",\"@id\":\"https:\/\/www.il-libro.it\/und-marx-stand-still-in-darwins-garten\/#breadcrumb\",\"itemListElement\":[{\"@type\":\"ListItem\",\"position\":1,\"name\":\"Home\",\"item\":\"https:\/\/www.il-libro.it\/en\/homepage-05\/\"},{\"@type\":\"ListItem\",\"position\":2,\"name\":\"Grado im Sturm\"}]},{\"@type\":\"Article\",\"@id\":\"https:\/\/www.il-libro.it\/und-marx-stand-still-in-darwins-garten\/#article\",\"isPartOf\":{\"@id\":\"https:\/\/www.il-libro.it\/und-marx-stand-still-in-darwins-garten\/#webpage\"},\"author\":{\"@id\":\"https:\/\/www.il-libro.it\/#\/schema\/person\/eb036c9c1b4b3eeb29c0bcdf70429db9\"},\"headline\":\"Grado im Sturm\",\"datePublished\":\"2018-05-04T16:20:17+00:00\",\"dateModified\":\"2019-05-14T14:09:58+00:00\",\"mainEntityOfPage\":{\"@id\":\"https:\/\/www.il-libro.it\/und-marx-stand-still-in-darwins-garten\/#webpage\"},\"wordCount\":211,\"commentCount\":0,\"publisher\":{\"@id\":\"https:\/\/www.il-libro.it\/#organization\"},\"image\":{\"@id\":\"https:\/\/www.il-libro.it\/und-marx-stand-still-in-darwins-garten\/#primaryimage\"},\"thumbnailUrl\":\"https:\/\/www.il-libro.it\/wp-content\/uploads\/2018\/05\/NageleGradoSturm.jpg\",\"articleSection\":[\"Literaturtreffen\"],\"inLanguage\":\"en-US\",\"potentialAction\":[{\"@type\":\"CommentAction\",\"name\":\"Comment\",\"target\":[\"https:\/\/www.il-libro.it\/und-marx-stand-still-in-darwins-garten\/#respond\"]}]},{\"@type\":\"Person\",\"@id\":\"https:\/\/www.il-libro.it\/#\/schema\/person\/eb036c9c1b4b3eeb29c0bcdf70429db9\",\"name\":\"Marco Gironi\",\"image\":{\"@type\":\"ImageObject\",\"@id\":\"https:\/\/www.il-libro.it\/#personlogo\",\"inLanguage\":\"en-US\",\"url\":\"https:\/\/secure.gravatar.com\/avatar\/59de39c8c798f6ff42f67487686c1929?s=96&d=mm&r=g\",\"contentUrl\":\"https:\/\/secure.gravatar.com\/avatar\/59de39c8c798f6ff42f67487686c1929?s=96&d=mm&r=g\",\"caption\":\"Marco Gironi\"}}]}<\/script>\n<!-- \/ Yoast SEO plugin. -->","yoast_head_json":{"title":"Grado im Sturm - Il Libro - Libreria Internazionale","robots":{"index":"index","follow":"follow","max-snippet":"max-snippet:-1","max-image-preview":"max-image-preview:large","max-video-preview":"max-video-preview:-1"},"canonical":"https:\/\/www.il-libro.it\/en\/und-marx-stand-still-in-darwins-garten\/","og_locale":"en_US","og_type":"article","og_title":"Grado im Sturm - Il Libro - Libreria Internazionale","og_description":"Literaturtreffen mit Schriftstellerin Andrea Nagele \u201eGrado im Sturm\u201d Donnerstag, den 9. Mai 2019 um 19 Uhr in der Buchhandlung il libro Andrea Nagele ist ein Garant f\u00fcr Hochspannung \u2013 und das stellt sie auch im vierten Band ihrer Erfolgsserie um Commissaria Maddalena Degrassi eindrucksvoll unter Beweis. Diesmal versucht die patente Ermittlerin herauszufinden, was dem 14-j\u00e4hrigen&hellip;","og_url":"https:\/\/www.il-libro.it\/und-marx-stand-still-in-darwins-garten\/","og_site_name":"Il Libro - Libreria Internazionale","article_publisher":"https:\/\/www.facebook.com\/IL-LIBRO-Libreria-Internazionale-2127680667458029\/?fref=ts","article_published_time":"2018-05-04T16:20:17+00:00","article_modified_time":"2019-05-14T14:09:58+00:00","og_image":[{"width":329,"height":499,"url":"https:\/\/www.il-libro.it\/wp-content\/uploads\/2018\/05\/NageleGradoSturm.jpg","path":"\/var\/www\/vhosts\/il-libro.it\/httpdocs\/wp-content\/uploads\/2018\/05\/NageleGradoSturm.jpg","size":"full","id":101299,"alt":"","pixels":164171,"type":"image\/jpeg"}],"twitter_card":"summary_large_image","twitter_misc":{"Written by":"Marco Gironi","Est. reading time":"1 minute"},"schema":{"@context":"https:\/\/schema.org","@graph":[{"@type":"Organization","@id":"https:\/\/www.il-libro.it\/#organization","name":"il libro libreria internazionale","url":"https:\/\/www.il-libro.it\/","sameAs":["https:\/\/www.facebook.com\/IL-LIBRO-Libreria-Internazionale-2127680667458029\/?fref=ts","https:\/\/www.instagram.com\/il.libro.internazionale\/"],"logo":{"@type":"ImageObject","@id":"https:\/\/www.il-libro.it\/#logo","inLanguage":"en-US","url":"https:\/\/www.il-libro.it\/wp-content\/uploads\/2017\/03\/logo.png","contentUrl":"https:\/\/www.il-libro.it\/wp-content\/uploads\/2017\/03\/logo.png","width":180,"height":90,"caption":"il libro libreria internazionale"},"image":{"@id":"https:\/\/www.il-libro.it\/#logo"}},{"@type":"WebSite","@id":"https:\/\/www.il-libro.it\/#website","url":"https:\/\/www.il-libro.it\/","name":"Il Libro - Libreria Internazionale","description":"Benvenuti nella libreria internazionale","publisher":{"@id":"https:\/\/www.il-libro.it\/#organization"},"potentialAction":[{"@type":"SearchAction","target":{"@type":"EntryPoint","urlTemplate":"https:\/\/www.il-libro.it\/?s={search_term_string}"},"query-input":"required name=search_term_string"}],"inLanguage":"en-US"},{"@type":"ImageObject","@id":"https:\/\/www.il-libro.it\/und-marx-stand-still-in-darwins-garten\/#primaryimage","inLanguage":"en-US","url":"https:\/\/www.il-libro.it\/wp-content\/uploads\/2018\/05\/NageleGradoSturm.jpg","contentUrl":"https:\/\/www.il-libro.it\/wp-content\/uploads\/2018\/05\/NageleGradoSturm.jpg","width":329,"height":499},{"@type":"WebPage","@id":"https:\/\/www.il-libro.it\/und-marx-stand-still-in-darwins-garten\/#webpage","url":"https:\/\/www.il-libro.it\/und-marx-stand-still-in-darwins-garten\/","name":"Grado im Sturm - Il Libro - Libreria Internazionale","isPartOf":{"@id":"https:\/\/www.il-libro.it\/#website"},"primaryImageOfPage":{"@id":"https:\/\/www.il-libro.it\/und-marx-stand-still-in-darwins-garten\/#primaryimage"},"datePublished":"2018-05-04T16:20:17+00:00","dateModified":"2019-05-14T14:09:58+00:00","breadcrumb":{"@id":"https:\/\/www.il-libro.it\/und-marx-stand-still-in-darwins-garten\/#breadcrumb"},"inLanguage":"en-US","potentialAction":[{"@type":"ReadAction","target":["https:\/\/www.il-libro.it\/und-marx-stand-still-in-darwins-garten\/"]}]},{"@type":"BreadcrumbList","@id":"https:\/\/www.il-libro.it\/und-marx-stand-still-in-darwins-garten\/#breadcrumb","itemListElement":[{"@type":"ListItem","position":1,"name":"Home","item":"https:\/\/www.il-libro.it\/en\/homepage-05\/"},{"@type":"ListItem","position":2,"name":"Grado im Sturm"}]},{"@type":"Article","@id":"https:\/\/www.il-libro.it\/und-marx-stand-still-in-darwins-garten\/#article","isPartOf":{"@id":"https:\/\/www.il-libro.it\/und-marx-stand-still-in-darwins-garten\/#webpage"},"author":{"@id":"https:\/\/www.il-libro.it\/#\/schema\/person\/eb036c9c1b4b3eeb29c0bcdf70429db9"},"headline":"Grado im Sturm","datePublished":"2018-05-04T16:20:17+00:00","dateModified":"2019-05-14T14:09:58+00:00","mainEntityOfPage":{"@id":"https:\/\/www.il-libro.it\/und-marx-stand-still-in-darwins-garten\/#webpage"},"wordCount":211,"commentCount":0,"publisher":{"@id":"https:\/\/www.il-libro.it\/#organization"},"image":{"@id":"https:\/\/www.il-libro.it\/und-marx-stand-still-in-darwins-garten\/#primaryimage"},"thumbnailUrl":"https:\/\/www.il-libro.it\/wp-content\/uploads\/2018\/05\/NageleGradoSturm.jpg","articleSection":["Literaturtreffen"],"inLanguage":"en-US","potentialAction":[{"@type":"CommentAction","name":"Comment","target":["https:\/\/www.il-libro.it\/und-marx-stand-still-in-darwins-garten\/#respond"]}]},{"@type":"Person","@id":"https:\/\/www.il-libro.it\/#\/schema\/person\/eb036c9c1b4b3eeb29c0bcdf70429db9","name":"Marco Gironi","image":{"@type":"ImageObject","@id":"https:\/\/www.il-libro.it\/#personlogo","inLanguage":"en-US","url":"https:\/\/secure.gravatar.com\/avatar\/59de39c8c798f6ff42f67487686c1929?s=96&d=mm&r=g","contentUrl":"https:\/\/secure.gravatar.com\/avatar\/59de39c8c798f6ff42f67487686c1929?s=96&d=mm&r=g","caption":"Marco Gironi"}}]}},"_links":{"self":[{"href":"https:\/\/www.il-libro.it\/en\/wp-json\/wp\/v2\/posts\/24644"}],"collection":[{"href":"https:\/\/www.il-libro.it\/en\/wp-json\/wp\/v2\/posts"}],"about":[{"href":"https:\/\/www.il-libro.it\/en\/wp-json\/wp\/v2\/types\/post"}],"author":[{"embeddable":true,"href":"https:\/\/www.il-libro.it\/en\/wp-json\/wp\/v2\/users\/3"}],"replies":[{"embeddable":true,"href":"https:\/\/www.il-libro.it\/en\/wp-json\/wp\/v2\/comments?post=24644"}],"version-history":[{"count":0,"href":"https:\/\/www.il-libro.it\/en\/wp-json\/wp\/v2\/posts\/24644\/revisions"}],"wp:featuredmedia":[{"embeddable":true,"href":"https:\/\/www.il-libro.it\/en\/wp-json\/wp\/v2\/media\/101299"}],"wp:attachment":[{"href":"https:\/\/www.il-libro.it\/en\/wp-json\/wp\/v2\/media?parent=24644"}],"wp:term":[{"taxonomy":"category","embeddable":true,"href":"https:\/\/www.il-libro.it\/en\/wp-json\/wp\/v2\/categories?post=24644"},{"taxonomy":"post_tag","embeddable":true,"href":"https:\/\/www.il-libro.it\/en\/wp-json\/wp\/v2\/tags?post=24644"}],"curies":[{"name":"wp","href":"https:\/\/api.w.org\/{rel}","templated":true}]}}