{"id":101306,"date":"2019-04-24T15:37:03","date_gmt":"2019-04-24T13:37:03","guid":{"rendered":"http:\/\/www.il-libro.it\/?p=101306"},"modified":"2019-05-22T09:50:16","modified_gmt":"2019-05-22T07:50:16","slug":"en-ausencia-de-blanca","status":"publish","type":"post","link":"https:\/\/www.il-libro.it\/es\/en-ausencia-de-blanca\/","title":{"rendered":"En ausencia de Blanca"},"content":{"rendered":"<div class=\"separatore\">\n<h3 style=\"text-align: center;\"><strong>En ausencia de Blanca<\/strong><\/h3>\n<h3 style=\"text-align: center;\">una novela de\u00a0<strong>Antonio Mu\u00f1oz Molina<\/strong><\/h3>\n<p style=\"text-align: center;\"><strong><em>Jueves 23 de Mayo 2019<\/em><\/strong><\/p>\n<p style=\"text-align: center;\">19h00<\/p>\n<p style=\"text-align: center;\">a la libreria<strong> il libro<\/strong><\/p>\n<\/div>\n<p><strong>\u00a0<\/strong><\/p>\n<p align=\"LEFT\">Mario, un joven funcionario, es la personificaci\u00f3n de la rutina. Cada d\u00eda a la misma hora llega a casa, donde espera encontrar a su esposa, Blanca, que es su polo opuesto. Antes de que Mario la rescatara, beb\u00eda, fumaba y tomaba pastillas sin ning\u00fan control. Mario le roba horas al trabajo y al ocio para estar con Blanca, su \u00fanico inter\u00e9s, que se convierte en obsesi\u00f3n. Una novela breve pero elegante, con un final sorprendente.<\/p>\n<p align=\"LEFT\">El libro <strong>Antonio Mu\u00f1oz Molina<\/strong> est\u00e1 desde ahora disponible en su librer\u00eda <strong>il libro.<\/strong><\/p>\n<p><strong>A prop\u00f3sito del autor..<\/strong><em><br \/>\n<\/em><\/p>\n<p><strong>Antonio Mu\u00f1oz Molina<\/strong> (<a title=\"\u00dabeda\" href=\"https:\/\/es.wikipedia.org\/wiki\/%C3%9Abeda\">\u00dabeda<\/a>, <a title=\"10 de enero\" href=\"https:\/\/es.wikipedia.org\/wiki\/10_de_enero\">10 de enero<\/a> de <a title=\"1956\" href=\"https:\/\/es.wikipedia.org\/wiki\/1956\">1956<\/a>) es un <a title=\"Escritor\" href=\"https:\/\/es.wikipedia.org\/wiki\/Escritor\">escritor<\/a> <a title=\"Espa\u00f1a\" href=\"https:\/\/es.wikipedia.org\/wiki\/Espa%C3%B1a\">espa\u00f1ol<\/a>, <a title=\"Acad\u00e9mico\" href=\"https:\/\/es.wikipedia.org\/wiki\/Acad%C3%A9mico\">acad\u00e9mico<\/a> de n\u00famero de la <a title=\"Real Academia Espa\u00f1ola\" href=\"https:\/\/es.wikipedia.org\/wiki\/Real_Academia_Espa%C3%B1ola\">Real Academia Espa\u00f1ola<\/a> (<a title=\"1996\" href=\"https:\/\/es.wikipedia.org\/wiki\/1996\">1996<\/a>) y honorario de la <a title=\"Academia de Buenas Letras de Granada\" href=\"https:\/\/es.wikipedia.org\/wiki\/Academia_de_Buenas_Letras_de_Granada\">Academia de Buenas Letras de Granada<\/a>. En 2013 fue galardonado con el <a title=\"\" href=\"https:\/\/es.wikipedia.org\/wiki\/Premio_Pr%C3%ADncipe_de_Asturias_de_las_Letras\">Premio Pr\u00edncipe de Asturias de las Letras<\/a>.\u200b En su obra abundan referencias a la <a title=\"Cultura popular\" href=\"https:\/\/es.wikipedia.org\/wiki\/Cultura_popular\">cultura popular<\/a>, que es una de las principales fuentes de inspiraci\u00f3n del autor.\u200b<\/p>\n","protected":false},"excerpt":{"rendered":"<p>En ausencia de Blanca una novela de\u00a0Antonio Mu\u00f1oz Molina Jueves 23 de Mayo 2019 19h00 a la libreria il libro \u00a0 Mario, un joven funcionario, es la personificaci\u00f3n de la rutina. Cada d\u00eda a la misma hora llega a casa, donde espera encontrar a su esposa, Blanca, que es su polo opuesto. Antes de que&hellip;<\/p>\n","protected":false},"author":5,"featured_media":101307,"comment_status":"closed","ping_status":"open","sticky":false,"template":"","format":"standard","meta":[],"categories":[284],"tags":[],"yoast_head":"<!-- This site is optimized with the Yoast SEO plugin v17.2.1 - https:\/\/yoast.com\/wordpress\/plugins\/seo\/ -->\n<title>En ausencia de Blanca - Il Libro - Libreria Internazionale<\/title>\n<meta name=\"robots\" content=\"index, follow, max-snippet:-1, max-image-preview:large, max-video-preview:-1\" \/>\n<link rel=\"canonical\" href=\"https:\/\/www.il-libro.it\/es\/en-ausencia-de-blanca\/\" \/>\n<meta property=\"og:locale\" content=\"es_ES\" \/>\n<meta property=\"og:type\" content=\"article\" \/>\n<meta property=\"og:title\" content=\"En ausencia de Blanca - Il Libro - Libreria Internazionale\" \/>\n<meta property=\"og:description\" content=\"En ausencia de Blanca una novela de\u00a0Antonio Mu\u00f1oz Molina Jueves 23 de Mayo 2019 19h00 a la libreria il libro \u00a0 Mario, un joven funcionario, es la personificaci\u00f3n de la rutina. Cada d\u00eda a la misma hora llega a casa, donde espera encontrar a su esposa, Blanca, que es su polo opuesto. Antes de que&hellip;\" \/>\n<meta property=\"og:url\" content=\"https:\/\/www.il-libro.it\/en-ausencia-de-blanca\/\" \/>\n<meta property=\"og:site_name\" content=\"Il Libro - Libreria Internazionale\" \/>\n<meta property=\"article:publisher\" content=\"https:\/\/www.facebook.com\/IL-LIBRO-Libreria-Internazionale-2127680667458029\/?fref=ts\" \/>\n<meta property=\"article:published_time\" content=\"2019-04-24T13:37:03+00:00\" \/>\n<meta property=\"article:modified_time\" content=\"2019-05-22T07:50:16+00:00\" \/>\n<meta property=\"og:image\" content=\"https:\/\/www.il-libro.it\/wp-content\/uploads\/2019\/04\/MunozMolinaBlanca.jpg\" \/>\n\t<meta property=\"og:image:width\" content=\"1696\" \/>\n\t<meta property=\"og:image:height\" content=\"2560\" \/>\n<meta name=\"twitter:card\" content=\"summary_large_image\" \/>\n<meta name=\"twitter:label1\" content=\"Escrito por\" \/>\n\t<meta name=\"twitter:data1\" content=\"Anna\" \/>\n\t<meta name=\"twitter:label2\" content=\"Tiempo de lectura\" \/>\n\t<meta name=\"twitter:data2\" content=\"1 minuto\" \/>\n<script type=\"application\/ld+json\" class=\"yoast-schema-graph\">{\"@context\":\"https:\/\/schema.org\",\"@graph\":[{\"@type\":\"Organization\",\"@id\":\"https:\/\/www.il-libro.it\/#organization\",\"name\":\"il libro libreria internazionale\",\"url\":\"https:\/\/www.il-libro.it\/\",\"sameAs\":[\"https:\/\/www.facebook.com\/IL-LIBRO-Libreria-Internazionale-2127680667458029\/?fref=ts\",\"https:\/\/www.instagram.com\/il.libro.internazionale\/\"],\"logo\":{\"@type\":\"ImageObject\",\"@id\":\"https:\/\/www.il-libro.it\/#logo\",\"inLanguage\":\"es\",\"url\":\"https:\/\/www.il-libro.it\/wp-content\/uploads\/2017\/03\/logo.png\",\"contentUrl\":\"https:\/\/www.il-libro.it\/wp-content\/uploads\/2017\/03\/logo.png\",\"width\":180,\"height\":90,\"caption\":\"il libro libreria internazionale\"},\"image\":{\"@id\":\"https:\/\/www.il-libro.it\/#logo\"}},{\"@type\":\"WebSite\",\"@id\":\"https:\/\/www.il-libro.it\/#website\",\"url\":\"https:\/\/www.il-libro.it\/\",\"name\":\"Il Libro - Libreria Internazionale\",\"description\":\"Benvenuti nella libreria internazionale\",\"publisher\":{\"@id\":\"https:\/\/www.il-libro.it\/#organization\"},\"potentialAction\":[{\"@type\":\"SearchAction\",\"target\":{\"@type\":\"EntryPoint\",\"urlTemplate\":\"https:\/\/www.il-libro.it\/?s={search_term_string}\"},\"query-input\":\"required name=search_term_string\"}],\"inLanguage\":\"es\"},{\"@type\":\"ImageObject\",\"@id\":\"https:\/\/www.il-libro.it\/en-ausencia-de-blanca\/#primaryimage\",\"inLanguage\":\"es\",\"url\":\"https:\/\/www.il-libro.it\/wp-content\/uploads\/2019\/04\/MunozMolinaBlanca.jpg\",\"contentUrl\":\"https:\/\/www.il-libro.it\/wp-content\/uploads\/2019\/04\/MunozMolinaBlanca.jpg\",\"width\":1696,\"height\":2560},{\"@type\":\"WebPage\",\"@id\":\"https:\/\/www.il-libro.it\/en-ausencia-de-blanca\/#webpage\",\"url\":\"https:\/\/www.il-libro.it\/en-ausencia-de-blanca\/\",\"name\":\"En ausencia de Blanca - Il Libro - Libreria Internazionale\",\"isPartOf\":{\"@id\":\"https:\/\/www.il-libro.it\/#website\"},\"primaryImageOfPage\":{\"@id\":\"https:\/\/www.il-libro.it\/en-ausencia-de-blanca\/#primaryimage\"},\"datePublished\":\"2019-04-24T13:37:03+00:00\",\"dateModified\":\"2019-05-22T07:50:16+00:00\",\"breadcrumb\":{\"@id\":\"https:\/\/www.il-libro.it\/en-ausencia-de-blanca\/#breadcrumb\"},\"inLanguage\":\"es\",\"potentialAction\":[{\"@type\":\"ReadAction\",\"target\":[\"https:\/\/www.il-libro.it\/en-ausencia-de-blanca\/\"]}]},{\"@type\":\"BreadcrumbList\",\"@id\":\"https:\/\/www.il-libro.it\/en-ausencia-de-blanca\/#breadcrumb\",\"itemListElement\":[{\"@type\":\"ListItem\",\"position\":1,\"name\":\"Home\",\"item\":\"https:\/\/www.il-libro.it\/es\/\"},{\"@type\":\"ListItem\",\"position\":2,\"name\":\"En ausencia de Blanca\"}]},{\"@type\":\"Article\",\"@id\":\"https:\/\/www.il-libro.it\/en-ausencia-de-blanca\/#article\",\"isPartOf\":{\"@id\":\"https:\/\/www.il-libro.it\/en-ausencia-de-blanca\/#webpage\"},\"author\":{\"@id\":\"https:\/\/www.il-libro.it\/#\/schema\/person\/6a34e9b4cc72b2d269e1ae45dcb83083\"},\"headline\":\"En ausencia de Blanca\",\"datePublished\":\"2019-04-24T13:37:03+00:00\",\"dateModified\":\"2019-05-22T07:50:16+00:00\",\"mainEntityOfPage\":{\"@id\":\"https:\/\/www.il-libro.it\/en-ausencia-de-blanca\/#webpage\"},\"wordCount\":194,\"publisher\":{\"@id\":\"https:\/\/www.il-libro.it\/#organization\"},\"image\":{\"@id\":\"https:\/\/www.il-libro.it\/en-ausencia-de-blanca\/#primaryimage\"},\"thumbnailUrl\":\"https:\/\/www.il-libro.it\/wp-content\/uploads\/2019\/04\/MunozMolinaBlanca.jpg\",\"articleSection\":[\"Encuentro Literario\"],\"inLanguage\":\"es\"},{\"@type\":\"Person\",\"@id\":\"https:\/\/www.il-libro.it\/#\/schema\/person\/6a34e9b4cc72b2d269e1ae45dcb83083\",\"name\":\"Anna\",\"image\":{\"@type\":\"ImageObject\",\"@id\":\"https:\/\/www.il-libro.it\/#personlogo\",\"inLanguage\":\"es\",\"url\":\"https:\/\/secure.gravatar.com\/avatar\/5446c35a665205777a696408926ad672?s=96&d=mm&r=g\",\"contentUrl\":\"https:\/\/secure.gravatar.com\/avatar\/5446c35a665205777a696408926ad672?s=96&d=mm&r=g\",\"caption\":\"Anna\"}}]}<\/script>\n<!-- \/ Yoast SEO plugin. -->","yoast_head_json":{"title":"En ausencia de Blanca - Il Libro - Libreria Internazionale","robots":{"index":"index","follow":"follow","max-snippet":"max-snippet:-1","max-image-preview":"max-image-preview:large","max-video-preview":"max-video-preview:-1"},"canonical":"https:\/\/www.il-libro.it\/es\/en-ausencia-de-blanca\/","og_locale":"es_ES","og_type":"article","og_title":"En ausencia de Blanca - Il Libro - Libreria Internazionale","og_description":"En ausencia de Blanca una novela de\u00a0Antonio Mu\u00f1oz Molina Jueves 23 de Mayo 2019 19h00 a la libreria il libro \u00a0 Mario, un joven funcionario, es la personificaci\u00f3n de la rutina. Cada d\u00eda a la misma hora llega a casa, donde espera encontrar a su esposa, Blanca, que es su polo opuesto. Antes de que&hellip;","og_url":"https:\/\/www.il-libro.it\/en-ausencia-de-blanca\/","og_site_name":"Il Libro - Libreria Internazionale","article_publisher":"https:\/\/www.facebook.com\/IL-LIBRO-Libreria-Internazionale-2127680667458029\/?fref=ts","article_published_time":"2019-04-24T13:37:03+00:00","article_modified_time":"2019-05-22T07:50:16+00:00","og_image":[{"width":1696,"height":2560,"url":"https:\/\/www.il-libro.it\/wp-content\/uploads\/2019\/04\/MunozMolinaBlanca.jpg","path":"\/var\/www\/vhosts\/il-libro.it\/httpdocs\/wp-content\/uploads\/2019\/04\/MunozMolinaBlanca.jpg","size":"full","id":101307,"alt":"","pixels":4341760,"type":"image\/jpeg"}],"twitter_card":"summary_large_image","twitter_misc":{"Escrito por":"Anna","Tiempo de lectura":"1 minuto"},"schema":{"@context":"https:\/\/schema.org","@graph":[{"@type":"Organization","@id":"https:\/\/www.il-libro.it\/#organization","name":"il libro libreria internazionale","url":"https:\/\/www.il-libro.it\/","sameAs":["https:\/\/www.facebook.com\/IL-LIBRO-Libreria-Internazionale-2127680667458029\/?fref=ts","https:\/\/www.instagram.com\/il.libro.internazionale\/"],"logo":{"@type":"ImageObject","@id":"https:\/\/www.il-libro.it\/#logo","inLanguage":"es","url":"https:\/\/www.il-libro.it\/wp-content\/uploads\/2017\/03\/logo.png","contentUrl":"https:\/\/www.il-libro.it\/wp-content\/uploads\/2017\/03\/logo.png","width":180,"height":90,"caption":"il libro libreria internazionale"},"image":{"@id":"https:\/\/www.il-libro.it\/#logo"}},{"@type":"WebSite","@id":"https:\/\/www.il-libro.it\/#website","url":"https:\/\/www.il-libro.it\/","name":"Il Libro - Libreria Internazionale","description":"Benvenuti nella libreria internazionale","publisher":{"@id":"https:\/\/www.il-libro.it\/#organization"},"potentialAction":[{"@type":"SearchAction","target":{"@type":"EntryPoint","urlTemplate":"https:\/\/www.il-libro.it\/?s={search_term_string}"},"query-input":"required name=search_term_string"}],"inLanguage":"es"},{"@type":"ImageObject","@id":"https:\/\/www.il-libro.it\/en-ausencia-de-blanca\/#primaryimage","inLanguage":"es","url":"https:\/\/www.il-libro.it\/wp-content\/uploads\/2019\/04\/MunozMolinaBlanca.jpg","contentUrl":"https:\/\/www.il-libro.it\/wp-content\/uploads\/2019\/04\/MunozMolinaBlanca.jpg","width":1696,"height":2560},{"@type":"WebPage","@id":"https:\/\/www.il-libro.it\/en-ausencia-de-blanca\/#webpage","url":"https:\/\/www.il-libro.it\/en-ausencia-de-blanca\/","name":"En ausencia de Blanca - Il Libro - Libreria Internazionale","isPartOf":{"@id":"https:\/\/www.il-libro.it\/#website"},"primaryImageOfPage":{"@id":"https:\/\/www.il-libro.it\/en-ausencia-de-blanca\/#primaryimage"},"datePublished":"2019-04-24T13:37:03+00:00","dateModified":"2019-05-22T07:50:16+00:00","breadcrumb":{"@id":"https:\/\/www.il-libro.it\/en-ausencia-de-blanca\/#breadcrumb"},"inLanguage":"es","potentialAction":[{"@type":"ReadAction","target":["https:\/\/www.il-libro.it\/en-ausencia-de-blanca\/"]}]},{"@type":"BreadcrumbList","@id":"https:\/\/www.il-libro.it\/en-ausencia-de-blanca\/#breadcrumb","itemListElement":[{"@type":"ListItem","position":1,"name":"Home","item":"https:\/\/www.il-libro.it\/es\/"},{"@type":"ListItem","position":2,"name":"En ausencia de Blanca"}]},{"@type":"Article","@id":"https:\/\/www.il-libro.it\/en-ausencia-de-blanca\/#article","isPartOf":{"@id":"https:\/\/www.il-libro.it\/en-ausencia-de-blanca\/#webpage"},"author":{"@id":"https:\/\/www.il-libro.it\/#\/schema\/person\/6a34e9b4cc72b2d269e1ae45dcb83083"},"headline":"En ausencia de Blanca","datePublished":"2019-04-24T13:37:03+00:00","dateModified":"2019-05-22T07:50:16+00:00","mainEntityOfPage":{"@id":"https:\/\/www.il-libro.it\/en-ausencia-de-blanca\/#webpage"},"wordCount":194,"publisher":{"@id":"https:\/\/www.il-libro.it\/#organization"},"image":{"@id":"https:\/\/www.il-libro.it\/en-ausencia-de-blanca\/#primaryimage"},"thumbnailUrl":"https:\/\/www.il-libro.it\/wp-content\/uploads\/2019\/04\/MunozMolinaBlanca.jpg","articleSection":["Encuentro Literario"],"inLanguage":"es"},{"@type":"Person","@id":"https:\/\/www.il-libro.it\/#\/schema\/person\/6a34e9b4cc72b2d269e1ae45dcb83083","name":"Anna","image":{"@type":"ImageObject","@id":"https:\/\/www.il-libro.it\/#personlogo","inLanguage":"es","url":"https:\/\/secure.gravatar.com\/avatar\/5446c35a665205777a696408926ad672?s=96&d=mm&r=g","contentUrl":"https:\/\/secure.gravatar.com\/avatar\/5446c35a665205777a696408926ad672?s=96&d=mm&r=g","caption":"Anna"}}]}},"_links":{"self":[{"href":"https:\/\/www.il-libro.it\/es\/wp-json\/wp\/v2\/posts\/101306"}],"collection":[{"href":"https:\/\/www.il-libro.it\/es\/wp-json\/wp\/v2\/posts"}],"about":[{"href":"https:\/\/www.il-libro.it\/es\/wp-json\/wp\/v2\/types\/post"}],"author":[{"embeddable":true,"href":"https:\/\/www.il-libro.it\/es\/wp-json\/wp\/v2\/users\/5"}],"replies":[{"embeddable":true,"href":"https:\/\/www.il-libro.it\/es\/wp-json\/wp\/v2\/comments?post=101306"}],"version-history":[{"count":0,"href":"https:\/\/www.il-libro.it\/es\/wp-json\/wp\/v2\/posts\/101306\/revisions"}],"wp:featuredmedia":[{"embeddable":true,"href":"https:\/\/www.il-libro.it\/es\/wp-json\/wp\/v2\/media\/101307"}],"wp:attachment":[{"href":"https:\/\/www.il-libro.it\/es\/wp-json\/wp\/v2\/media?parent=101306"}],"wp:term":[{"taxonomy":"category","embeddable":true,"href":"https:\/\/www.il-libro.it\/es\/wp-json\/wp\/v2\/categories?post=101306"},{"taxonomy":"post_tag","embeddable":true,"href":"https:\/\/www.il-libro.it\/es\/wp-json\/wp\/v2\/tags?post=101306"}],"curies":[{"name":"wp","href":"https:\/\/api.w.org\/{rel}","templated":true}]}}