{"id":105125,"date":"2019-11-21T09:38:21","date_gmt":"2019-11-21T08:38:21","guid":{"rendered":"https:\/\/www.il-libro.it\/?p=105125"},"modified":"2019-11-21T09:38:21","modified_gmt":"2019-11-21T08:38:21","slug":"les-belles-images-2-2","status":"publish","type":"post","link":"https:\/\/www.il-libro.it\/es\/les-belles-images-2-2\/","title":{"rendered":"Calais mon amour"},"content":{"rendered":"<div class=\"separatore\">\n<p align=\"CENTER\"><strong><span style=\"color: #000000;\"><span style=\"font-family: Arial, sans-serif;\"><span style=\"font-size: large;\"><span lang=\"fr-FR\"><b>Calais mon amour<br \/>\n<\/b><\/span><\/span><\/span><\/span><\/strong><\/p>\n<h3 style=\"text-align: center;\">un roman de <strong>B\u00e9atrice Huret<\/strong><strong><br \/>\n<\/strong><\/h3>\n<p style=\"text-align: center;\"><strong>Mercredi 18 d\u00e9cembre 2019<br \/>\n<\/strong><\/p>\n<p style=\"text-align: center;\">\u00e0 <strong>19h00<\/strong><\/p>\n<p style=\"text-align: center;\">\u00e0 la librairie <strong>il libro.<\/strong><\/p>\n<p>&nbsp;<\/p>\n<\/div>\n<p style=\"text-align: center;\"><em><strong>Un t\u00e9moignage d&#8217;amour<br \/>\n<\/strong><\/em><\/p>\n<p>Sympathisante FN, B\u00e9atrice vit avec son fils et sa m\u00e8re \u00e0 une vingtaine de kilom\u00e8tres de la jungle de Calais, o\u00f9 s&#8217;entassent 9000 personnes. Un soir, en sortant du travail, elle prend en stop un adolescent migrant qui lui demande de l&#8217;y d\u00e9poser. Sa vie bascule. Elle devient b\u00e9n\u00e9vole occasionnelle. Deux ans plus tard, un groupe d&#8217;Iraniens se coud la bouche pour d\u00e9noncer leurs conditions de vie. Parmi eux, Mokhtar, enseignant dans son pays, arriv\u00e9 en Europe apr\u00e8s avoir travers\u00e9 la M\u00e9diterran\u00e9e sur une embarcation de fortune.<br \/>\nLeurs regards se croisent : c&#8217;est le coup de foudre. Or Mokhtar r\u00eave de gagner l&#8217;Angleterre. Pour B\u00e9atrice, c&#8217;est le d\u00e9but d&#8217;une aventure humaine, amoureuse et judiciaire \u00e0 laquelle rien ne la pr\u00e9parait. Par amour, elle va abandonner ses pr\u00e9jug\u00e9s, d\u00e9placer des montagnes, s&#8217;opposer \u00e0 des lois absurdes. Il va lui apprendre le courage et la dignit\u00e9.<\/p>\n<p>Le livre de <strong>B\u00e9atrice Huret<\/strong> est d\u00e8s \u00e0 pr\u00e9sent disponible dans votre librairie <strong>il libro.<\/strong><\/p>\n<p>&nbsp;<\/p>\n<p style=\"text-align: center;\"><strong><em>A propos de l&#8217;auteure<\/em><\/strong><\/p>\n<p>Ancienne aide-soignante reconvertie dans la formation pour adultes, B\u00e9atrice Huret vit dans la p\u00e9riph\u00e9rie de Calais avec son fils et sa m\u00e8re. Elle a \u00e9t\u00e9 plac\u00e9e sous contr\u00f4le judiciaire et fich\u00e9e S pour \u00abaide \u00e0 l&#8217;entr\u00e9e, \u00e0 la circulation ou au s\u00e9jour irr\u00e9gulier d&#8217;un \u00e9tranger en France en bande organis\u00e9e\u00bb.<\/p>\n<p>&nbsp;<\/p>\n","protected":false},"excerpt":{"rendered":"<p>Calais mon amour un roman de B\u00e9atrice Huret Mercredi 18 d\u00e9cembre 2019 \u00e0 19h00 \u00e0 la librairie il libro. &nbsp; Un t\u00e9moignage d&#8217;amour Sympathisante FN, B\u00e9atrice vit avec son fils et sa m\u00e8re \u00e0 une vingtaine de kilom\u00e8tres de la jungle de Calais, o\u00f9 s&#8217;entassent 9000 personnes. Un soir, en sortant du travail, elle prend&hellip;<\/p>\n","protected":false},"author":5,"featured_media":105126,"comment_status":"open","ping_status":"open","sticky":false,"template":"","format":"standard","meta":[],"categories":[294],"tags":[],"yoast_head":"<!-- This site is optimized with the Yoast SEO plugin v17.2.1 - https:\/\/yoast.com\/wordpress\/plugins\/seo\/ -->\n<title>Calais mon amour - Il Libro - Libreria Internazionale<\/title>\n<meta name=\"robots\" content=\"index, follow, max-snippet:-1, max-image-preview:large, max-video-preview:-1\" \/>\n<link rel=\"canonical\" href=\"https:\/\/www.il-libro.it\/es\/les-belles-images-2-2\/\" \/>\n<meta property=\"og:locale\" content=\"es_ES\" \/>\n<meta property=\"og:type\" content=\"article\" \/>\n<meta property=\"og:title\" content=\"Calais mon amour - Il Libro - Libreria Internazionale\" \/>\n<meta property=\"og:description\" content=\"Calais mon amour un roman de B\u00e9atrice Huret Mercredi 18 d\u00e9cembre 2019 \u00e0 19h00 \u00e0 la librairie il libro. &nbsp; Un t\u00e9moignage d&#8217;amour Sympathisante FN, B\u00e9atrice vit avec son fils et sa m\u00e8re \u00e0 une vingtaine de kilom\u00e8tres de la jungle de Calais, o\u00f9 s&#8217;entassent 9000 personnes. Un soir, en sortant du travail, elle prend&hellip;\" \/>\n<meta property=\"og:url\" content=\"https:\/\/www.il-libro.it\/les-belles-images-2-2\/\" \/>\n<meta property=\"og:site_name\" content=\"Il Libro - Libreria Internazionale\" \/>\n<meta property=\"article:publisher\" content=\"https:\/\/www.facebook.com\/IL-LIBRO-Libreria-Internazionale-2127680667458029\/?fref=ts\" \/>\n<meta property=\"article:published_time\" content=\"2019-11-21T08:38:21+00:00\" \/>\n<meta property=\"og:image\" content=\"https:\/\/www.il-libro.it\/wp-content\/uploads\/2019\/11\/HUretCalais.jpg\" \/>\n\t<meta property=\"og:image:width\" content=\"309\" \/>\n\t<meta property=\"og:image:height\" content=\"500\" \/>\n<meta name=\"twitter:card\" content=\"summary_large_image\" \/>\n<meta name=\"twitter:label1\" content=\"Escrito por\" \/>\n\t<meta name=\"twitter:data1\" content=\"Anna\" \/>\n\t<meta name=\"twitter:label2\" content=\"Tiempo de lectura\" \/>\n\t<meta name=\"twitter:data2\" content=\"1 minuto\" \/>\n<script type=\"application\/ld+json\" class=\"yoast-schema-graph\">{\"@context\":\"https:\/\/schema.org\",\"@graph\":[{\"@type\":\"Organization\",\"@id\":\"https:\/\/www.il-libro.it\/#organization\",\"name\":\"il libro libreria internazionale\",\"url\":\"https:\/\/www.il-libro.it\/\",\"sameAs\":[\"https:\/\/www.facebook.com\/IL-LIBRO-Libreria-Internazionale-2127680667458029\/?fref=ts\",\"https:\/\/www.instagram.com\/il.libro.internazionale\/\"],\"logo\":{\"@type\":\"ImageObject\",\"@id\":\"https:\/\/www.il-libro.it\/#logo\",\"inLanguage\":\"es\",\"url\":\"https:\/\/www.il-libro.it\/wp-content\/uploads\/2017\/03\/logo.png\",\"contentUrl\":\"https:\/\/www.il-libro.it\/wp-content\/uploads\/2017\/03\/logo.png\",\"width\":180,\"height\":90,\"caption\":\"il libro libreria internazionale\"},\"image\":{\"@id\":\"https:\/\/www.il-libro.it\/#logo\"}},{\"@type\":\"WebSite\",\"@id\":\"https:\/\/www.il-libro.it\/#website\",\"url\":\"https:\/\/www.il-libro.it\/\",\"name\":\"Il Libro - Libreria Internazionale\",\"description\":\"Benvenuti nella libreria internazionale\",\"publisher\":{\"@id\":\"https:\/\/www.il-libro.it\/#organization\"},\"potentialAction\":[{\"@type\":\"SearchAction\",\"target\":{\"@type\":\"EntryPoint\",\"urlTemplate\":\"https:\/\/www.il-libro.it\/?s={search_term_string}\"},\"query-input\":\"required name=search_term_string\"}],\"inLanguage\":\"es\"},{\"@type\":\"ImageObject\",\"@id\":\"https:\/\/www.il-libro.it\/les-belles-images-2-2\/#primaryimage\",\"inLanguage\":\"es\",\"url\":\"https:\/\/www.il-libro.it\/wp-content\/uploads\/2019\/11\/HUretCalais.jpg\",\"contentUrl\":\"https:\/\/www.il-libro.it\/wp-content\/uploads\/2019\/11\/HUretCalais.jpg\",\"width\":309,\"height\":500},{\"@type\":\"WebPage\",\"@id\":\"https:\/\/www.il-libro.it\/les-belles-images-2-2\/#webpage\",\"url\":\"https:\/\/www.il-libro.it\/les-belles-images-2-2\/\",\"name\":\"Calais mon amour - Il Libro - Libreria Internazionale\",\"isPartOf\":{\"@id\":\"https:\/\/www.il-libro.it\/#website\"},\"primaryImageOfPage\":{\"@id\":\"https:\/\/www.il-libro.it\/les-belles-images-2-2\/#primaryimage\"},\"datePublished\":\"2019-11-21T08:38:21+00:00\",\"dateModified\":\"2019-11-21T08:38:21+00:00\",\"breadcrumb\":{\"@id\":\"https:\/\/www.il-libro.it\/les-belles-images-2-2\/#breadcrumb\"},\"inLanguage\":\"es\",\"potentialAction\":[{\"@type\":\"ReadAction\",\"target\":[\"https:\/\/www.il-libro.it\/les-belles-images-2-2\/\"]}]},{\"@type\":\"BreadcrumbList\",\"@id\":\"https:\/\/www.il-libro.it\/les-belles-images-2-2\/#breadcrumb\",\"itemListElement\":[{\"@type\":\"ListItem\",\"position\":1,\"name\":\"Home\",\"item\":\"https:\/\/www.il-libro.it\/es\/\"},{\"@type\":\"ListItem\",\"position\":2,\"name\":\"Calais mon amour\"}]},{\"@type\":\"Article\",\"@id\":\"https:\/\/www.il-libro.it\/les-belles-images-2-2\/#article\",\"isPartOf\":{\"@id\":\"https:\/\/www.il-libro.it\/les-belles-images-2-2\/#webpage\"},\"author\":{\"@id\":\"https:\/\/www.il-libro.it\/#\/schema\/person\/6a34e9b4cc72b2d269e1ae45dcb83083\"},\"headline\":\"Calais mon amour\",\"datePublished\":\"2019-11-21T08:38:21+00:00\",\"dateModified\":\"2019-11-21T08:38:21+00:00\",\"mainEntityOfPage\":{\"@id\":\"https:\/\/www.il-libro.it\/les-belles-images-2-2\/#webpage\"},\"wordCount\":263,\"commentCount\":0,\"publisher\":{\"@id\":\"https:\/\/www.il-libro.it\/#organization\"},\"image\":{\"@id\":\"https:\/\/www.il-libro.it\/les-belles-images-2-2\/#primaryimage\"},\"thumbnailUrl\":\"https:\/\/www.il-libro.it\/wp-content\/uploads\/2019\/11\/HUretCalais.jpg\",\"articleSection\":[\"Rencontre Litt\\u00e9raire\"],\"inLanguage\":\"es\",\"potentialAction\":[{\"@type\":\"CommentAction\",\"name\":\"Comment\",\"target\":[\"https:\/\/www.il-libro.it\/les-belles-images-2-2\/#respond\"]}]},{\"@type\":\"Person\",\"@id\":\"https:\/\/www.il-libro.it\/#\/schema\/person\/6a34e9b4cc72b2d269e1ae45dcb83083\",\"name\":\"Anna\",\"image\":{\"@type\":\"ImageObject\",\"@id\":\"https:\/\/www.il-libro.it\/#personlogo\",\"inLanguage\":\"es\",\"url\":\"https:\/\/secure.gravatar.com\/avatar\/5446c35a665205777a696408926ad672?s=96&d=mm&r=g\",\"contentUrl\":\"https:\/\/secure.gravatar.com\/avatar\/5446c35a665205777a696408926ad672?s=96&d=mm&r=g\",\"caption\":\"Anna\"}}]}<\/script>\n<!-- \/ Yoast SEO plugin. -->","yoast_head_json":{"title":"Calais mon amour - Il Libro - Libreria Internazionale","robots":{"index":"index","follow":"follow","max-snippet":"max-snippet:-1","max-image-preview":"max-image-preview:large","max-video-preview":"max-video-preview:-1"},"canonical":"https:\/\/www.il-libro.it\/es\/les-belles-images-2-2\/","og_locale":"es_ES","og_type":"article","og_title":"Calais mon amour - Il Libro - Libreria Internazionale","og_description":"Calais mon amour un roman de B\u00e9atrice Huret Mercredi 18 d\u00e9cembre 2019 \u00e0 19h00 \u00e0 la librairie il libro. &nbsp; Un t\u00e9moignage d&#8217;amour Sympathisante FN, B\u00e9atrice vit avec son fils et sa m\u00e8re \u00e0 une vingtaine de kilom\u00e8tres de la jungle de Calais, o\u00f9 s&#8217;entassent 9000 personnes. Un soir, en sortant du travail, elle prend&hellip;","og_url":"https:\/\/www.il-libro.it\/les-belles-images-2-2\/","og_site_name":"Il Libro - Libreria Internazionale","article_publisher":"https:\/\/www.facebook.com\/IL-LIBRO-Libreria-Internazionale-2127680667458029\/?fref=ts","article_published_time":"2019-11-21T08:38:21+00:00","og_image":[{"width":309,"height":500,"url":"https:\/\/www.il-libro.it\/wp-content\/uploads\/2019\/11\/HUretCalais.jpg","path":"\/var\/www\/vhosts\/il-libro.it\/httpdocs\/wp-content\/uploads\/2019\/11\/HUretCalais.jpg","size":"full","id":105126,"alt":"","pixels":154500,"type":"image\/jpeg"}],"twitter_card":"summary_large_image","twitter_misc":{"Escrito por":"Anna","Tiempo de lectura":"1 minuto"},"schema":{"@context":"https:\/\/schema.org","@graph":[{"@type":"Organization","@id":"https:\/\/www.il-libro.it\/#organization","name":"il libro libreria internazionale","url":"https:\/\/www.il-libro.it\/","sameAs":["https:\/\/www.facebook.com\/IL-LIBRO-Libreria-Internazionale-2127680667458029\/?fref=ts","https:\/\/www.instagram.com\/il.libro.internazionale\/"],"logo":{"@type":"ImageObject","@id":"https:\/\/www.il-libro.it\/#logo","inLanguage":"es","url":"https:\/\/www.il-libro.it\/wp-content\/uploads\/2017\/03\/logo.png","contentUrl":"https:\/\/www.il-libro.it\/wp-content\/uploads\/2017\/03\/logo.png","width":180,"height":90,"caption":"il libro libreria internazionale"},"image":{"@id":"https:\/\/www.il-libro.it\/#logo"}},{"@type":"WebSite","@id":"https:\/\/www.il-libro.it\/#website","url":"https:\/\/www.il-libro.it\/","name":"Il Libro - Libreria Internazionale","description":"Benvenuti nella libreria internazionale","publisher":{"@id":"https:\/\/www.il-libro.it\/#organization"},"potentialAction":[{"@type":"SearchAction","target":{"@type":"EntryPoint","urlTemplate":"https:\/\/www.il-libro.it\/?s={search_term_string}"},"query-input":"required name=search_term_string"}],"inLanguage":"es"},{"@type":"ImageObject","@id":"https:\/\/www.il-libro.it\/les-belles-images-2-2\/#primaryimage","inLanguage":"es","url":"https:\/\/www.il-libro.it\/wp-content\/uploads\/2019\/11\/HUretCalais.jpg","contentUrl":"https:\/\/www.il-libro.it\/wp-content\/uploads\/2019\/11\/HUretCalais.jpg","width":309,"height":500},{"@type":"WebPage","@id":"https:\/\/www.il-libro.it\/les-belles-images-2-2\/#webpage","url":"https:\/\/www.il-libro.it\/les-belles-images-2-2\/","name":"Calais mon amour - Il Libro - Libreria Internazionale","isPartOf":{"@id":"https:\/\/www.il-libro.it\/#website"},"primaryImageOfPage":{"@id":"https:\/\/www.il-libro.it\/les-belles-images-2-2\/#primaryimage"},"datePublished":"2019-11-21T08:38:21+00:00","dateModified":"2019-11-21T08:38:21+00:00","breadcrumb":{"@id":"https:\/\/www.il-libro.it\/les-belles-images-2-2\/#breadcrumb"},"inLanguage":"es","potentialAction":[{"@type":"ReadAction","target":["https:\/\/www.il-libro.it\/les-belles-images-2-2\/"]}]},{"@type":"BreadcrumbList","@id":"https:\/\/www.il-libro.it\/les-belles-images-2-2\/#breadcrumb","itemListElement":[{"@type":"ListItem","position":1,"name":"Home","item":"https:\/\/www.il-libro.it\/es\/"},{"@type":"ListItem","position":2,"name":"Calais mon amour"}]},{"@type":"Article","@id":"https:\/\/www.il-libro.it\/les-belles-images-2-2\/#article","isPartOf":{"@id":"https:\/\/www.il-libro.it\/les-belles-images-2-2\/#webpage"},"author":{"@id":"https:\/\/www.il-libro.it\/#\/schema\/person\/6a34e9b4cc72b2d269e1ae45dcb83083"},"headline":"Calais mon amour","datePublished":"2019-11-21T08:38:21+00:00","dateModified":"2019-11-21T08:38:21+00:00","mainEntityOfPage":{"@id":"https:\/\/www.il-libro.it\/les-belles-images-2-2\/#webpage"},"wordCount":263,"commentCount":0,"publisher":{"@id":"https:\/\/www.il-libro.it\/#organization"},"image":{"@id":"https:\/\/www.il-libro.it\/les-belles-images-2-2\/#primaryimage"},"thumbnailUrl":"https:\/\/www.il-libro.it\/wp-content\/uploads\/2019\/11\/HUretCalais.jpg","articleSection":["Rencontre Litt\u00e9raire"],"inLanguage":"es","potentialAction":[{"@type":"CommentAction","name":"Comment","target":["https:\/\/www.il-libro.it\/les-belles-images-2-2\/#respond"]}]},{"@type":"Person","@id":"https:\/\/www.il-libro.it\/#\/schema\/person\/6a34e9b4cc72b2d269e1ae45dcb83083","name":"Anna","image":{"@type":"ImageObject","@id":"https:\/\/www.il-libro.it\/#personlogo","inLanguage":"es","url":"https:\/\/secure.gravatar.com\/avatar\/5446c35a665205777a696408926ad672?s=96&d=mm&r=g","contentUrl":"https:\/\/secure.gravatar.com\/avatar\/5446c35a665205777a696408926ad672?s=96&d=mm&r=g","caption":"Anna"}}]}},"_links":{"self":[{"href":"https:\/\/www.il-libro.it\/es\/wp-json\/wp\/v2\/posts\/105125"}],"collection":[{"href":"https:\/\/www.il-libro.it\/es\/wp-json\/wp\/v2\/posts"}],"about":[{"href":"https:\/\/www.il-libro.it\/es\/wp-json\/wp\/v2\/types\/post"}],"author":[{"embeddable":true,"href":"https:\/\/www.il-libro.it\/es\/wp-json\/wp\/v2\/users\/5"}],"replies":[{"embeddable":true,"href":"https:\/\/www.il-libro.it\/es\/wp-json\/wp\/v2\/comments?post=105125"}],"version-history":[{"count":0,"href":"https:\/\/www.il-libro.it\/es\/wp-json\/wp\/v2\/posts\/105125\/revisions"}],"wp:featuredmedia":[{"embeddable":true,"href":"https:\/\/www.il-libro.it\/es\/wp-json\/wp\/v2\/media\/105126"}],"wp:attachment":[{"href":"https:\/\/www.il-libro.it\/es\/wp-json\/wp\/v2\/media?parent=105125"}],"wp:term":[{"taxonomy":"category","embeddable":true,"href":"https:\/\/www.il-libro.it\/es\/wp-json\/wp\/v2\/categories?post=105125"},{"taxonomy":"post_tag","embeddable":true,"href":"https:\/\/www.il-libro.it\/es\/wp-json\/wp\/v2\/tags?post=105125"}],"curies":[{"name":"wp","href":"https:\/\/api.w.org\/{rel}","templated":true}]}}