{"id":105893,"date":"2019-12-11T09:59:27","date_gmt":"2019-12-11T08:59:27","guid":{"rendered":"https:\/\/www.il-libro.it\/?p=105893"},"modified":"2020-01-27T09:04:03","modified_gmt":"2020-01-27T08:04:03","slug":"el-otro-barrio","status":"publish","type":"post","link":"https:\/\/www.il-libro.it\/es\/el-otro-barrio\/","title":{"rendered":"El otro barrio"},"content":{"rendered":"<div class=\"separatore\">\n<h3 style=\"text-align: center;\"><strong>El otro barrio<br \/>\n<\/strong><\/h3>\n<h3 style=\"text-align: center;\">una novela de Elvira Lindo<strong><br \/>\n<\/strong><\/h3>\n<p style=\"text-align: center;\"><strong>Lunes 10 de febrero 2020<br \/>\n<\/strong><\/p>\n<p style=\"text-align: center;\"><strong>19h00 <\/strong><\/p>\n<p>&nbsp;<\/p>\n<\/div>\n<p align=\"LEFT\">Ramon Fortuna es un adolescente de quince a\u00f1os que no lleg\u00f3 a conocer a su padre, pero que ha crecido sobreprotegido por cuatro mujeres: su madre de verdad y las postizas. Al verse envuelto en unos brutales acontecimientos, descubre que todo lo que le hab\u00edan contado sobre su vida era mentira. En vez de tratar de demostrar su inocencia, su nuevo objetivo en la vida va a ser librarse de la red de enga\u00f1os que no le deja ver qui\u00e9n es en realidad.<\/p>\n<p align=\"LEFT\">El libro <strong>Elvira Lindo<\/strong> est\u00e1 desde ahora disponible en su librer\u00eda <strong>il libro.<\/strong><\/p>\n<p><strong>A prop\u00f3sito de la autora.\u00a0 <\/strong><\/p>\n<p><strong>Elvira Lindo<\/strong> naci\u00f3 en C\u00e1diz en 1962. Comenz\u00f3 estudios de pe\u00adriodismo, pero los abandon\u00f3 al comenzar a trabajar en la radio con s\u00f3lo diecinueve a\u00f1os. Hizo labores de guionista, locutora, comentarista y present\u00f3 varios programas de RNE, tareas que repiti\u00f3 en la SER y en la televisi\u00f3n. Es en estos guiones donde surgi\u00f3 el personaje de <em>Manolito Gafotas<\/em>, que desde la publi\u00adcaci\u00f3n del primer libro de la serie, en 1994, goza de un \u00e9xito enorme. Colabora habitualmente en el diario El Pa\u00eds.<\/p>\n","protected":false},"excerpt":{"rendered":"<p>El otro barrio una novela de Elvira Lindo Lunes 10 de febrero 2020 19h00 &nbsp; Ramon Fortuna es un adolescente de quince a\u00f1os que no lleg\u00f3 a conocer a su padre, pero que ha crecido sobreprotegido por cuatro mujeres: su madre de verdad y las postizas. Al verse envuelto en unos brutales acontecimientos, descubre que&hellip;<\/p>\n","protected":false},"author":5,"featured_media":105900,"comment_status":"closed","ping_status":"open","sticky":false,"template":"","format":"standard","meta":[],"categories":[284],"tags":[],"yoast_head":"<!-- This site is optimized with the Yoast SEO plugin v17.2.1 - https:\/\/yoast.com\/wordpress\/plugins\/seo\/ -->\n<title>El otro barrio - Il Libro - Libreria Internazionale<\/title>\n<meta name=\"robots\" content=\"index, follow, max-snippet:-1, max-image-preview:large, max-video-preview:-1\" \/>\n<link rel=\"canonical\" href=\"https:\/\/www.il-libro.it\/es\/el-otro-barrio\/\" \/>\n<meta property=\"og:locale\" content=\"es_ES\" \/>\n<meta property=\"og:type\" content=\"article\" \/>\n<meta property=\"og:title\" content=\"El otro barrio - Il Libro - Libreria Internazionale\" \/>\n<meta property=\"og:description\" content=\"El otro barrio una novela de Elvira Lindo Lunes 10 de febrero 2020 19h00 &nbsp; Ramon Fortuna es un adolescente de quince a\u00f1os que no lleg\u00f3 a conocer a su padre, pero que ha crecido sobreprotegido por cuatro mujeres: su madre de verdad y las postizas. Al verse envuelto en unos brutales acontecimientos, descubre que&hellip;\" \/>\n<meta property=\"og:url\" content=\"https:\/\/www.il-libro.it\/el-otro-barrio\/\" \/>\n<meta property=\"og:site_name\" content=\"Il Libro - Libreria Internazionale\" \/>\n<meta property=\"article:publisher\" content=\"https:\/\/www.facebook.com\/IL-LIBRO-Libreria-Internazionale-2127680667458029\/?fref=ts\" \/>\n<meta property=\"article:published_time\" content=\"2019-12-11T08:59:27+00:00\" \/>\n<meta property=\"article:modified_time\" content=\"2020-01-27T08:04:03+00:00\" \/>\n<meta property=\"og:image\" content=\"https:\/\/www.il-libro.it\/wp-content\/uploads\/2019\/12\/LindoBarrioOtro.jpg\" \/>\n\t<meta property=\"og:image:width\" content=\"500\" \/>\n\t<meta property=\"og:image:height\" content=\"761\" \/>\n<meta name=\"twitter:card\" content=\"summary_large_image\" \/>\n<meta name=\"twitter:label1\" content=\"Escrito por\" \/>\n\t<meta name=\"twitter:data1\" content=\"Anna\" \/>\n\t<meta name=\"twitter:label2\" content=\"Tiempo de lectura\" \/>\n\t<meta name=\"twitter:data2\" content=\"1 minuto\" \/>\n<script type=\"application\/ld+json\" class=\"yoast-schema-graph\">{\"@context\":\"https:\/\/schema.org\",\"@graph\":[{\"@type\":\"Organization\",\"@id\":\"https:\/\/www.il-libro.it\/#organization\",\"name\":\"il libro libreria internazionale\",\"url\":\"https:\/\/www.il-libro.it\/\",\"sameAs\":[\"https:\/\/www.facebook.com\/IL-LIBRO-Libreria-Internazionale-2127680667458029\/?fref=ts\",\"https:\/\/www.instagram.com\/il.libro.internazionale\/\"],\"logo\":{\"@type\":\"ImageObject\",\"@id\":\"https:\/\/www.il-libro.it\/#logo\",\"inLanguage\":\"es\",\"url\":\"https:\/\/www.il-libro.it\/wp-content\/uploads\/2017\/03\/logo.png\",\"contentUrl\":\"https:\/\/www.il-libro.it\/wp-content\/uploads\/2017\/03\/logo.png\",\"width\":180,\"height\":90,\"caption\":\"il libro libreria internazionale\"},\"image\":{\"@id\":\"https:\/\/www.il-libro.it\/#logo\"}},{\"@type\":\"WebSite\",\"@id\":\"https:\/\/www.il-libro.it\/#website\",\"url\":\"https:\/\/www.il-libro.it\/\",\"name\":\"Il Libro - Libreria Internazionale\",\"description\":\"Benvenuti nella libreria internazionale\",\"publisher\":{\"@id\":\"https:\/\/www.il-libro.it\/#organization\"},\"potentialAction\":[{\"@type\":\"SearchAction\",\"target\":{\"@type\":\"EntryPoint\",\"urlTemplate\":\"https:\/\/www.il-libro.it\/?s={search_term_string}\"},\"query-input\":\"required name=search_term_string\"}],\"inLanguage\":\"es\"},{\"@type\":\"ImageObject\",\"@id\":\"https:\/\/www.il-libro.it\/el-otro-barrio\/#primaryimage\",\"inLanguage\":\"es\",\"url\":\"https:\/\/www.il-libro.it\/wp-content\/uploads\/2019\/12\/LindoBarrioOtro.jpg\",\"contentUrl\":\"https:\/\/www.il-libro.it\/wp-content\/uploads\/2019\/12\/LindoBarrioOtro.jpg\",\"width\":500,\"height\":761},{\"@type\":\"WebPage\",\"@id\":\"https:\/\/www.il-libro.it\/el-otro-barrio\/#webpage\",\"url\":\"https:\/\/www.il-libro.it\/el-otro-barrio\/\",\"name\":\"El otro barrio - Il Libro - Libreria Internazionale\",\"isPartOf\":{\"@id\":\"https:\/\/www.il-libro.it\/#website\"},\"primaryImageOfPage\":{\"@id\":\"https:\/\/www.il-libro.it\/el-otro-barrio\/#primaryimage\"},\"datePublished\":\"2019-12-11T08:59:27+00:00\",\"dateModified\":\"2020-01-27T08:04:03+00:00\",\"breadcrumb\":{\"@id\":\"https:\/\/www.il-libro.it\/el-otro-barrio\/#breadcrumb\"},\"inLanguage\":\"es\",\"potentialAction\":[{\"@type\":\"ReadAction\",\"target\":[\"https:\/\/www.il-libro.it\/el-otro-barrio\/\"]}]},{\"@type\":\"BreadcrumbList\",\"@id\":\"https:\/\/www.il-libro.it\/el-otro-barrio\/#breadcrumb\",\"itemListElement\":[{\"@type\":\"ListItem\",\"position\":1,\"name\":\"Home\",\"item\":\"https:\/\/www.il-libro.it\/es\/\"},{\"@type\":\"ListItem\",\"position\":2,\"name\":\"El otro barrio\"}]},{\"@type\":\"Article\",\"@id\":\"https:\/\/www.il-libro.it\/el-otro-barrio\/#article\",\"isPartOf\":{\"@id\":\"https:\/\/www.il-libro.it\/el-otro-barrio\/#webpage\"},\"author\":{\"@id\":\"https:\/\/www.il-libro.it\/#\/schema\/person\/6a34e9b4cc72b2d269e1ae45dcb83083\"},\"headline\":\"El otro barrio\",\"datePublished\":\"2019-12-11T08:59:27+00:00\",\"dateModified\":\"2020-01-27T08:04:03+00:00\",\"mainEntityOfPage\":{\"@id\":\"https:\/\/www.il-libro.it\/el-otro-barrio\/#webpage\"},\"wordCount\":211,\"publisher\":{\"@id\":\"https:\/\/www.il-libro.it\/#organization\"},\"image\":{\"@id\":\"https:\/\/www.il-libro.it\/el-otro-barrio\/#primaryimage\"},\"thumbnailUrl\":\"https:\/\/www.il-libro.it\/wp-content\/uploads\/2019\/12\/LindoBarrioOtro.jpg\",\"articleSection\":[\"Encuentro Literario\"],\"inLanguage\":\"es\"},{\"@type\":\"Person\",\"@id\":\"https:\/\/www.il-libro.it\/#\/schema\/person\/6a34e9b4cc72b2d269e1ae45dcb83083\",\"name\":\"Anna\",\"image\":{\"@type\":\"ImageObject\",\"@id\":\"https:\/\/www.il-libro.it\/#personlogo\",\"inLanguage\":\"es\",\"url\":\"https:\/\/secure.gravatar.com\/avatar\/5446c35a665205777a696408926ad672?s=96&d=mm&r=g\",\"contentUrl\":\"https:\/\/secure.gravatar.com\/avatar\/5446c35a665205777a696408926ad672?s=96&d=mm&r=g\",\"caption\":\"Anna\"}}]}<\/script>\n<!-- \/ Yoast SEO plugin. -->","yoast_head_json":{"title":"El otro barrio - Il Libro - Libreria Internazionale","robots":{"index":"index","follow":"follow","max-snippet":"max-snippet:-1","max-image-preview":"max-image-preview:large","max-video-preview":"max-video-preview:-1"},"canonical":"https:\/\/www.il-libro.it\/es\/el-otro-barrio\/","og_locale":"es_ES","og_type":"article","og_title":"El otro barrio - Il Libro - Libreria Internazionale","og_description":"El otro barrio una novela de Elvira Lindo Lunes 10 de febrero 2020 19h00 &nbsp; Ramon Fortuna es un adolescente de quince a\u00f1os que no lleg\u00f3 a conocer a su padre, pero que ha crecido sobreprotegido por cuatro mujeres: su madre de verdad y las postizas. Al verse envuelto en unos brutales acontecimientos, descubre que&hellip;","og_url":"https:\/\/www.il-libro.it\/el-otro-barrio\/","og_site_name":"Il Libro - Libreria Internazionale","article_publisher":"https:\/\/www.facebook.com\/IL-LIBRO-Libreria-Internazionale-2127680667458029\/?fref=ts","article_published_time":"2019-12-11T08:59:27+00:00","article_modified_time":"2020-01-27T08:04:03+00:00","og_image":[{"width":500,"height":761,"url":"https:\/\/www.il-libro.it\/wp-content\/uploads\/2019\/12\/LindoBarrioOtro.jpg","path":"\/var\/www\/vhosts\/il-libro.it\/httpdocs\/wp-content\/uploads\/2019\/12\/LindoBarrioOtro.jpg","size":"full","id":105900,"alt":"","pixels":380500,"type":"image\/jpeg"}],"twitter_card":"summary_large_image","twitter_misc":{"Escrito por":"Anna","Tiempo de lectura":"1 minuto"},"schema":{"@context":"https:\/\/schema.org","@graph":[{"@type":"Organization","@id":"https:\/\/www.il-libro.it\/#organization","name":"il libro libreria internazionale","url":"https:\/\/www.il-libro.it\/","sameAs":["https:\/\/www.facebook.com\/IL-LIBRO-Libreria-Internazionale-2127680667458029\/?fref=ts","https:\/\/www.instagram.com\/il.libro.internazionale\/"],"logo":{"@type":"ImageObject","@id":"https:\/\/www.il-libro.it\/#logo","inLanguage":"es","url":"https:\/\/www.il-libro.it\/wp-content\/uploads\/2017\/03\/logo.png","contentUrl":"https:\/\/www.il-libro.it\/wp-content\/uploads\/2017\/03\/logo.png","width":180,"height":90,"caption":"il libro libreria internazionale"},"image":{"@id":"https:\/\/www.il-libro.it\/#logo"}},{"@type":"WebSite","@id":"https:\/\/www.il-libro.it\/#website","url":"https:\/\/www.il-libro.it\/","name":"Il Libro - Libreria Internazionale","description":"Benvenuti nella libreria internazionale","publisher":{"@id":"https:\/\/www.il-libro.it\/#organization"},"potentialAction":[{"@type":"SearchAction","target":{"@type":"EntryPoint","urlTemplate":"https:\/\/www.il-libro.it\/?s={search_term_string}"},"query-input":"required name=search_term_string"}],"inLanguage":"es"},{"@type":"ImageObject","@id":"https:\/\/www.il-libro.it\/el-otro-barrio\/#primaryimage","inLanguage":"es","url":"https:\/\/www.il-libro.it\/wp-content\/uploads\/2019\/12\/LindoBarrioOtro.jpg","contentUrl":"https:\/\/www.il-libro.it\/wp-content\/uploads\/2019\/12\/LindoBarrioOtro.jpg","width":500,"height":761},{"@type":"WebPage","@id":"https:\/\/www.il-libro.it\/el-otro-barrio\/#webpage","url":"https:\/\/www.il-libro.it\/el-otro-barrio\/","name":"El otro barrio - Il Libro - Libreria Internazionale","isPartOf":{"@id":"https:\/\/www.il-libro.it\/#website"},"primaryImageOfPage":{"@id":"https:\/\/www.il-libro.it\/el-otro-barrio\/#primaryimage"},"datePublished":"2019-12-11T08:59:27+00:00","dateModified":"2020-01-27T08:04:03+00:00","breadcrumb":{"@id":"https:\/\/www.il-libro.it\/el-otro-barrio\/#breadcrumb"},"inLanguage":"es","potentialAction":[{"@type":"ReadAction","target":["https:\/\/www.il-libro.it\/el-otro-barrio\/"]}]},{"@type":"BreadcrumbList","@id":"https:\/\/www.il-libro.it\/el-otro-barrio\/#breadcrumb","itemListElement":[{"@type":"ListItem","position":1,"name":"Home","item":"https:\/\/www.il-libro.it\/es\/"},{"@type":"ListItem","position":2,"name":"El otro barrio"}]},{"@type":"Article","@id":"https:\/\/www.il-libro.it\/el-otro-barrio\/#article","isPartOf":{"@id":"https:\/\/www.il-libro.it\/el-otro-barrio\/#webpage"},"author":{"@id":"https:\/\/www.il-libro.it\/#\/schema\/person\/6a34e9b4cc72b2d269e1ae45dcb83083"},"headline":"El otro barrio","datePublished":"2019-12-11T08:59:27+00:00","dateModified":"2020-01-27T08:04:03+00:00","mainEntityOfPage":{"@id":"https:\/\/www.il-libro.it\/el-otro-barrio\/#webpage"},"wordCount":211,"publisher":{"@id":"https:\/\/www.il-libro.it\/#organization"},"image":{"@id":"https:\/\/www.il-libro.it\/el-otro-barrio\/#primaryimage"},"thumbnailUrl":"https:\/\/www.il-libro.it\/wp-content\/uploads\/2019\/12\/LindoBarrioOtro.jpg","articleSection":["Encuentro Literario"],"inLanguage":"es"},{"@type":"Person","@id":"https:\/\/www.il-libro.it\/#\/schema\/person\/6a34e9b4cc72b2d269e1ae45dcb83083","name":"Anna","image":{"@type":"ImageObject","@id":"https:\/\/www.il-libro.it\/#personlogo","inLanguage":"es","url":"https:\/\/secure.gravatar.com\/avatar\/5446c35a665205777a696408926ad672?s=96&d=mm&r=g","contentUrl":"https:\/\/secure.gravatar.com\/avatar\/5446c35a665205777a696408926ad672?s=96&d=mm&r=g","caption":"Anna"}}]}},"_links":{"self":[{"href":"https:\/\/www.il-libro.it\/es\/wp-json\/wp\/v2\/posts\/105893"}],"collection":[{"href":"https:\/\/www.il-libro.it\/es\/wp-json\/wp\/v2\/posts"}],"about":[{"href":"https:\/\/www.il-libro.it\/es\/wp-json\/wp\/v2\/types\/post"}],"author":[{"embeddable":true,"href":"https:\/\/www.il-libro.it\/es\/wp-json\/wp\/v2\/users\/5"}],"replies":[{"embeddable":true,"href":"https:\/\/www.il-libro.it\/es\/wp-json\/wp\/v2\/comments?post=105893"}],"version-history":[{"count":0,"href":"https:\/\/www.il-libro.it\/es\/wp-json\/wp\/v2\/posts\/105893\/revisions"}],"wp:featuredmedia":[{"embeddable":true,"href":"https:\/\/www.il-libro.it\/es\/wp-json\/wp\/v2\/media\/105900"}],"wp:attachment":[{"href":"https:\/\/www.il-libro.it\/es\/wp-json\/wp\/v2\/media?parent=105893"}],"wp:term":[{"taxonomy":"category","embeddable":true,"href":"https:\/\/www.il-libro.it\/es\/wp-json\/wp\/v2\/categories?post=105893"},{"taxonomy":"post_tag","embeddable":true,"href":"https:\/\/www.il-libro.it\/es\/wp-json\/wp\/v2\/tags?post=105893"}],"curies":[{"name":"wp","href":"https:\/\/api.w.org\/{rel}","templated":true}]}}