{"id":115223,"date":"2021-03-18T12:01:26","date_gmt":"2021-03-18T11:01:26","guid":{"rendered":"https:\/\/www.il-libro.it\/?p=115223"},"modified":"2021-03-18T12:03:37","modified_gmt":"2021-03-18T11:03:37","slug":"ein-bar-namens-wolle-leserabe","status":"publish","type":"post","link":"https:\/\/www.il-libro.it\/es\/ein-bar-namens-wolle-leserabe\/","title":{"rendered":"Ein B\u00e4r namens Wolle Leserabe"},"content":{"rendered":"<div class=\"separatore\">\n<h1 style=\"text-align: center;\"><img class=\"aligncenter wp-image-114759\" src=\"https:\/\/www.il-libro.it\/wp-content\/uploads\/2021\/02\/Barnamens-Wolle.jpg\" alt=\"\" width=\"100\" height=\"137\" srcset=\"https:\/\/www.il-libro.it\/wp-content\/uploads\/2021\/02\/Barnamens-Wolle.jpg 243w, https:\/\/www.il-libro.it\/wp-content\/uploads\/2021\/02\/Barnamens-Wolle-218x300.jpg 218w\" sizes=\"(max-width: 100px) 100vw, 100px\" \/><\/h1>\n<h1 style=\"text-align: center;\">Ein B\u00e4r namens Wolle<\/h1>\n<p><strong><span style=\"color: #000080;\">Leserabe &#8211; Lesen lernen mit Comics<\/span><\/strong><\/p>\n<p>Eines Tages steht ein B\u00e4r namens Wolle mit einer Lieferung von Backzutaten vor der Caf\u00e9-T\u00fcr. Juline bringt ihn in die Abstellkammer. Ein B\u00e4r als Freund klingt prima, oder?<br \/>\nIn dieser Lesereihe werden Comic-Elemente in eine Vorlesegeschichte eingepasst: Die l\u00e4ngeren Textpassagen lesen die Gro\u00dfen vor und die Kinder \u00fcbernehmen die Sprechblasen.<\/p>\n<p><strong>Un giorno Juline trova un orso davanti alla porta del caff\u00e8, condotto da sua nonna e sua madre. Lo nasconde subito nel ripostiglio. Un orso come amico non \u00e8 male, vero?<\/strong><\/p>\n<p>Bestellen an <a href=\"mailto:info@il-libro.it\" target=\"_blank\" rel=\"noopener\">info@il-libro.it<\/a><\/p>\n<\/div>\n","protected":false},"excerpt":{"rendered":"<p>Ein B\u00e4r namens Wolle Leserabe &#8211; Lesen lernen mit Comics Eines Tages steht ein B\u00e4r namens Wolle mit einer Lieferung von Backzutaten vor der Caf\u00e9-T\u00fcr. Juline bringt ihn in die Abstellkammer. Ein B\u00e4r als Freund klingt prima, oder? In dieser Lesereihe werden Comic-Elemente in eine Vorlesegeschichte eingepasst: Die l\u00e4ngeren Textpassagen lesen die Gro\u00dfen vor und&hellip;<\/p>\n","protected":false},"author":5,"featured_media":114759,"comment_status":"open","ping_status":"open","sticky":false,"template":"","format":"standard","meta":[],"categories":[331],"tags":[],"yoast_head":"<!-- This site is optimized with the Yoast SEO plugin v17.2.1 - https:\/\/yoast.com\/wordpress\/plugins\/seo\/ -->\n<title>Ein B\u00e4r namens Wolle Leserabe - Il Libro - Libreria Internazionale<\/title>\n<meta name=\"description\" content=\"Eines Tages steht ein B\u00e4r namens Wolle mit einer Lieferung von Backzutaten vor der Caf\u00e9-T\u00fcr. Ein B\u00e4r als Freund klingt prima, oder?\" \/>\n<meta name=\"robots\" content=\"index, follow, max-snippet:-1, max-image-preview:large, max-video-preview:-1\" \/>\n<link rel=\"canonical\" href=\"https:\/\/www.il-libro.it\/es\/ein-bar-namens-wolle-leserabe\/\" \/>\n<meta property=\"og:locale\" content=\"es_ES\" \/>\n<meta property=\"og:type\" content=\"article\" \/>\n<meta property=\"og:title\" content=\"Ein B\u00e4r namens Wolle Leserabe - Il Libro - Libreria Internazionale\" \/>\n<meta property=\"og:description\" content=\"Eines Tages steht ein B\u00e4r namens Wolle mit einer Lieferung von Backzutaten vor der Caf\u00e9-T\u00fcr. Ein B\u00e4r als Freund klingt prima, oder?\" \/>\n<meta property=\"og:url\" content=\"https:\/\/www.il-libro.it\/ein-bar-namens-wolle-leserabe\/\" \/>\n<meta property=\"og:site_name\" content=\"Il Libro - Libreria Internazionale\" \/>\n<meta property=\"article:publisher\" content=\"https:\/\/www.facebook.com\/IL-LIBRO-Libreria-Internazionale-2127680667458029\/?fref=ts\" \/>\n<meta property=\"article:published_time\" content=\"2021-03-18T11:01:26+00:00\" \/>\n<meta property=\"article:modified_time\" content=\"2021-03-18T11:03:37+00:00\" \/>\n<meta property=\"og:image\" content=\"https:\/\/www.il-libro.it\/wp-content\/uploads\/2021\/02\/Barnamens-Wolle.jpg\" \/>\n\t<meta property=\"og:image:width\" content=\"243\" \/>\n\t<meta property=\"og:image:height\" content=\"334\" \/>\n<meta name=\"twitter:card\" content=\"summary_large_image\" \/>\n<meta name=\"twitter:label1\" content=\"Escrito por\" \/>\n\t<meta name=\"twitter:data1\" content=\"Anna\" \/>\n\t<meta name=\"twitter:label2\" content=\"Tiempo de lectura\" \/>\n\t<meta name=\"twitter:data2\" content=\"1 minuto\" \/>\n<script type=\"application\/ld+json\" class=\"yoast-schema-graph\">{\"@context\":\"https:\/\/schema.org\",\"@graph\":[{\"@type\":\"Organization\",\"@id\":\"https:\/\/www.il-libro.it\/#organization\",\"name\":\"il libro libreria internazionale\",\"url\":\"https:\/\/www.il-libro.it\/\",\"sameAs\":[\"https:\/\/www.facebook.com\/IL-LIBRO-Libreria-Internazionale-2127680667458029\/?fref=ts\",\"https:\/\/www.instagram.com\/il.libro.internazionale\/\"],\"logo\":{\"@type\":\"ImageObject\",\"@id\":\"https:\/\/www.il-libro.it\/#logo\",\"inLanguage\":\"es\",\"url\":\"https:\/\/www.il-libro.it\/wp-content\/uploads\/2017\/03\/logo.png\",\"contentUrl\":\"https:\/\/www.il-libro.it\/wp-content\/uploads\/2017\/03\/logo.png\",\"width\":180,\"height\":90,\"caption\":\"il libro libreria internazionale\"},\"image\":{\"@id\":\"https:\/\/www.il-libro.it\/#logo\"}},{\"@type\":\"WebSite\",\"@id\":\"https:\/\/www.il-libro.it\/#website\",\"url\":\"https:\/\/www.il-libro.it\/\",\"name\":\"Il Libro - Libreria Internazionale\",\"description\":\"Benvenuti nella libreria internazionale\",\"publisher\":{\"@id\":\"https:\/\/www.il-libro.it\/#organization\"},\"potentialAction\":[{\"@type\":\"SearchAction\",\"target\":{\"@type\":\"EntryPoint\",\"urlTemplate\":\"https:\/\/www.il-libro.it\/?s={search_term_string}\"},\"query-input\":\"required name=search_term_string\"}],\"inLanguage\":\"es\"},{\"@type\":\"ImageObject\",\"@id\":\"https:\/\/www.il-libro.it\/ein-bar-namens-wolle-leserabe\/#primaryimage\",\"inLanguage\":\"es\",\"url\":\"https:\/\/www.il-libro.it\/wp-content\/uploads\/2021\/02\/Barnamens-Wolle.jpg\",\"contentUrl\":\"https:\/\/www.il-libro.it\/wp-content\/uploads\/2021\/02\/Barnamens-Wolle.jpg\",\"width\":243,\"height\":334},{\"@type\":\"WebPage\",\"@id\":\"https:\/\/www.il-libro.it\/ein-bar-namens-wolle-leserabe\/#webpage\",\"url\":\"https:\/\/www.il-libro.it\/ein-bar-namens-wolle-leserabe\/\",\"name\":\"Ein B\\u00e4r namens Wolle Leserabe - Il Libro - Libreria Internazionale\",\"isPartOf\":{\"@id\":\"https:\/\/www.il-libro.it\/#website\"},\"primaryImageOfPage\":{\"@id\":\"https:\/\/www.il-libro.it\/ein-bar-namens-wolle-leserabe\/#primaryimage\"},\"datePublished\":\"2021-03-18T11:01:26+00:00\",\"dateModified\":\"2021-03-18T11:03:37+00:00\",\"description\":\"Eines Tages steht ein B\\u00e4r namens Wolle mit einer Lieferung von Backzutaten vor der Caf\\u00e9-T\\u00fcr. Ein B\\u00e4r als Freund klingt prima, oder?\",\"breadcrumb\":{\"@id\":\"https:\/\/www.il-libro.it\/ein-bar-namens-wolle-leserabe\/#breadcrumb\"},\"inLanguage\":\"es\",\"potentialAction\":[{\"@type\":\"ReadAction\",\"target\":[\"https:\/\/www.il-libro.it\/ein-bar-namens-wolle-leserabe\/\"]}]},{\"@type\":\"BreadcrumbList\",\"@id\":\"https:\/\/www.il-libro.it\/ein-bar-namens-wolle-leserabe\/#breadcrumb\",\"itemListElement\":[{\"@type\":\"ListItem\",\"position\":1,\"name\":\"Home\",\"item\":\"https:\/\/www.il-libro.it\/es\/\"},{\"@type\":\"ListItem\",\"position\":2,\"name\":\"Ein B\\u00e4r namens Wolle Leserabe\"}]},{\"@type\":\"Article\",\"@id\":\"https:\/\/www.il-libro.it\/ein-bar-namens-wolle-leserabe\/#article\",\"isPartOf\":{\"@id\":\"https:\/\/www.il-libro.it\/ein-bar-namens-wolle-leserabe\/#webpage\"},\"author\":{\"@id\":\"https:\/\/www.il-libro.it\/#\/schema\/person\/6a34e9b4cc72b2d269e1ae45dcb83083\"},\"headline\":\"Ein B\\u00e4r namens Wolle Leserabe\",\"datePublished\":\"2021-03-18T11:01:26+00:00\",\"dateModified\":\"2021-03-18T11:03:37+00:00\",\"mainEntityOfPage\":{\"@id\":\"https:\/\/www.il-libro.it\/ein-bar-namens-wolle-leserabe\/#webpage\"},\"wordCount\":108,\"commentCount\":0,\"publisher\":{\"@id\":\"https:\/\/www.il-libro.it\/#organization\"},\"image\":{\"@id\":\"https:\/\/www.il-libro.it\/ein-bar-namens-wolle-leserabe\/#primaryimage\"},\"thumbnailUrl\":\"https:\/\/www.il-libro.it\/wp-content\/uploads\/2021\/02\/Barnamens-Wolle.jpg\",\"articleSection\":[\"1. Klasse\"],\"inLanguage\":\"es\",\"potentialAction\":[{\"@type\":\"CommentAction\",\"name\":\"Comment\",\"target\":[\"https:\/\/www.il-libro.it\/ein-bar-namens-wolle-leserabe\/#respond\"]}]},{\"@type\":\"Person\",\"@id\":\"https:\/\/www.il-libro.it\/#\/schema\/person\/6a34e9b4cc72b2d269e1ae45dcb83083\",\"name\":\"Anna\",\"image\":{\"@type\":\"ImageObject\",\"@id\":\"https:\/\/www.il-libro.it\/#personlogo\",\"inLanguage\":\"es\",\"url\":\"https:\/\/secure.gravatar.com\/avatar\/5446c35a665205777a696408926ad672?s=96&d=mm&r=g\",\"contentUrl\":\"https:\/\/secure.gravatar.com\/avatar\/5446c35a665205777a696408926ad672?s=96&d=mm&r=g\",\"caption\":\"Anna\"}}]}<\/script>\n<!-- \/ Yoast SEO plugin. -->","yoast_head_json":{"title":"Ein B\u00e4r namens Wolle Leserabe - Il Libro - Libreria Internazionale","description":"Eines Tages steht ein B\u00e4r namens Wolle mit einer Lieferung von Backzutaten vor der Caf\u00e9-T\u00fcr. Ein B\u00e4r als Freund klingt prima, oder?","robots":{"index":"index","follow":"follow","max-snippet":"max-snippet:-1","max-image-preview":"max-image-preview:large","max-video-preview":"max-video-preview:-1"},"canonical":"https:\/\/www.il-libro.it\/es\/ein-bar-namens-wolle-leserabe\/","og_locale":"es_ES","og_type":"article","og_title":"Ein B\u00e4r namens Wolle Leserabe - Il Libro - Libreria Internazionale","og_description":"Eines Tages steht ein B\u00e4r namens Wolle mit einer Lieferung von Backzutaten vor der Caf\u00e9-T\u00fcr. Ein B\u00e4r als Freund klingt prima, oder?","og_url":"https:\/\/www.il-libro.it\/ein-bar-namens-wolle-leserabe\/","og_site_name":"Il Libro - Libreria Internazionale","article_publisher":"https:\/\/www.facebook.com\/IL-LIBRO-Libreria-Internazionale-2127680667458029\/?fref=ts","article_published_time":"2021-03-18T11:01:26+00:00","article_modified_time":"2021-03-18T11:03:37+00:00","og_image":[{"width":243,"height":334,"url":"https:\/\/www.il-libro.it\/wp-content\/uploads\/2021\/02\/Barnamens-Wolle.jpg","path":"\/var\/www\/vhosts\/il-libro.it\/httpdocs\/wp-content\/uploads\/2021\/02\/Barnamens-Wolle.jpg","size":"full","id":114759,"alt":"","pixels":81162,"type":"image\/jpeg"}],"twitter_card":"summary_large_image","twitter_misc":{"Escrito por":"Anna","Tiempo de lectura":"1 minuto"},"schema":{"@context":"https:\/\/schema.org","@graph":[{"@type":"Organization","@id":"https:\/\/www.il-libro.it\/#organization","name":"il libro libreria internazionale","url":"https:\/\/www.il-libro.it\/","sameAs":["https:\/\/www.facebook.com\/IL-LIBRO-Libreria-Internazionale-2127680667458029\/?fref=ts","https:\/\/www.instagram.com\/il.libro.internazionale\/"],"logo":{"@type":"ImageObject","@id":"https:\/\/www.il-libro.it\/#logo","inLanguage":"es","url":"https:\/\/www.il-libro.it\/wp-content\/uploads\/2017\/03\/logo.png","contentUrl":"https:\/\/www.il-libro.it\/wp-content\/uploads\/2017\/03\/logo.png","width":180,"height":90,"caption":"il libro libreria internazionale"},"image":{"@id":"https:\/\/www.il-libro.it\/#logo"}},{"@type":"WebSite","@id":"https:\/\/www.il-libro.it\/#website","url":"https:\/\/www.il-libro.it\/","name":"Il Libro - Libreria Internazionale","description":"Benvenuti nella libreria internazionale","publisher":{"@id":"https:\/\/www.il-libro.it\/#organization"},"potentialAction":[{"@type":"SearchAction","target":{"@type":"EntryPoint","urlTemplate":"https:\/\/www.il-libro.it\/?s={search_term_string}"},"query-input":"required name=search_term_string"}],"inLanguage":"es"},{"@type":"ImageObject","@id":"https:\/\/www.il-libro.it\/ein-bar-namens-wolle-leserabe\/#primaryimage","inLanguage":"es","url":"https:\/\/www.il-libro.it\/wp-content\/uploads\/2021\/02\/Barnamens-Wolle.jpg","contentUrl":"https:\/\/www.il-libro.it\/wp-content\/uploads\/2021\/02\/Barnamens-Wolle.jpg","width":243,"height":334},{"@type":"WebPage","@id":"https:\/\/www.il-libro.it\/ein-bar-namens-wolle-leserabe\/#webpage","url":"https:\/\/www.il-libro.it\/ein-bar-namens-wolle-leserabe\/","name":"Ein B\u00e4r namens Wolle Leserabe - Il Libro - Libreria Internazionale","isPartOf":{"@id":"https:\/\/www.il-libro.it\/#website"},"primaryImageOfPage":{"@id":"https:\/\/www.il-libro.it\/ein-bar-namens-wolle-leserabe\/#primaryimage"},"datePublished":"2021-03-18T11:01:26+00:00","dateModified":"2021-03-18T11:03:37+00:00","description":"Eines Tages steht ein B\u00e4r namens Wolle mit einer Lieferung von Backzutaten vor der Caf\u00e9-T\u00fcr. Ein B\u00e4r als Freund klingt prima, oder?","breadcrumb":{"@id":"https:\/\/www.il-libro.it\/ein-bar-namens-wolle-leserabe\/#breadcrumb"},"inLanguage":"es","potentialAction":[{"@type":"ReadAction","target":["https:\/\/www.il-libro.it\/ein-bar-namens-wolle-leserabe\/"]}]},{"@type":"BreadcrumbList","@id":"https:\/\/www.il-libro.it\/ein-bar-namens-wolle-leserabe\/#breadcrumb","itemListElement":[{"@type":"ListItem","position":1,"name":"Home","item":"https:\/\/www.il-libro.it\/es\/"},{"@type":"ListItem","position":2,"name":"Ein B\u00e4r namens Wolle Leserabe"}]},{"@type":"Article","@id":"https:\/\/www.il-libro.it\/ein-bar-namens-wolle-leserabe\/#article","isPartOf":{"@id":"https:\/\/www.il-libro.it\/ein-bar-namens-wolle-leserabe\/#webpage"},"author":{"@id":"https:\/\/www.il-libro.it\/#\/schema\/person\/6a34e9b4cc72b2d269e1ae45dcb83083"},"headline":"Ein B\u00e4r namens Wolle Leserabe","datePublished":"2021-03-18T11:01:26+00:00","dateModified":"2021-03-18T11:03:37+00:00","mainEntityOfPage":{"@id":"https:\/\/www.il-libro.it\/ein-bar-namens-wolle-leserabe\/#webpage"},"wordCount":108,"commentCount":0,"publisher":{"@id":"https:\/\/www.il-libro.it\/#organization"},"image":{"@id":"https:\/\/www.il-libro.it\/ein-bar-namens-wolle-leserabe\/#primaryimage"},"thumbnailUrl":"https:\/\/www.il-libro.it\/wp-content\/uploads\/2021\/02\/Barnamens-Wolle.jpg","articleSection":["1. Klasse"],"inLanguage":"es","potentialAction":[{"@type":"CommentAction","name":"Comment","target":["https:\/\/www.il-libro.it\/ein-bar-namens-wolle-leserabe\/#respond"]}]},{"@type":"Person","@id":"https:\/\/www.il-libro.it\/#\/schema\/person\/6a34e9b4cc72b2d269e1ae45dcb83083","name":"Anna","image":{"@type":"ImageObject","@id":"https:\/\/www.il-libro.it\/#personlogo","inLanguage":"es","url":"https:\/\/secure.gravatar.com\/avatar\/5446c35a665205777a696408926ad672?s=96&d=mm&r=g","contentUrl":"https:\/\/secure.gravatar.com\/avatar\/5446c35a665205777a696408926ad672?s=96&d=mm&r=g","caption":"Anna"}}]}},"_links":{"self":[{"href":"https:\/\/www.il-libro.it\/es\/wp-json\/wp\/v2\/posts\/115223"}],"collection":[{"href":"https:\/\/www.il-libro.it\/es\/wp-json\/wp\/v2\/posts"}],"about":[{"href":"https:\/\/www.il-libro.it\/es\/wp-json\/wp\/v2\/types\/post"}],"author":[{"embeddable":true,"href":"https:\/\/www.il-libro.it\/es\/wp-json\/wp\/v2\/users\/5"}],"replies":[{"embeddable":true,"href":"https:\/\/www.il-libro.it\/es\/wp-json\/wp\/v2\/comments?post=115223"}],"version-history":[{"count":1,"href":"https:\/\/www.il-libro.it\/es\/wp-json\/wp\/v2\/posts\/115223\/revisions"}],"predecessor-version":[{"id":115224,"href":"https:\/\/www.il-libro.it\/es\/wp-json\/wp\/v2\/posts\/115223\/revisions\/115224"}],"wp:featuredmedia":[{"embeddable":true,"href":"https:\/\/www.il-libro.it\/es\/wp-json\/wp\/v2\/media\/114759"}],"wp:attachment":[{"href":"https:\/\/www.il-libro.it\/es\/wp-json\/wp\/v2\/media?parent=115223"}],"wp:term":[{"taxonomy":"category","embeddable":true,"href":"https:\/\/www.il-libro.it\/es\/wp-json\/wp\/v2\/categories?post=115223"},{"taxonomy":"post_tag","embeddable":true,"href":"https:\/\/www.il-libro.it\/es\/wp-json\/wp\/v2\/tags?post=115223"}],"curies":[{"name":"wp","href":"https:\/\/api.w.org\/{rel}","templated":true}]}}