{"id":117662,"date":"2025-04-29T17:42:02","date_gmt":"2025-04-29T15:42:02","guid":{"rendered":"https:\/\/www.il-libro.it\/?p=117662"},"modified":"2025-04-29T17:42:02","modified_gmt":"2025-04-29T15:42:02","slug":"die-dinge","status":"publish","type":"post","link":"https:\/\/www.il-libro.it\/es\/die-dinge\/","title":{"rendered":"Die Dinge"},"content":{"rendered":"<div style=\"text-align: center;\">\n<p style=\"text-align: left;\">Unser aktuelles Leitmotiv f\u00fcr die kommenden Lekt\u00fcren ist<\/p>\n<h3><span style=\"color: #ff0000;\"><strong>Sie? Eine wie wir!<\/strong><\/span><\/h3>\n<p style=\"text-align: left;\">\u00abFrauen\u00bb werden also unser n\u00e4chstes Thema sein: starke, schwache, schlaue, bescheidene, witzige, junge oder alte, z\u00e4rtliche oder eitel, gierig nach Macht, nach Vergn\u00fcgen oder nach Neuigkeiten. Wir werden unterschiedliche Facetten der tausenden Deklinationen der \u00abFrau\u00bb unter die Lupe nehmen und zwar mit folgenden B\u00fcchern:<\/p>\n<ul>\n<li style=\"text-align: left;\">Aber nach drei Strophen ist Schluss! von Renate Bergmann<\/li>\n<li style=\"text-align: left;\">Medea von Christa Wolf<\/li>\n<li style=\"text-align: left;\">Effi Briest von Theodor Fontane<\/li>\n<li style=\"text-align: left;\">Marschlande von Jarka Kubsova<\/li>\n<li style=\"text-align: left;\">Die Jungfrau von Monika Helfer<\/li>\n<li style=\"text-align: left;\"><span style=\"color: #ff0000;\"><strong>Die Dinge. Eine Geschichte der Frauen in 100 Objekten von Annabelle Hirsch<\/strong><\/span><\/li>\n<li style=\"text-align: left;\">Reisende auf einem Bein von Herta M\u00fcller<\/li>\n<li style=\"text-align: left;\">Wenn du geredet h\u00e4ttest, Desdemona von Christine Bruckner<\/li>\n<li style=\"text-align: left;\">Wen du h\u00f6rst, sag mir, wen du siehst, sag mir, wer du bist von Andrea Nagele<\/li>\n<\/ul>\n<hr \/>\n<p><em>\u00abFrauen waren immer da und haben immer etwas beigetragen.\u00bb<\/em><\/p>\n<hr \/>\n<h3><span style=\"color: #000080;\"><strong><span style=\"color: #000080;\"><img class=\"aligncenter wp-image-117663\" src=\"https:\/\/www.il-libro.it\/wp-content\/uploads\/2025\/04\/Hirsch_DieDinge2-202x300.webp\" alt=\"\" width=\"110\" height=\"163\" srcset=\"https:\/\/www.il-libro.it\/wp-content\/uploads\/2025\/04\/Hirsch_DieDinge2-202x300.webp 202w, https:\/\/www.il-libro.it\/wp-content\/uploads\/2025\/04\/Hirsch_DieDinge2.webp 517w\" sizes=\"(max-width: 110px) 100vw, 110px\" \/>Die Dinge.<br \/>\nEine Geschichte der Frauen in 100 Objekten<br \/>\n<\/span><\/strong><\/span><span style=\"color: #000080;\"><strong><span style=\"color: #000080;\">Annabelle Hirsch<br \/>\n<\/span><br \/>\n<\/strong><\/span><\/h3>\n<h3 style=\"text-align: center;\"><span style=\"color: #000080;\"><strong><span style=\"color: #ff0000;\"><b>27. Mai 2025<br \/>\num 19.00 Uhr<\/b><\/span><\/strong><\/span><\/h3>\n<h3 style=\"text-align: center;\"><span style=\"color: #000080;\"><strong><br \/>\n<span style=\"color: #ff0000;\">ONLINE mit <em>anna e il libro<\/em><\/span><\/strong><\/span><\/h3>\n<\/div>\n<p>Hundert Gegenst\u00e4nde des Alltags, der Mode, der Medizin, der Kunst, leise und laute Objekte, solche, die vom Freiheitsdrang und der Rebellion der Frauen zeugen, aber auch solche, die f\u00fcr die Mythen und Normen stehen, mit denen man sie schon immer kleinhalten wollte. Annabelle Hirsch schafft einen Kosmos der Frauen und ihrer Dinge.<\/p>\n<p>Wir freuen uns sehr auf Ihre\/ Eure Anmeldung zu unserem Literaturabend.<\/p>\n<p>Mit einer Nachricht an <a href=\"mailto:info@il-libro.it\" target=\"_blank\" rel=\"noopener\">info@il-libro.it<\/a> k\u00f6nnen Sie sich anmelden und Sie bekommen den Zugangscode per Mail.<\/p>\n","protected":false},"excerpt":{"rendered":"<p>Unser aktuelles Leitmotiv f\u00fcr die kommenden Lekt\u00fcren ist Sie? Eine wie wir! \u00abFrauen\u00bb werden also unser n\u00e4chstes Thema sein: starke, schwache, schlaue, bescheidene, witzige, junge oder alte, z\u00e4rtliche oder eitel, gierig nach Macht, nach Vergn\u00fcgen oder nach Neuigkeiten. Wir werden unterschiedliche Facetten der tausenden Deklinationen der \u00abFrau\u00bb unter die Lupe nehmen und zwar mit folgenden&hellip;<\/p>\n","protected":false},"author":3,"featured_media":117663,"comment_status":"open","ping_status":"open","sticky":false,"template":"","format":"standard","meta":[],"categories":[292],"tags":[],"yoast_head":"<!-- This site is optimized with the Yoast SEO plugin v17.2.1 - https:\/\/yoast.com\/wordpress\/plugins\/seo\/ -->\n<title>Die Dinge - Il Libro - Libreria Internazionale<\/title>\n<meta name=\"description\" content=\"Unter dem Motto &quot;Sie? Eine wie wir&quot; werden wir am 27. Mai &quot;Die Dinge&quot; von Annabelle Hirsch besprechen.\" \/>\n<meta name=\"robots\" content=\"index, follow, max-snippet:-1, max-image-preview:large, max-video-preview:-1\" \/>\n<link rel=\"canonical\" href=\"https:\/\/www.il-libro.it\/es\/die-dinge\/\" \/>\n<meta property=\"og:locale\" content=\"es_ES\" \/>\n<meta property=\"og:type\" content=\"article\" \/>\n<meta property=\"og:title\" content=\"Die Dinge - Il Libro - Libreria Internazionale\" \/>\n<meta property=\"og:description\" content=\"Unter dem Motto &quot;Sie? Eine wie wir&quot; werden wir am 27. Mai &quot;Die Dinge&quot; von Annabelle Hirsch besprechen.\" \/>\n<meta property=\"og:url\" content=\"https:\/\/www.il-libro.it\/die-dinge\/\" \/>\n<meta property=\"og:site_name\" content=\"Il Libro - Libreria Internazionale\" \/>\n<meta property=\"article:publisher\" content=\"https:\/\/www.facebook.com\/IL-LIBRO-Libreria-Internazionale-2127680667458029\/?fref=ts\" \/>\n<meta property=\"article:published_time\" content=\"2025-04-29T15:42:02+00:00\" \/>\n<meta property=\"og:image\" content=\"https:\/\/www.il-libro.it\/wp-content\/uploads\/2025\/04\/Hirsch_DieDinge2.webp\" \/>\n\t<meta property=\"og:image:width\" content=\"517\" \/>\n\t<meta property=\"og:image:height\" content=\"768\" \/>\n<meta name=\"twitter:card\" content=\"summary_large_image\" \/>\n<meta name=\"twitter:label1\" content=\"Escrito por\" \/>\n\t<meta name=\"twitter:data1\" content=\"Marco Gironi\" \/>\n\t<meta name=\"twitter:label2\" content=\"Tiempo de lectura\" \/>\n\t<meta name=\"twitter:data2\" content=\"2 minutos\" \/>\n<script type=\"application\/ld+json\" class=\"yoast-schema-graph\">{\"@context\":\"https:\/\/schema.org\",\"@graph\":[{\"@type\":\"Organization\",\"@id\":\"https:\/\/www.il-libro.it\/#organization\",\"name\":\"il libro libreria internazionale\",\"url\":\"https:\/\/www.il-libro.it\/\",\"sameAs\":[\"https:\/\/www.facebook.com\/IL-LIBRO-Libreria-Internazionale-2127680667458029\/?fref=ts\",\"https:\/\/www.instagram.com\/il.libro.internazionale\/\"],\"logo\":{\"@type\":\"ImageObject\",\"@id\":\"https:\/\/www.il-libro.it\/#logo\",\"inLanguage\":\"es\",\"url\":\"https:\/\/www.il-libro.it\/wp-content\/uploads\/2017\/03\/logo.png\",\"contentUrl\":\"https:\/\/www.il-libro.it\/wp-content\/uploads\/2017\/03\/logo.png\",\"width\":180,\"height\":90,\"caption\":\"il libro libreria internazionale\"},\"image\":{\"@id\":\"https:\/\/www.il-libro.it\/#logo\"}},{\"@type\":\"WebSite\",\"@id\":\"https:\/\/www.il-libro.it\/#website\",\"url\":\"https:\/\/www.il-libro.it\/\",\"name\":\"Il Libro - Libreria Internazionale\",\"description\":\"Benvenuti nella libreria internazionale\",\"publisher\":{\"@id\":\"https:\/\/www.il-libro.it\/#organization\"},\"potentialAction\":[{\"@type\":\"SearchAction\",\"target\":{\"@type\":\"EntryPoint\",\"urlTemplate\":\"https:\/\/www.il-libro.it\/?s={search_term_string}\"},\"query-input\":\"required name=search_term_string\"}],\"inLanguage\":\"es\"},{\"@type\":\"ImageObject\",\"@id\":\"https:\/\/www.il-libro.it\/die-dinge\/#primaryimage\",\"inLanguage\":\"es\",\"url\":\"https:\/\/www.il-libro.it\/wp-content\/uploads\/2025\/04\/Hirsch_DieDinge2.webp\",\"contentUrl\":\"https:\/\/www.il-libro.it\/wp-content\/uploads\/2025\/04\/Hirsch_DieDinge2.webp\",\"width\":517,\"height\":768},{\"@type\":\"WebPage\",\"@id\":\"https:\/\/www.il-libro.it\/die-dinge\/#webpage\",\"url\":\"https:\/\/www.il-libro.it\/die-dinge\/\",\"name\":\"Die Dinge - Il Libro - Libreria Internazionale\",\"isPartOf\":{\"@id\":\"https:\/\/www.il-libro.it\/#website\"},\"primaryImageOfPage\":{\"@id\":\"https:\/\/www.il-libro.it\/die-dinge\/#primaryimage\"},\"datePublished\":\"2025-04-29T15:42:02+00:00\",\"dateModified\":\"2025-04-29T15:42:02+00:00\",\"description\":\"Unter dem Motto \\\"Sie? Eine wie wir\\\" werden wir am 27. Mai \\\"Die Dinge\\\" von Annabelle Hirsch besprechen.\",\"breadcrumb\":{\"@id\":\"https:\/\/www.il-libro.it\/die-dinge\/#breadcrumb\"},\"inLanguage\":\"es\",\"potentialAction\":[{\"@type\":\"ReadAction\",\"target\":[\"https:\/\/www.il-libro.it\/die-dinge\/\"]}]},{\"@type\":\"BreadcrumbList\",\"@id\":\"https:\/\/www.il-libro.it\/die-dinge\/#breadcrumb\",\"itemListElement\":[{\"@type\":\"ListItem\",\"position\":1,\"name\":\"Home\",\"item\":\"https:\/\/www.il-libro.it\/es\/\"},{\"@type\":\"ListItem\",\"position\":2,\"name\":\"Die Dinge\"}]},{\"@type\":\"Article\",\"@id\":\"https:\/\/www.il-libro.it\/die-dinge\/#article\",\"isPartOf\":{\"@id\":\"https:\/\/www.il-libro.it\/die-dinge\/#webpage\"},\"author\":{\"@id\":\"https:\/\/www.il-libro.it\/#\/schema\/person\/eb036c9c1b4b3eeb29c0bcdf70429db9\"},\"headline\":\"Die Dinge\",\"datePublished\":\"2025-04-29T15:42:02+00:00\",\"dateModified\":\"2025-04-29T15:42:02+00:00\",\"mainEntityOfPage\":{\"@id\":\"https:\/\/www.il-libro.it\/die-dinge\/#webpage\"},\"wordCount\":248,\"commentCount\":0,\"publisher\":{\"@id\":\"https:\/\/www.il-libro.it\/#organization\"},\"image\":{\"@id\":\"https:\/\/www.il-libro.it\/die-dinge\/#primaryimage\"},\"thumbnailUrl\":\"https:\/\/www.il-libro.it\/wp-content\/uploads\/2025\/04\/Hirsch_DieDinge2.webp\",\"articleSection\":[\"Literaturtreffen\"],\"inLanguage\":\"es\",\"potentialAction\":[{\"@type\":\"CommentAction\",\"name\":\"Comment\",\"target\":[\"https:\/\/www.il-libro.it\/die-dinge\/#respond\"]}]},{\"@type\":\"Person\",\"@id\":\"https:\/\/www.il-libro.it\/#\/schema\/person\/eb036c9c1b4b3eeb29c0bcdf70429db9\",\"name\":\"Marco Gironi\",\"image\":{\"@type\":\"ImageObject\",\"@id\":\"https:\/\/www.il-libro.it\/#personlogo\",\"inLanguage\":\"es\",\"url\":\"https:\/\/secure.gravatar.com\/avatar\/59de39c8c798f6ff42f67487686c1929?s=96&d=mm&r=g\",\"contentUrl\":\"https:\/\/secure.gravatar.com\/avatar\/59de39c8c798f6ff42f67487686c1929?s=96&d=mm&r=g\",\"caption\":\"Marco Gironi\"}}]}<\/script>\n<!-- \/ Yoast SEO plugin. -->","yoast_head_json":{"title":"Die Dinge - Il Libro - Libreria Internazionale","description":"Unter dem Motto \"Sie? Eine wie wir\" werden wir am 27. Mai \"Die Dinge\" von Annabelle Hirsch besprechen.","robots":{"index":"index","follow":"follow","max-snippet":"max-snippet:-1","max-image-preview":"max-image-preview:large","max-video-preview":"max-video-preview:-1"},"canonical":"https:\/\/www.il-libro.it\/es\/die-dinge\/","og_locale":"es_ES","og_type":"article","og_title":"Die Dinge - Il Libro - Libreria Internazionale","og_description":"Unter dem Motto \"Sie? Eine wie wir\" werden wir am 27. Mai \"Die Dinge\" von Annabelle Hirsch besprechen.","og_url":"https:\/\/www.il-libro.it\/die-dinge\/","og_site_name":"Il Libro - Libreria Internazionale","article_publisher":"https:\/\/www.facebook.com\/IL-LIBRO-Libreria-Internazionale-2127680667458029\/?fref=ts","article_published_time":"2025-04-29T15:42:02+00:00","og_image":[{"width":517,"height":768,"url":"https:\/\/www.il-libro.it\/wp-content\/uploads\/2025\/04\/Hirsch_DieDinge2.webp","path":"\/var\/www\/vhosts\/il-libro.it\/httpdocs\/wp-content\/uploads\/2025\/04\/Hirsch_DieDinge2.webp","size":"full","id":117663,"alt":"","pixels":397056,"type":"image\/jpeg"}],"twitter_card":"summary_large_image","twitter_misc":{"Escrito por":"Marco Gironi","Tiempo de lectura":"2 minutos"},"schema":{"@context":"https:\/\/schema.org","@graph":[{"@type":"Organization","@id":"https:\/\/www.il-libro.it\/#organization","name":"il libro libreria internazionale","url":"https:\/\/www.il-libro.it\/","sameAs":["https:\/\/www.facebook.com\/IL-LIBRO-Libreria-Internazionale-2127680667458029\/?fref=ts","https:\/\/www.instagram.com\/il.libro.internazionale\/"],"logo":{"@type":"ImageObject","@id":"https:\/\/www.il-libro.it\/#logo","inLanguage":"es","url":"https:\/\/www.il-libro.it\/wp-content\/uploads\/2017\/03\/logo.png","contentUrl":"https:\/\/www.il-libro.it\/wp-content\/uploads\/2017\/03\/logo.png","width":180,"height":90,"caption":"il libro libreria internazionale"},"image":{"@id":"https:\/\/www.il-libro.it\/#logo"}},{"@type":"WebSite","@id":"https:\/\/www.il-libro.it\/#website","url":"https:\/\/www.il-libro.it\/","name":"Il Libro - Libreria Internazionale","description":"Benvenuti nella libreria internazionale","publisher":{"@id":"https:\/\/www.il-libro.it\/#organization"},"potentialAction":[{"@type":"SearchAction","target":{"@type":"EntryPoint","urlTemplate":"https:\/\/www.il-libro.it\/?s={search_term_string}"},"query-input":"required name=search_term_string"}],"inLanguage":"es"},{"@type":"ImageObject","@id":"https:\/\/www.il-libro.it\/die-dinge\/#primaryimage","inLanguage":"es","url":"https:\/\/www.il-libro.it\/wp-content\/uploads\/2025\/04\/Hirsch_DieDinge2.webp","contentUrl":"https:\/\/www.il-libro.it\/wp-content\/uploads\/2025\/04\/Hirsch_DieDinge2.webp","width":517,"height":768},{"@type":"WebPage","@id":"https:\/\/www.il-libro.it\/die-dinge\/#webpage","url":"https:\/\/www.il-libro.it\/die-dinge\/","name":"Die Dinge - Il Libro - Libreria Internazionale","isPartOf":{"@id":"https:\/\/www.il-libro.it\/#website"},"primaryImageOfPage":{"@id":"https:\/\/www.il-libro.it\/die-dinge\/#primaryimage"},"datePublished":"2025-04-29T15:42:02+00:00","dateModified":"2025-04-29T15:42:02+00:00","description":"Unter dem Motto \"Sie? Eine wie wir\" werden wir am 27. Mai \"Die Dinge\" von Annabelle Hirsch besprechen.","breadcrumb":{"@id":"https:\/\/www.il-libro.it\/die-dinge\/#breadcrumb"},"inLanguage":"es","potentialAction":[{"@type":"ReadAction","target":["https:\/\/www.il-libro.it\/die-dinge\/"]}]},{"@type":"BreadcrumbList","@id":"https:\/\/www.il-libro.it\/die-dinge\/#breadcrumb","itemListElement":[{"@type":"ListItem","position":1,"name":"Home","item":"https:\/\/www.il-libro.it\/es\/"},{"@type":"ListItem","position":2,"name":"Die Dinge"}]},{"@type":"Article","@id":"https:\/\/www.il-libro.it\/die-dinge\/#article","isPartOf":{"@id":"https:\/\/www.il-libro.it\/die-dinge\/#webpage"},"author":{"@id":"https:\/\/www.il-libro.it\/#\/schema\/person\/eb036c9c1b4b3eeb29c0bcdf70429db9"},"headline":"Die Dinge","datePublished":"2025-04-29T15:42:02+00:00","dateModified":"2025-04-29T15:42:02+00:00","mainEntityOfPage":{"@id":"https:\/\/www.il-libro.it\/die-dinge\/#webpage"},"wordCount":248,"commentCount":0,"publisher":{"@id":"https:\/\/www.il-libro.it\/#organization"},"image":{"@id":"https:\/\/www.il-libro.it\/die-dinge\/#primaryimage"},"thumbnailUrl":"https:\/\/www.il-libro.it\/wp-content\/uploads\/2025\/04\/Hirsch_DieDinge2.webp","articleSection":["Literaturtreffen"],"inLanguage":"es","potentialAction":[{"@type":"CommentAction","name":"Comment","target":["https:\/\/www.il-libro.it\/die-dinge\/#respond"]}]},{"@type":"Person","@id":"https:\/\/www.il-libro.it\/#\/schema\/person\/eb036c9c1b4b3eeb29c0bcdf70429db9","name":"Marco Gironi","image":{"@type":"ImageObject","@id":"https:\/\/www.il-libro.it\/#personlogo","inLanguage":"es","url":"https:\/\/secure.gravatar.com\/avatar\/59de39c8c798f6ff42f67487686c1929?s=96&d=mm&r=g","contentUrl":"https:\/\/secure.gravatar.com\/avatar\/59de39c8c798f6ff42f67487686c1929?s=96&d=mm&r=g","caption":"Marco Gironi"}}]}},"_links":{"self":[{"href":"https:\/\/www.il-libro.it\/es\/wp-json\/wp\/v2\/posts\/117662"}],"collection":[{"href":"https:\/\/www.il-libro.it\/es\/wp-json\/wp\/v2\/posts"}],"about":[{"href":"https:\/\/www.il-libro.it\/es\/wp-json\/wp\/v2\/types\/post"}],"author":[{"embeddable":true,"href":"https:\/\/www.il-libro.it\/es\/wp-json\/wp\/v2\/users\/3"}],"replies":[{"embeddable":true,"href":"https:\/\/www.il-libro.it\/es\/wp-json\/wp\/v2\/comments?post=117662"}],"version-history":[{"count":2,"href":"https:\/\/www.il-libro.it\/es\/wp-json\/wp\/v2\/posts\/117662\/revisions"}],"predecessor-version":[{"id":117669,"href":"https:\/\/www.il-libro.it\/es\/wp-json\/wp\/v2\/posts\/117662\/revisions\/117669"}],"wp:featuredmedia":[{"embeddable":true,"href":"https:\/\/www.il-libro.it\/es\/wp-json\/wp\/v2\/media\/117663"}],"wp:attachment":[{"href":"https:\/\/www.il-libro.it\/es\/wp-json\/wp\/v2\/media?parent=117662"}],"wp:term":[{"taxonomy":"category","embeddable":true,"href":"https:\/\/www.il-libro.it\/es\/wp-json\/wp\/v2\/categories?post=117662"},{"taxonomy":"post_tag","embeddable":true,"href":"https:\/\/www.il-libro.it\/es\/wp-json\/wp\/v2\/tags?post=117662"}],"curies":[{"name":"wp","href":"https:\/\/api.w.org\/{rel}","templated":true}]}}