{"id":9891,"date":"2017-10-16T18:03:04","date_gmt":"2017-10-16T16:03:04","guid":{"rendered":"http:\/\/www.il-libro.it\/?p=9891"},"modified":"2019-05-17T15:02:18","modified_gmt":"2019-05-17T13:02:18","slug":"theo","status":"publish","type":"post","link":"https:\/\/www.il-libro.it\/es\/theo\/","title":{"rendered":"Theo"},"content":{"rendered":"<div class=\"separatore\">\n<p><em>Daniel Glattauer<\/em><\/p>\n<\/div>\n<p>Ein Paar beim Therapeuten. Und die Kom\u00f6die nimmt ihren Lauf&#8230;<\/p>\n<p>Theo ist der Neffe von Bestseller-Autor Daniel Glattauer. Bei seiner Geburt fasste sein Onkel den Entschluss, das Kind beim \u00c4lterwerden zu beobachten und zu beschreiben, wie es die Welt der Erwachsenen f\u00fcr sich erobert. Einmal j\u00e4hrlich erschienen Portr\u00e4ts des Ein-, Zwei- und Dreij\u00e4hrigen. Mit drei gab Theo sein erstes Exklusivinterview. Danach war bald klar, dass sein Mitteilungsbed\u00fcrfnis noch lange nicht gestillt sein w\u00fcrde. Nach Theos vierzehntem Geburtstag wurden die Rollen getauscht und das gemeinsame Projekt w\u00fcrdig abgeschlossen: Theo f\u00fchrte ein Revanche-Interview mit Onkel Daniel.<\/p>\n<p>Ein witziges, herzerw\u00e4rmendes Buch.<\/p>\n<p>M\u00f6gen Sie dieses Buch? Schreiben Sie uns und Ihr Kommentar erscheint auf unserer Webseite<\/p>\n","protected":false},"excerpt":{"rendered":"<p>Ein Paar beim Therapeuten. Und die Kom\u00f6die nimmt ihren Lauf&#8230;<\/p>\n","protected":false},"author":3,"featured_media":102078,"comment_status":"open","ping_status":"open","sticky":false,"template":"","format":"standard","meta":[],"categories":[273],"tags":[],"yoast_head":"<!-- This site is optimized with the Yoast SEO plugin v17.2.1 - https:\/\/yoast.com\/wordpress\/plugins\/seo\/ -->\n<title>Theo - Il Libro - Libreria Internazionale<\/title>\n<meta name=\"robots\" content=\"index, follow, max-snippet:-1, max-image-preview:large, max-video-preview:-1\" \/>\n<link rel=\"canonical\" href=\"https:\/\/www.il-libro.it\/es\/theo\/\" \/>\n<meta property=\"og:locale\" content=\"es_ES\" \/>\n<meta property=\"og:type\" content=\"article\" \/>\n<meta property=\"og:title\" content=\"Theo - Il Libro - Libreria Internazionale\" \/>\n<meta property=\"og:description\" content=\"Ein Paar beim Therapeuten. Und die Kom\u00f6die nimmt ihren Lauf...\" \/>\n<meta property=\"og:url\" content=\"https:\/\/www.il-libro.it\/theo\/\" \/>\n<meta property=\"og:site_name\" content=\"Il Libro - Libreria Internazionale\" \/>\n<meta property=\"article:publisher\" content=\"https:\/\/www.facebook.com\/IL-LIBRO-Libreria-Internazionale-2127680667458029\/?fref=ts\" \/>\n<meta property=\"article:published_time\" content=\"2017-10-16T16:03:04+00:00\" \/>\n<meta property=\"article:modified_time\" content=\"2019-05-17T13:02:18+00:00\" \/>\n<meta property=\"og:image\" content=\"https:\/\/www.il-libro.it\/wp-content\/uploads\/2017\/10\/GlattauerTheo.jpg\" \/>\n\t<meta property=\"og:image:width\" content=\"316\" \/>\n\t<meta property=\"og:image:height\" content=\"500\" \/>\n<meta name=\"twitter:card\" content=\"summary_large_image\" \/>\n<meta name=\"twitter:label1\" content=\"Escrito por\" \/>\n\t<meta name=\"twitter:data1\" content=\"Marco Gironi\" \/>\n\t<meta name=\"twitter:label2\" content=\"Tiempo de lectura\" \/>\n\t<meta name=\"twitter:data2\" content=\"1 minuto\" \/>\n<script type=\"application\/ld+json\" class=\"yoast-schema-graph\">{\"@context\":\"https:\/\/schema.org\",\"@graph\":[{\"@type\":\"Organization\",\"@id\":\"https:\/\/www.il-libro.it\/#organization\",\"name\":\"il libro libreria internazionale\",\"url\":\"https:\/\/www.il-libro.it\/\",\"sameAs\":[\"https:\/\/www.facebook.com\/IL-LIBRO-Libreria-Internazionale-2127680667458029\/?fref=ts\",\"https:\/\/www.instagram.com\/il.libro.internazionale\/\"],\"logo\":{\"@type\":\"ImageObject\",\"@id\":\"https:\/\/www.il-libro.it\/#logo\",\"inLanguage\":\"es\",\"url\":\"https:\/\/www.il-libro.it\/wp-content\/uploads\/2017\/03\/logo.png\",\"contentUrl\":\"https:\/\/www.il-libro.it\/wp-content\/uploads\/2017\/03\/logo.png\",\"width\":180,\"height\":90,\"caption\":\"il libro libreria internazionale\"},\"image\":{\"@id\":\"https:\/\/www.il-libro.it\/#logo\"}},{\"@type\":\"WebSite\",\"@id\":\"https:\/\/www.il-libro.it\/#website\",\"url\":\"https:\/\/www.il-libro.it\/\",\"name\":\"Il Libro - Libreria Internazionale\",\"description\":\"Benvenuti nella libreria internazionale\",\"publisher\":{\"@id\":\"https:\/\/www.il-libro.it\/#organization\"},\"potentialAction\":[{\"@type\":\"SearchAction\",\"target\":{\"@type\":\"EntryPoint\",\"urlTemplate\":\"https:\/\/www.il-libro.it\/?s={search_term_string}\"},\"query-input\":\"required name=search_term_string\"}],\"inLanguage\":\"es\"},{\"@type\":\"ImageObject\",\"@id\":\"https:\/\/www.il-libro.it\/theo\/#primaryimage\",\"inLanguage\":\"es\",\"url\":\"https:\/\/www.il-libro.it\/wp-content\/uploads\/2017\/10\/GlattauerTheo.jpg\",\"contentUrl\":\"https:\/\/www.il-libro.it\/wp-content\/uploads\/2017\/10\/GlattauerTheo.jpg\",\"width\":316,\"height\":500},{\"@type\":\"WebPage\",\"@id\":\"https:\/\/www.il-libro.it\/theo\/#webpage\",\"url\":\"https:\/\/www.il-libro.it\/theo\/\",\"name\":\"Theo - Il Libro - Libreria Internazionale\",\"isPartOf\":{\"@id\":\"https:\/\/www.il-libro.it\/#website\"},\"primaryImageOfPage\":{\"@id\":\"https:\/\/www.il-libro.it\/theo\/#primaryimage\"},\"datePublished\":\"2017-10-16T16:03:04+00:00\",\"dateModified\":\"2019-05-17T13:02:18+00:00\",\"breadcrumb\":{\"@id\":\"https:\/\/www.il-libro.it\/theo\/#breadcrumb\"},\"inLanguage\":\"es\",\"potentialAction\":[{\"@type\":\"ReadAction\",\"target\":[\"https:\/\/www.il-libro.it\/theo\/\"]}]},{\"@type\":\"BreadcrumbList\",\"@id\":\"https:\/\/www.il-libro.it\/theo\/#breadcrumb\",\"itemListElement\":[{\"@type\":\"ListItem\",\"position\":1,\"name\":\"Home\",\"item\":\"https:\/\/www.il-libro.it\/es\/\"},{\"@type\":\"ListItem\",\"position\":2,\"name\":\"Theo\"}]},{\"@type\":\"Article\",\"@id\":\"https:\/\/www.il-libro.it\/theo\/#article\",\"isPartOf\":{\"@id\":\"https:\/\/www.il-libro.it\/theo\/#webpage\"},\"author\":{\"@id\":\"https:\/\/www.il-libro.it\/#\/schema\/person\/eb036c9c1b4b3eeb29c0bcdf70429db9\"},\"headline\":\"Theo\",\"datePublished\":\"2017-10-16T16:03:04+00:00\",\"dateModified\":\"2019-05-17T13:02:18+00:00\",\"mainEntityOfPage\":{\"@id\":\"https:\/\/www.il-libro.it\/theo\/#webpage\"},\"wordCount\":126,\"commentCount\":0,\"publisher\":{\"@id\":\"https:\/\/www.il-libro.it\/#organization\"},\"image\":{\"@id\":\"https:\/\/www.il-libro.it\/theo\/#primaryimage\"},\"thumbnailUrl\":\"https:\/\/www.il-libro.it\/wp-content\/uploads\/2017\/10\/GlattauerTheo.jpg\",\"articleSection\":[\"Freude am lesen\"],\"inLanguage\":\"es\",\"potentialAction\":[{\"@type\":\"CommentAction\",\"name\":\"Comment\",\"target\":[\"https:\/\/www.il-libro.it\/theo\/#respond\"]}]},{\"@type\":\"Person\",\"@id\":\"https:\/\/www.il-libro.it\/#\/schema\/person\/eb036c9c1b4b3eeb29c0bcdf70429db9\",\"name\":\"Marco Gironi\",\"image\":{\"@type\":\"ImageObject\",\"@id\":\"https:\/\/www.il-libro.it\/#personlogo\",\"inLanguage\":\"es\",\"url\":\"https:\/\/secure.gravatar.com\/avatar\/59de39c8c798f6ff42f67487686c1929?s=96&d=mm&r=g\",\"contentUrl\":\"https:\/\/secure.gravatar.com\/avatar\/59de39c8c798f6ff42f67487686c1929?s=96&d=mm&r=g\",\"caption\":\"Marco Gironi\"}}]}<\/script>\n<!-- \/ Yoast SEO plugin. -->","yoast_head_json":{"title":"Theo - Il Libro - Libreria Internazionale","robots":{"index":"index","follow":"follow","max-snippet":"max-snippet:-1","max-image-preview":"max-image-preview:large","max-video-preview":"max-video-preview:-1"},"canonical":"https:\/\/www.il-libro.it\/es\/theo\/","og_locale":"es_ES","og_type":"article","og_title":"Theo - Il Libro - Libreria Internazionale","og_description":"Ein Paar beim Therapeuten. Und die Kom\u00f6die nimmt ihren Lauf...","og_url":"https:\/\/www.il-libro.it\/theo\/","og_site_name":"Il Libro - Libreria Internazionale","article_publisher":"https:\/\/www.facebook.com\/IL-LIBRO-Libreria-Internazionale-2127680667458029\/?fref=ts","article_published_time":"2017-10-16T16:03:04+00:00","article_modified_time":"2019-05-17T13:02:18+00:00","og_image":[{"width":316,"height":500,"url":"https:\/\/www.il-libro.it\/wp-content\/uploads\/2017\/10\/GlattauerTheo.jpg","path":"\/var\/www\/vhosts\/il-libro.it\/httpdocs\/wp-content\/uploads\/2017\/10\/GlattauerTheo.jpg","size":"full","id":102078,"alt":"","pixels":158000,"type":"image\/jpeg"}],"twitter_card":"summary_large_image","twitter_misc":{"Escrito por":"Marco Gironi","Tiempo de lectura":"1 minuto"},"schema":{"@context":"https:\/\/schema.org","@graph":[{"@type":"Organization","@id":"https:\/\/www.il-libro.it\/#organization","name":"il libro libreria internazionale","url":"https:\/\/www.il-libro.it\/","sameAs":["https:\/\/www.facebook.com\/IL-LIBRO-Libreria-Internazionale-2127680667458029\/?fref=ts","https:\/\/www.instagram.com\/il.libro.internazionale\/"],"logo":{"@type":"ImageObject","@id":"https:\/\/www.il-libro.it\/#logo","inLanguage":"es","url":"https:\/\/www.il-libro.it\/wp-content\/uploads\/2017\/03\/logo.png","contentUrl":"https:\/\/www.il-libro.it\/wp-content\/uploads\/2017\/03\/logo.png","width":180,"height":90,"caption":"il libro libreria internazionale"},"image":{"@id":"https:\/\/www.il-libro.it\/#logo"}},{"@type":"WebSite","@id":"https:\/\/www.il-libro.it\/#website","url":"https:\/\/www.il-libro.it\/","name":"Il Libro - Libreria Internazionale","description":"Benvenuti nella libreria internazionale","publisher":{"@id":"https:\/\/www.il-libro.it\/#organization"},"potentialAction":[{"@type":"SearchAction","target":{"@type":"EntryPoint","urlTemplate":"https:\/\/www.il-libro.it\/?s={search_term_string}"},"query-input":"required name=search_term_string"}],"inLanguage":"es"},{"@type":"ImageObject","@id":"https:\/\/www.il-libro.it\/theo\/#primaryimage","inLanguage":"es","url":"https:\/\/www.il-libro.it\/wp-content\/uploads\/2017\/10\/GlattauerTheo.jpg","contentUrl":"https:\/\/www.il-libro.it\/wp-content\/uploads\/2017\/10\/GlattauerTheo.jpg","width":316,"height":500},{"@type":"WebPage","@id":"https:\/\/www.il-libro.it\/theo\/#webpage","url":"https:\/\/www.il-libro.it\/theo\/","name":"Theo - Il Libro - Libreria Internazionale","isPartOf":{"@id":"https:\/\/www.il-libro.it\/#website"},"primaryImageOfPage":{"@id":"https:\/\/www.il-libro.it\/theo\/#primaryimage"},"datePublished":"2017-10-16T16:03:04+00:00","dateModified":"2019-05-17T13:02:18+00:00","breadcrumb":{"@id":"https:\/\/www.il-libro.it\/theo\/#breadcrumb"},"inLanguage":"es","potentialAction":[{"@type":"ReadAction","target":["https:\/\/www.il-libro.it\/theo\/"]}]},{"@type":"BreadcrumbList","@id":"https:\/\/www.il-libro.it\/theo\/#breadcrumb","itemListElement":[{"@type":"ListItem","position":1,"name":"Home","item":"https:\/\/www.il-libro.it\/es\/"},{"@type":"ListItem","position":2,"name":"Theo"}]},{"@type":"Article","@id":"https:\/\/www.il-libro.it\/theo\/#article","isPartOf":{"@id":"https:\/\/www.il-libro.it\/theo\/#webpage"},"author":{"@id":"https:\/\/www.il-libro.it\/#\/schema\/person\/eb036c9c1b4b3eeb29c0bcdf70429db9"},"headline":"Theo","datePublished":"2017-10-16T16:03:04+00:00","dateModified":"2019-05-17T13:02:18+00:00","mainEntityOfPage":{"@id":"https:\/\/www.il-libro.it\/theo\/#webpage"},"wordCount":126,"commentCount":0,"publisher":{"@id":"https:\/\/www.il-libro.it\/#organization"},"image":{"@id":"https:\/\/www.il-libro.it\/theo\/#primaryimage"},"thumbnailUrl":"https:\/\/www.il-libro.it\/wp-content\/uploads\/2017\/10\/GlattauerTheo.jpg","articleSection":["Freude am lesen"],"inLanguage":"es","potentialAction":[{"@type":"CommentAction","name":"Comment","target":["https:\/\/www.il-libro.it\/theo\/#respond"]}]},{"@type":"Person","@id":"https:\/\/www.il-libro.it\/#\/schema\/person\/eb036c9c1b4b3eeb29c0bcdf70429db9","name":"Marco Gironi","image":{"@type":"ImageObject","@id":"https:\/\/www.il-libro.it\/#personlogo","inLanguage":"es","url":"https:\/\/secure.gravatar.com\/avatar\/59de39c8c798f6ff42f67487686c1929?s=96&d=mm&r=g","contentUrl":"https:\/\/secure.gravatar.com\/avatar\/59de39c8c798f6ff42f67487686c1929?s=96&d=mm&r=g","caption":"Marco Gironi"}}]}},"_links":{"self":[{"href":"https:\/\/www.il-libro.it\/es\/wp-json\/wp\/v2\/posts\/9891"}],"collection":[{"href":"https:\/\/www.il-libro.it\/es\/wp-json\/wp\/v2\/posts"}],"about":[{"href":"https:\/\/www.il-libro.it\/es\/wp-json\/wp\/v2\/types\/post"}],"author":[{"embeddable":true,"href":"https:\/\/www.il-libro.it\/es\/wp-json\/wp\/v2\/users\/3"}],"replies":[{"embeddable":true,"href":"https:\/\/www.il-libro.it\/es\/wp-json\/wp\/v2\/comments?post=9891"}],"version-history":[{"count":0,"href":"https:\/\/www.il-libro.it\/es\/wp-json\/wp\/v2\/posts\/9891\/revisions"}],"wp:featuredmedia":[{"embeddable":true,"href":"https:\/\/www.il-libro.it\/es\/wp-json\/wp\/v2\/media\/102078"}],"wp:attachment":[{"href":"https:\/\/www.il-libro.it\/es\/wp-json\/wp\/v2\/media?parent=9891"}],"wp:term":[{"taxonomy":"category","embeddable":true,"href":"https:\/\/www.il-libro.it\/es\/wp-json\/wp\/v2\/categories?post=9891"},{"taxonomy":"post_tag","embeddable":true,"href":"https:\/\/www.il-libro.it\/es\/wp-json\/wp\/v2\/tags?post=9891"}],"curies":[{"name":"wp","href":"https:\/\/api.w.org\/{rel}","templated":true}]}}