{"id":105517,"date":"2019-11-29T10:02:49","date_gmt":"2019-11-29T09:02:49","guid":{"rendered":"https:\/\/www.il-libro.it\/?p=105517"},"modified":"2019-11-29T10:02:49","modified_gmt":"2019-11-29T09:02:49","slug":"on-ne-voyait-que-le-bonheur","status":"publish","type":"post","link":"https:\/\/www.il-libro.it\/fr\/on-ne-voyait-que-le-bonheur\/","title":{"rendered":"On ne voyait que le bonheur"},"content":{"rendered":"<p>Gregoire Delacourt<\/p>\n<p>Antoine, la quarantaine, est expert en assurances. Depuis longtemps, trop longtemps, il estime, indemnise la vie des autres.<br \/>\nUne nuit, il s&rsquo;int\u00e9resse \u00e0 la sienne, se demande ce qu&rsquo;elle vaut vraiment. Par une introspection sans concession, il nous entra\u00eene alors au coeur de notre propre humanit\u00e9, lui qui ne s&rsquo;est jamais remis de son enfance, ballott\u00e9 entre faux bonheurs et r\u00e9elles trag\u00e9dies. Orchestr\u00e9 en trois mouvements, du nord de la France \u00e0 la c\u00f4te ouest du Mexique, On ne voyait que le bonheur explore aussi le pays de l&rsquo;adolescence. Et montre que le pardon et la r\u00e9demption restent possibles en d\u00e9pit de tout.<\/p>\n","protected":false},"excerpt":{"rendered":"<p>Ils l&rsquo;ont retrouv\u00e9e comme \u00e7a. Nue et morte. Sur la plage d&rsquo;un pays arabe. Avec le sel qui faisait des cristaux sur sa peau.\u00a0\u00bb Un homme enqu\u00eate sur la femme qu&rsquo;il a passionn\u00e9ment aim\u00e9e. Elle est partie il y a plusieurs mois, pour une destination inconnue, le laissant seul avec leur petit gar\u00e7on. Elle \u00e9tait artiste, elle s&rsquo;appelait Paz. Elle \u00e9tait solaire, inqui\u00e8te, incroyablement dou\u00e9e. Elle \u00e9touffait en Europe.<\/p>\n<p>Plonger est l&rsquo;histoire d&rsquo;un couple de notre temps.<br \/>\nEn proie \u00e0 tous les vertiges d&rsquo;une \u00e9poque o\u00f9 il devient de plus en plus difficile d&rsquo;aimer.<\/p>\n","protected":false},"author":5,"featured_media":105519,"comment_status":"open","ping_status":"open","sticky":false,"template":"","format":"standard","meta":[],"categories":[274],"tags":[],"yoast_head":"<!-- This site is optimized with the Yoast SEO plugin v17.2.1 - https:\/\/yoast.com\/wordpress\/plugins\/seo\/ -->\n<title>On ne voyait que le bonheur - Il Libro - Libreria Internazionale<\/title>\n<meta name=\"robots\" content=\"index, follow, max-snippet:-1, max-image-preview:large, max-video-preview:-1\" \/>\n<link rel=\"canonical\" href=\"https:\/\/www.il-libro.it\/fr\/on-ne-voyait-que-le-bonheur\/\" \/>\n<meta property=\"og:locale\" content=\"fr_FR\" \/>\n<meta property=\"og:type\" content=\"article\" \/>\n<meta property=\"og:title\" content=\"On ne voyait que le bonheur - Il Libro - Libreria Internazionale\" \/>\n<meta property=\"og:description\" content=\"Ils l&#039;ont retrouv\u00e9e comme \u00e7a. Nue et morte. Sur la plage d&#039;un pays arabe. Avec le sel qui faisait des cristaux sur sa peau.&quot; Un homme enqu\u00eate sur la femme qu&#039;il a passionn\u00e9ment aim\u00e9e. Elle est partie il y a plusieurs mois, pour une destination inconnue, le laissant seul avec leur petit gar\u00e7on. Elle \u00e9tait artiste, elle s&#039;appelait Paz. Elle \u00e9tait solaire, inqui\u00e8te, incroyablement dou\u00e9e. Elle \u00e9touffait en Europe.  Plonger est l&#039;histoire d&#039;un couple de notre temps. En proie \u00e0 tous les vertiges d&#039;une \u00e9poque o\u00f9 il devient de plus en plus difficile d&#039;aimer.\" \/>\n<meta property=\"og:url\" content=\"https:\/\/www.il-libro.it\/on-ne-voyait-que-le-bonheur\/\" \/>\n<meta property=\"og:site_name\" content=\"Il Libro - Libreria Internazionale\" \/>\n<meta property=\"article:publisher\" content=\"https:\/\/www.facebook.com\/IL-LIBRO-Libreria-Internazionale-2127680667458029\/?fref=ts\" \/>\n<meta property=\"article:published_time\" content=\"2019-11-29T09:02:49+00:00\" \/>\n<meta property=\"og:image\" content=\"https:\/\/www.il-libro.it\/wp-content\/uploads\/2019\/11\/DelacourtBonheur.jpg\" \/>\n\t<meta property=\"og:image:width\" content=\"1000\" \/>\n\t<meta property=\"og:image:height\" content=\"1000\" \/>\n<meta name=\"twitter:card\" content=\"summary_large_image\" \/>\n<meta name=\"twitter:label1\" content=\"\u00c9crit par\" \/>\n\t<meta name=\"twitter:data1\" content=\"Anna\" \/>\n\t<meta name=\"twitter:label2\" content=\"Dur\u00e9e de lecture estim\u00e9e\" \/>\n\t<meta name=\"twitter:data2\" content=\"1 minute\" \/>\n<script type=\"application\/ld+json\" class=\"yoast-schema-graph\">{\"@context\":\"https:\/\/schema.org\",\"@graph\":[{\"@type\":\"Organization\",\"@id\":\"https:\/\/www.il-libro.it\/#organization\",\"name\":\"il libro libreria internazionale\",\"url\":\"https:\/\/www.il-libro.it\/\",\"sameAs\":[\"https:\/\/www.facebook.com\/IL-LIBRO-Libreria-Internazionale-2127680667458029\/?fref=ts\",\"https:\/\/www.instagram.com\/il.libro.internazionale\/\"],\"logo\":{\"@type\":\"ImageObject\",\"@id\":\"https:\/\/www.il-libro.it\/#logo\",\"inLanguage\":\"fr-FR\",\"url\":\"https:\/\/www.il-libro.it\/wp-content\/uploads\/2017\/03\/logo.png\",\"contentUrl\":\"https:\/\/www.il-libro.it\/wp-content\/uploads\/2017\/03\/logo.png\",\"width\":180,\"height\":90,\"caption\":\"il libro libreria internazionale\"},\"image\":{\"@id\":\"https:\/\/www.il-libro.it\/#logo\"}},{\"@type\":\"WebSite\",\"@id\":\"https:\/\/www.il-libro.it\/#website\",\"url\":\"https:\/\/www.il-libro.it\/\",\"name\":\"Il Libro - Libreria Internazionale\",\"description\":\"Benvenuti nella libreria internazionale\",\"publisher\":{\"@id\":\"https:\/\/www.il-libro.it\/#organization\"},\"potentialAction\":[{\"@type\":\"SearchAction\",\"target\":{\"@type\":\"EntryPoint\",\"urlTemplate\":\"https:\/\/www.il-libro.it\/?s={search_term_string}\"},\"query-input\":\"required name=search_term_string\"}],\"inLanguage\":\"fr-FR\"},{\"@type\":\"ImageObject\",\"@id\":\"https:\/\/www.il-libro.it\/on-ne-voyait-que-le-bonheur\/#primaryimage\",\"inLanguage\":\"fr-FR\",\"url\":\"https:\/\/www.il-libro.it\/wp-content\/uploads\/2019\/11\/DelacourtBonheur.jpg\",\"contentUrl\":\"https:\/\/www.il-libro.it\/wp-content\/uploads\/2019\/11\/DelacourtBonheur.jpg\",\"width\":1000,\"height\":1000},{\"@type\":\"WebPage\",\"@id\":\"https:\/\/www.il-libro.it\/on-ne-voyait-que-le-bonheur\/#webpage\",\"url\":\"https:\/\/www.il-libro.it\/on-ne-voyait-que-le-bonheur\/\",\"name\":\"On ne voyait que le bonheur - Il Libro - Libreria Internazionale\",\"isPartOf\":{\"@id\":\"https:\/\/www.il-libro.it\/#website\"},\"primaryImageOfPage\":{\"@id\":\"https:\/\/www.il-libro.it\/on-ne-voyait-que-le-bonheur\/#primaryimage\"},\"datePublished\":\"2019-11-29T09:02:49+00:00\",\"dateModified\":\"2019-11-29T09:02:49+00:00\",\"breadcrumb\":{\"@id\":\"https:\/\/www.il-libro.it\/on-ne-voyait-que-le-bonheur\/#breadcrumb\"},\"inLanguage\":\"fr-FR\",\"potentialAction\":[{\"@type\":\"ReadAction\",\"target\":[\"https:\/\/www.il-libro.it\/on-ne-voyait-que-le-bonheur\/\"]}]},{\"@type\":\"BreadcrumbList\",\"@id\":\"https:\/\/www.il-libro.it\/on-ne-voyait-que-le-bonheur\/#breadcrumb\",\"itemListElement\":[{\"@type\":\"ListItem\",\"position\":1,\"name\":\"Home\",\"item\":\"https:\/\/www.il-libro.it\/fr\/\"},{\"@type\":\"ListItem\",\"position\":2,\"name\":\"On ne voyait que le bonheur\"}]},{\"@type\":\"Article\",\"@id\":\"https:\/\/www.il-libro.it\/on-ne-voyait-que-le-bonheur\/#article\",\"isPartOf\":{\"@id\":\"https:\/\/www.il-libro.it\/on-ne-voyait-que-le-bonheur\/#webpage\"},\"author\":{\"@id\":\"https:\/\/www.il-libro.it\/#\/schema\/person\/6a34e9b4cc72b2d269e1ae45dcb83083\"},\"headline\":\"On ne voyait que le bonheur\",\"datePublished\":\"2019-11-29T09:02:49+00:00\",\"dateModified\":\"2019-11-29T09:02:49+00:00\",\"mainEntityOfPage\":{\"@id\":\"https:\/\/www.il-libro.it\/on-ne-voyait-que-le-bonheur\/#webpage\"},\"wordCount\":116,\"commentCount\":0,\"publisher\":{\"@id\":\"https:\/\/www.il-libro.it\/#organization\"},\"image\":{\"@id\":\"https:\/\/www.il-libro.it\/on-ne-voyait-que-le-bonheur\/#primaryimage\"},\"thumbnailUrl\":\"https:\/\/www.il-libro.it\/wp-content\/uploads\/2019\/11\/DelacourtBonheur.jpg\",\"articleSection\":[\"Joie de lecture\"],\"inLanguage\":\"fr-FR\",\"potentialAction\":[{\"@type\":\"CommentAction\",\"name\":\"Comment\",\"target\":[\"https:\/\/www.il-libro.it\/on-ne-voyait-que-le-bonheur\/#respond\"]}]},{\"@type\":\"Person\",\"@id\":\"https:\/\/www.il-libro.it\/#\/schema\/person\/6a34e9b4cc72b2d269e1ae45dcb83083\",\"name\":\"Anna\",\"image\":{\"@type\":\"ImageObject\",\"@id\":\"https:\/\/www.il-libro.it\/#personlogo\",\"inLanguage\":\"fr-FR\",\"url\":\"https:\/\/secure.gravatar.com\/avatar\/5446c35a665205777a696408926ad672?s=96&d=mm&r=g\",\"contentUrl\":\"https:\/\/secure.gravatar.com\/avatar\/5446c35a665205777a696408926ad672?s=96&d=mm&r=g\",\"caption\":\"Anna\"}}]}<\/script>\n<!-- \/ Yoast SEO plugin. -->","yoast_head_json":{"title":"On ne voyait que le bonheur - Il Libro - Libreria Internazionale","robots":{"index":"index","follow":"follow","max-snippet":"max-snippet:-1","max-image-preview":"max-image-preview:large","max-video-preview":"max-video-preview:-1"},"canonical":"https:\/\/www.il-libro.it\/fr\/on-ne-voyait-que-le-bonheur\/","og_locale":"fr_FR","og_type":"article","og_title":"On ne voyait que le bonheur - Il Libro - Libreria Internazionale","og_description":"Ils l'ont retrouv\u00e9e comme \u00e7a. Nue et morte. Sur la plage d'un pays arabe. Avec le sel qui faisait des cristaux sur sa peau.\" Un homme enqu\u00eate sur la femme qu'il a passionn\u00e9ment aim\u00e9e. Elle est partie il y a plusieurs mois, pour une destination inconnue, le laissant seul avec leur petit gar\u00e7on. Elle \u00e9tait artiste, elle s'appelait Paz. Elle \u00e9tait solaire, inqui\u00e8te, incroyablement dou\u00e9e. Elle \u00e9touffait en Europe.  Plonger est l'histoire d'un couple de notre temps. En proie \u00e0 tous les vertiges d'une \u00e9poque o\u00f9 il devient de plus en plus difficile d'aimer.","og_url":"https:\/\/www.il-libro.it\/on-ne-voyait-que-le-bonheur\/","og_site_name":"Il Libro - Libreria Internazionale","article_publisher":"https:\/\/www.facebook.com\/IL-LIBRO-Libreria-Internazionale-2127680667458029\/?fref=ts","article_published_time":"2019-11-29T09:02:49+00:00","og_image":[{"width":1000,"height":1000,"url":"https:\/\/www.il-libro.it\/wp-content\/uploads\/2019\/11\/DelacourtBonheur.jpg","path":"\/var\/www\/vhosts\/il-libro.it\/httpdocs\/wp-content\/uploads\/2019\/11\/DelacourtBonheur.jpg","size":"full","id":105519,"alt":"","pixels":1000000,"type":"image\/jpeg"}],"twitter_card":"summary_large_image","twitter_misc":{"\u00c9crit par":"Anna","Dur\u00e9e de lecture estim\u00e9e":"1 minute"},"schema":{"@context":"https:\/\/schema.org","@graph":[{"@type":"Organization","@id":"https:\/\/www.il-libro.it\/#organization","name":"il libro libreria internazionale","url":"https:\/\/www.il-libro.it\/","sameAs":["https:\/\/www.facebook.com\/IL-LIBRO-Libreria-Internazionale-2127680667458029\/?fref=ts","https:\/\/www.instagram.com\/il.libro.internazionale\/"],"logo":{"@type":"ImageObject","@id":"https:\/\/www.il-libro.it\/#logo","inLanguage":"fr-FR","url":"https:\/\/www.il-libro.it\/wp-content\/uploads\/2017\/03\/logo.png","contentUrl":"https:\/\/www.il-libro.it\/wp-content\/uploads\/2017\/03\/logo.png","width":180,"height":90,"caption":"il libro libreria internazionale"},"image":{"@id":"https:\/\/www.il-libro.it\/#logo"}},{"@type":"WebSite","@id":"https:\/\/www.il-libro.it\/#website","url":"https:\/\/www.il-libro.it\/","name":"Il Libro - Libreria Internazionale","description":"Benvenuti nella libreria internazionale","publisher":{"@id":"https:\/\/www.il-libro.it\/#organization"},"potentialAction":[{"@type":"SearchAction","target":{"@type":"EntryPoint","urlTemplate":"https:\/\/www.il-libro.it\/?s={search_term_string}"},"query-input":"required name=search_term_string"}],"inLanguage":"fr-FR"},{"@type":"ImageObject","@id":"https:\/\/www.il-libro.it\/on-ne-voyait-que-le-bonheur\/#primaryimage","inLanguage":"fr-FR","url":"https:\/\/www.il-libro.it\/wp-content\/uploads\/2019\/11\/DelacourtBonheur.jpg","contentUrl":"https:\/\/www.il-libro.it\/wp-content\/uploads\/2019\/11\/DelacourtBonheur.jpg","width":1000,"height":1000},{"@type":"WebPage","@id":"https:\/\/www.il-libro.it\/on-ne-voyait-que-le-bonheur\/#webpage","url":"https:\/\/www.il-libro.it\/on-ne-voyait-que-le-bonheur\/","name":"On ne voyait que le bonheur - Il Libro - Libreria Internazionale","isPartOf":{"@id":"https:\/\/www.il-libro.it\/#website"},"primaryImageOfPage":{"@id":"https:\/\/www.il-libro.it\/on-ne-voyait-que-le-bonheur\/#primaryimage"},"datePublished":"2019-11-29T09:02:49+00:00","dateModified":"2019-11-29T09:02:49+00:00","breadcrumb":{"@id":"https:\/\/www.il-libro.it\/on-ne-voyait-que-le-bonheur\/#breadcrumb"},"inLanguage":"fr-FR","potentialAction":[{"@type":"ReadAction","target":["https:\/\/www.il-libro.it\/on-ne-voyait-que-le-bonheur\/"]}]},{"@type":"BreadcrumbList","@id":"https:\/\/www.il-libro.it\/on-ne-voyait-que-le-bonheur\/#breadcrumb","itemListElement":[{"@type":"ListItem","position":1,"name":"Home","item":"https:\/\/www.il-libro.it\/fr\/"},{"@type":"ListItem","position":2,"name":"On ne voyait que le bonheur"}]},{"@type":"Article","@id":"https:\/\/www.il-libro.it\/on-ne-voyait-que-le-bonheur\/#article","isPartOf":{"@id":"https:\/\/www.il-libro.it\/on-ne-voyait-que-le-bonheur\/#webpage"},"author":{"@id":"https:\/\/www.il-libro.it\/#\/schema\/person\/6a34e9b4cc72b2d269e1ae45dcb83083"},"headline":"On ne voyait que le bonheur","datePublished":"2019-11-29T09:02:49+00:00","dateModified":"2019-11-29T09:02:49+00:00","mainEntityOfPage":{"@id":"https:\/\/www.il-libro.it\/on-ne-voyait-que-le-bonheur\/#webpage"},"wordCount":116,"commentCount":0,"publisher":{"@id":"https:\/\/www.il-libro.it\/#organization"},"image":{"@id":"https:\/\/www.il-libro.it\/on-ne-voyait-que-le-bonheur\/#primaryimage"},"thumbnailUrl":"https:\/\/www.il-libro.it\/wp-content\/uploads\/2019\/11\/DelacourtBonheur.jpg","articleSection":["Joie de lecture"],"inLanguage":"fr-FR","potentialAction":[{"@type":"CommentAction","name":"Comment","target":["https:\/\/www.il-libro.it\/on-ne-voyait-que-le-bonheur\/#respond"]}]},{"@type":"Person","@id":"https:\/\/www.il-libro.it\/#\/schema\/person\/6a34e9b4cc72b2d269e1ae45dcb83083","name":"Anna","image":{"@type":"ImageObject","@id":"https:\/\/www.il-libro.it\/#personlogo","inLanguage":"fr-FR","url":"https:\/\/secure.gravatar.com\/avatar\/5446c35a665205777a696408926ad672?s=96&d=mm&r=g","contentUrl":"https:\/\/secure.gravatar.com\/avatar\/5446c35a665205777a696408926ad672?s=96&d=mm&r=g","caption":"Anna"}}]}},"_links":{"self":[{"href":"https:\/\/www.il-libro.it\/fr\/wp-json\/wp\/v2\/posts\/105517"}],"collection":[{"href":"https:\/\/www.il-libro.it\/fr\/wp-json\/wp\/v2\/posts"}],"about":[{"href":"https:\/\/www.il-libro.it\/fr\/wp-json\/wp\/v2\/types\/post"}],"author":[{"embeddable":true,"href":"https:\/\/www.il-libro.it\/fr\/wp-json\/wp\/v2\/users\/5"}],"replies":[{"embeddable":true,"href":"https:\/\/www.il-libro.it\/fr\/wp-json\/wp\/v2\/comments?post=105517"}],"version-history":[{"count":0,"href":"https:\/\/www.il-libro.it\/fr\/wp-json\/wp\/v2\/posts\/105517\/revisions"}],"wp:featuredmedia":[{"embeddable":true,"href":"https:\/\/www.il-libro.it\/fr\/wp-json\/wp\/v2\/media\/105519"}],"wp:attachment":[{"href":"https:\/\/www.il-libro.it\/fr\/wp-json\/wp\/v2\/media?parent=105517"}],"wp:term":[{"taxonomy":"category","embeddable":true,"href":"https:\/\/www.il-libro.it\/fr\/wp-json\/wp\/v2\/categories?post=105517"},{"taxonomy":"post_tag","embeddable":true,"href":"https:\/\/www.il-libro.it\/fr\/wp-json\/wp\/v2\/tags?post=105517"}],"curies":[{"name":"wp","href":"https:\/\/api.w.org\/{rel}","templated":true}]}}