{"id":105618,"date":"2019-12-04T09:53:17","date_gmt":"2019-12-04T08:53:17","guid":{"rendered":"https:\/\/www.il-libro.it\/?p=105618"},"modified":"2019-12-04T09:53:17","modified_gmt":"2019-12-04T08:53:17","slug":"die-sanfte-gleichgultigkeit-der-welt","status":"publish","type":"post","link":"https:\/\/www.il-libro.it\/fr\/die-sanfte-gleichgultigkeit-der-welt\/","title":{"rendered":"Die sanfte Gleichg\u00fcltigkeit der Welt"},"content":{"rendered":"<div class=\"separatore\">\n<p><em>Peter Stamm<br \/>\n<\/em><\/p>\n<\/div>\n<p>Aus einer Zufallsbegegnung folgt ein langer Spaziergang zwischen Stamms Alter Ego und Lena, in der er seine fr\u00fchere Geliebte zu erkennen glaubt. W\u00e4hrend beide durch die Landschaft ziehen und Erinnerung und Gegenwart gleitend ineinander \u00fcbergehen, kommen sie der Zukunft immer n\u00e4her. Allerdings wei\u00df nur der Autor, wie sie enden wird.<\/p>\n<p>Peter Stamm erz\u00e4hlt auf kleinstem Raum eine Geschichte der unerkl\u00e4rlichen N\u00e4he, die einen von dem trennt, der man fr\u00fcher war.<\/p>\n<p>Schweizer Buchpreis 2018 jetzt als Taschenbuch<\/p>\n<p>&nbsp;<\/p>\n","protected":false},"excerpt":{"rendered":"<p>Peter Stamm Aus einer Zufallsbegegnung folgt ein langer Spaziergang zwischen Stamms Alter Ego und Lena, in der er seine fr\u00fchere Geliebte zu erkennen glaubt. W\u00e4hrend beide durch die Landschaft ziehen und Erinnerung und Gegenwart gleitend ineinander \u00fcbergehen, kommen sie der Zukunft immer n\u00e4her. Allerdings wei\u00df nur der Autor, wie sie enden wird. Peter Stamm erz\u00e4hlt&hellip;<\/p>\n","protected":false},"author":5,"featured_media":105619,"comment_status":"open","ping_status":"open","sticky":false,"template":"","format":"standard","meta":[],"categories":[271],"tags":[],"yoast_head":"<!-- This site is optimized with the Yoast SEO plugin v17.2.1 - https:\/\/yoast.com\/wordpress\/plugins\/seo\/ -->\n<title>Die sanfte Gleichg\u00fcltigkeit der Welt - Il Libro - Libreria Internazionale<\/title>\n<meta name=\"robots\" content=\"index, follow, max-snippet:-1, max-image-preview:large, max-video-preview:-1\" \/>\n<link rel=\"canonical\" href=\"https:\/\/www.il-libro.it\/fr\/die-sanfte-gleichgultigkeit-der-welt\/\" \/>\n<meta property=\"og:locale\" content=\"fr_FR\" \/>\n<meta property=\"og:type\" content=\"article\" \/>\n<meta property=\"og:title\" content=\"Die sanfte Gleichg\u00fcltigkeit der Welt - Il Libro - Libreria Internazionale\" \/>\n<meta property=\"og:description\" content=\"Peter Stamm Aus einer Zufallsbegegnung folgt ein langer Spaziergang zwischen Stamms Alter Ego und Lena, in der er seine fr\u00fchere Geliebte zu erkennen glaubt. W\u00e4hrend beide durch die Landschaft ziehen und Erinnerung und Gegenwart gleitend ineinander \u00fcbergehen, kommen sie der Zukunft immer n\u00e4her. Allerdings wei\u00df nur der Autor, wie sie enden wird. Peter Stamm erz\u00e4hlt&hellip;\" \/>\n<meta property=\"og:url\" content=\"https:\/\/www.il-libro.it\/die-sanfte-gleichgultigkeit-der-welt\/\" \/>\n<meta property=\"og:site_name\" content=\"Il Libro - Libreria Internazionale\" \/>\n<meta property=\"article:publisher\" content=\"https:\/\/www.facebook.com\/IL-LIBRO-Libreria-Internazionale-2127680667458029\/?fref=ts\" \/>\n<meta property=\"article:published_time\" content=\"2019-12-04T08:53:17+00:00\" \/>\n<meta property=\"og:image\" content=\"https:\/\/www.il-libro.it\/wp-content\/uploads\/2019\/12\/StammSanfte.jpg\" \/>\n\t<meta property=\"og:image:width\" content=\"306\" \/>\n\t<meta property=\"og:image:height\" content=\"499\" \/>\n<meta name=\"twitter:card\" content=\"summary_large_image\" \/>\n<meta name=\"twitter:label1\" content=\"\u00c9crit par\" \/>\n\t<meta name=\"twitter:data1\" content=\"Anna\" \/>\n<script type=\"application\/ld+json\" class=\"yoast-schema-graph\">{\"@context\":\"https:\/\/schema.org\",\"@graph\":[{\"@type\":\"Organization\",\"@id\":\"https:\/\/www.il-libro.it\/#organization\",\"name\":\"il libro libreria internazionale\",\"url\":\"https:\/\/www.il-libro.it\/\",\"sameAs\":[\"https:\/\/www.facebook.com\/IL-LIBRO-Libreria-Internazionale-2127680667458029\/?fref=ts\",\"https:\/\/www.instagram.com\/il.libro.internazionale\/\"],\"logo\":{\"@type\":\"ImageObject\",\"@id\":\"https:\/\/www.il-libro.it\/#logo\",\"inLanguage\":\"fr-FR\",\"url\":\"https:\/\/www.il-libro.it\/wp-content\/uploads\/2017\/03\/logo.png\",\"contentUrl\":\"https:\/\/www.il-libro.it\/wp-content\/uploads\/2017\/03\/logo.png\",\"width\":180,\"height\":90,\"caption\":\"il libro libreria internazionale\"},\"image\":{\"@id\":\"https:\/\/www.il-libro.it\/#logo\"}},{\"@type\":\"WebSite\",\"@id\":\"https:\/\/www.il-libro.it\/#website\",\"url\":\"https:\/\/www.il-libro.it\/\",\"name\":\"Il Libro - Libreria Internazionale\",\"description\":\"Benvenuti nella libreria internazionale\",\"publisher\":{\"@id\":\"https:\/\/www.il-libro.it\/#organization\"},\"potentialAction\":[{\"@type\":\"SearchAction\",\"target\":{\"@type\":\"EntryPoint\",\"urlTemplate\":\"https:\/\/www.il-libro.it\/?s={search_term_string}\"},\"query-input\":\"required name=search_term_string\"}],\"inLanguage\":\"fr-FR\"},{\"@type\":\"ImageObject\",\"@id\":\"https:\/\/www.il-libro.it\/die-sanfte-gleichgultigkeit-der-welt\/#primaryimage\",\"inLanguage\":\"fr-FR\",\"url\":\"https:\/\/www.il-libro.it\/wp-content\/uploads\/2019\/12\/StammSanfte.jpg\",\"contentUrl\":\"https:\/\/www.il-libro.it\/wp-content\/uploads\/2019\/12\/StammSanfte.jpg\",\"width\":306,\"height\":499},{\"@type\":\"WebPage\",\"@id\":\"https:\/\/www.il-libro.it\/die-sanfte-gleichgultigkeit-der-welt\/#webpage\",\"url\":\"https:\/\/www.il-libro.it\/die-sanfte-gleichgultigkeit-der-welt\/\",\"name\":\"Die sanfte Gleichg\\u00fcltigkeit der Welt - Il Libro - Libreria Internazionale\",\"isPartOf\":{\"@id\":\"https:\/\/www.il-libro.it\/#website\"},\"primaryImageOfPage\":{\"@id\":\"https:\/\/www.il-libro.it\/die-sanfte-gleichgultigkeit-der-welt\/#primaryimage\"},\"datePublished\":\"2019-12-04T08:53:17+00:00\",\"dateModified\":\"2019-12-04T08:53:17+00:00\",\"breadcrumb\":{\"@id\":\"https:\/\/www.il-libro.it\/die-sanfte-gleichgultigkeit-der-welt\/#breadcrumb\"},\"inLanguage\":\"fr-FR\",\"potentialAction\":[{\"@type\":\"ReadAction\",\"target\":[\"https:\/\/www.il-libro.it\/die-sanfte-gleichgultigkeit-der-welt\/\"]}]},{\"@type\":\"BreadcrumbList\",\"@id\":\"https:\/\/www.il-libro.it\/die-sanfte-gleichgultigkeit-der-welt\/#breadcrumb\",\"itemListElement\":[{\"@type\":\"ListItem\",\"position\":1,\"name\":\"Home\",\"item\":\"https:\/\/www.il-libro.it\/fr\/\"},{\"@type\":\"ListItem\",\"position\":2,\"name\":\"Die sanfte Gleichg\\u00fcltigkeit der Welt\"}]},{\"@type\":\"Article\",\"@id\":\"https:\/\/www.il-libro.it\/die-sanfte-gleichgultigkeit-der-welt\/#article\",\"isPartOf\":{\"@id\":\"https:\/\/www.il-libro.it\/die-sanfte-gleichgultigkeit-der-welt\/#webpage\"},\"author\":{\"@id\":\"https:\/\/www.il-libro.it\/#\/schema\/person\/6a34e9b4cc72b2d269e1ae45dcb83083\"},\"headline\":\"Die sanfte Gleichg\\u00fcltigkeit der Welt\",\"datePublished\":\"2019-12-04T08:53:17+00:00\",\"dateModified\":\"2019-12-04T08:53:17+00:00\",\"mainEntityOfPage\":{\"@id\":\"https:\/\/www.il-libro.it\/die-sanfte-gleichgultigkeit-der-welt\/#webpage\"},\"wordCount\":91,\"commentCount\":0,\"publisher\":{\"@id\":\"https:\/\/www.il-libro.it\/#organization\"},\"image\":{\"@id\":\"https:\/\/www.il-libro.it\/die-sanfte-gleichgultigkeit-der-welt\/#primaryimage\"},\"thumbnailUrl\":\"https:\/\/www.il-libro.it\/wp-content\/uploads\/2019\/12\/StammSanfte.jpg\",\"articleSection\":[\"Freude am lesen\"],\"inLanguage\":\"fr-FR\",\"potentialAction\":[{\"@type\":\"CommentAction\",\"name\":\"Comment\",\"target\":[\"https:\/\/www.il-libro.it\/die-sanfte-gleichgultigkeit-der-welt\/#respond\"]}]},{\"@type\":\"Person\",\"@id\":\"https:\/\/www.il-libro.it\/#\/schema\/person\/6a34e9b4cc72b2d269e1ae45dcb83083\",\"name\":\"Anna\",\"image\":{\"@type\":\"ImageObject\",\"@id\":\"https:\/\/www.il-libro.it\/#personlogo\",\"inLanguage\":\"fr-FR\",\"url\":\"https:\/\/secure.gravatar.com\/avatar\/5446c35a665205777a696408926ad672?s=96&d=mm&r=g\",\"contentUrl\":\"https:\/\/secure.gravatar.com\/avatar\/5446c35a665205777a696408926ad672?s=96&d=mm&r=g\",\"caption\":\"Anna\"}}]}<\/script>\n<!-- \/ Yoast SEO plugin. -->","yoast_head_json":{"title":"Die sanfte Gleichg\u00fcltigkeit der Welt - Il Libro - Libreria Internazionale","robots":{"index":"index","follow":"follow","max-snippet":"max-snippet:-1","max-image-preview":"max-image-preview:large","max-video-preview":"max-video-preview:-1"},"canonical":"https:\/\/www.il-libro.it\/fr\/die-sanfte-gleichgultigkeit-der-welt\/","og_locale":"fr_FR","og_type":"article","og_title":"Die sanfte Gleichg\u00fcltigkeit der Welt - Il Libro - Libreria Internazionale","og_description":"Peter Stamm Aus einer Zufallsbegegnung folgt ein langer Spaziergang zwischen Stamms Alter Ego und Lena, in der er seine fr\u00fchere Geliebte zu erkennen glaubt. W\u00e4hrend beide durch die Landschaft ziehen und Erinnerung und Gegenwart gleitend ineinander \u00fcbergehen, kommen sie der Zukunft immer n\u00e4her. Allerdings wei\u00df nur der Autor, wie sie enden wird. Peter Stamm erz\u00e4hlt&hellip;","og_url":"https:\/\/www.il-libro.it\/die-sanfte-gleichgultigkeit-der-welt\/","og_site_name":"Il Libro - Libreria Internazionale","article_publisher":"https:\/\/www.facebook.com\/IL-LIBRO-Libreria-Internazionale-2127680667458029\/?fref=ts","article_published_time":"2019-12-04T08:53:17+00:00","og_image":[{"width":306,"height":499,"url":"https:\/\/www.il-libro.it\/wp-content\/uploads\/2019\/12\/StammSanfte.jpg","path":"\/var\/www\/vhosts\/il-libro.it\/httpdocs\/wp-content\/uploads\/2019\/12\/StammSanfte.jpg","size":"full","id":105619,"alt":"","pixels":152694,"type":"image\/jpeg"}],"twitter_card":"summary_large_image","twitter_misc":{"\u00c9crit par":"Anna"},"schema":{"@context":"https:\/\/schema.org","@graph":[{"@type":"Organization","@id":"https:\/\/www.il-libro.it\/#organization","name":"il libro libreria internazionale","url":"https:\/\/www.il-libro.it\/","sameAs":["https:\/\/www.facebook.com\/IL-LIBRO-Libreria-Internazionale-2127680667458029\/?fref=ts","https:\/\/www.instagram.com\/il.libro.internazionale\/"],"logo":{"@type":"ImageObject","@id":"https:\/\/www.il-libro.it\/#logo","inLanguage":"fr-FR","url":"https:\/\/www.il-libro.it\/wp-content\/uploads\/2017\/03\/logo.png","contentUrl":"https:\/\/www.il-libro.it\/wp-content\/uploads\/2017\/03\/logo.png","width":180,"height":90,"caption":"il libro libreria internazionale"},"image":{"@id":"https:\/\/www.il-libro.it\/#logo"}},{"@type":"WebSite","@id":"https:\/\/www.il-libro.it\/#website","url":"https:\/\/www.il-libro.it\/","name":"Il Libro - Libreria Internazionale","description":"Benvenuti nella libreria internazionale","publisher":{"@id":"https:\/\/www.il-libro.it\/#organization"},"potentialAction":[{"@type":"SearchAction","target":{"@type":"EntryPoint","urlTemplate":"https:\/\/www.il-libro.it\/?s={search_term_string}"},"query-input":"required name=search_term_string"}],"inLanguage":"fr-FR"},{"@type":"ImageObject","@id":"https:\/\/www.il-libro.it\/die-sanfte-gleichgultigkeit-der-welt\/#primaryimage","inLanguage":"fr-FR","url":"https:\/\/www.il-libro.it\/wp-content\/uploads\/2019\/12\/StammSanfte.jpg","contentUrl":"https:\/\/www.il-libro.it\/wp-content\/uploads\/2019\/12\/StammSanfte.jpg","width":306,"height":499},{"@type":"WebPage","@id":"https:\/\/www.il-libro.it\/die-sanfte-gleichgultigkeit-der-welt\/#webpage","url":"https:\/\/www.il-libro.it\/die-sanfte-gleichgultigkeit-der-welt\/","name":"Die sanfte Gleichg\u00fcltigkeit der Welt - Il Libro - Libreria Internazionale","isPartOf":{"@id":"https:\/\/www.il-libro.it\/#website"},"primaryImageOfPage":{"@id":"https:\/\/www.il-libro.it\/die-sanfte-gleichgultigkeit-der-welt\/#primaryimage"},"datePublished":"2019-12-04T08:53:17+00:00","dateModified":"2019-12-04T08:53:17+00:00","breadcrumb":{"@id":"https:\/\/www.il-libro.it\/die-sanfte-gleichgultigkeit-der-welt\/#breadcrumb"},"inLanguage":"fr-FR","potentialAction":[{"@type":"ReadAction","target":["https:\/\/www.il-libro.it\/die-sanfte-gleichgultigkeit-der-welt\/"]}]},{"@type":"BreadcrumbList","@id":"https:\/\/www.il-libro.it\/die-sanfte-gleichgultigkeit-der-welt\/#breadcrumb","itemListElement":[{"@type":"ListItem","position":1,"name":"Home","item":"https:\/\/www.il-libro.it\/fr\/"},{"@type":"ListItem","position":2,"name":"Die sanfte Gleichg\u00fcltigkeit der Welt"}]},{"@type":"Article","@id":"https:\/\/www.il-libro.it\/die-sanfte-gleichgultigkeit-der-welt\/#article","isPartOf":{"@id":"https:\/\/www.il-libro.it\/die-sanfte-gleichgultigkeit-der-welt\/#webpage"},"author":{"@id":"https:\/\/www.il-libro.it\/#\/schema\/person\/6a34e9b4cc72b2d269e1ae45dcb83083"},"headline":"Die sanfte Gleichg\u00fcltigkeit der Welt","datePublished":"2019-12-04T08:53:17+00:00","dateModified":"2019-12-04T08:53:17+00:00","mainEntityOfPage":{"@id":"https:\/\/www.il-libro.it\/die-sanfte-gleichgultigkeit-der-welt\/#webpage"},"wordCount":91,"commentCount":0,"publisher":{"@id":"https:\/\/www.il-libro.it\/#organization"},"image":{"@id":"https:\/\/www.il-libro.it\/die-sanfte-gleichgultigkeit-der-welt\/#primaryimage"},"thumbnailUrl":"https:\/\/www.il-libro.it\/wp-content\/uploads\/2019\/12\/StammSanfte.jpg","articleSection":["Freude am lesen"],"inLanguage":"fr-FR","potentialAction":[{"@type":"CommentAction","name":"Comment","target":["https:\/\/www.il-libro.it\/die-sanfte-gleichgultigkeit-der-welt\/#respond"]}]},{"@type":"Person","@id":"https:\/\/www.il-libro.it\/#\/schema\/person\/6a34e9b4cc72b2d269e1ae45dcb83083","name":"Anna","image":{"@type":"ImageObject","@id":"https:\/\/www.il-libro.it\/#personlogo","inLanguage":"fr-FR","url":"https:\/\/secure.gravatar.com\/avatar\/5446c35a665205777a696408926ad672?s=96&d=mm&r=g","contentUrl":"https:\/\/secure.gravatar.com\/avatar\/5446c35a665205777a696408926ad672?s=96&d=mm&r=g","caption":"Anna"}}]}},"_links":{"self":[{"href":"https:\/\/www.il-libro.it\/fr\/wp-json\/wp\/v2\/posts\/105618"}],"collection":[{"href":"https:\/\/www.il-libro.it\/fr\/wp-json\/wp\/v2\/posts"}],"about":[{"href":"https:\/\/www.il-libro.it\/fr\/wp-json\/wp\/v2\/types\/post"}],"author":[{"embeddable":true,"href":"https:\/\/www.il-libro.it\/fr\/wp-json\/wp\/v2\/users\/5"}],"replies":[{"embeddable":true,"href":"https:\/\/www.il-libro.it\/fr\/wp-json\/wp\/v2\/comments?post=105618"}],"version-history":[{"count":0,"href":"https:\/\/www.il-libro.it\/fr\/wp-json\/wp\/v2\/posts\/105618\/revisions"}],"wp:featuredmedia":[{"embeddable":true,"href":"https:\/\/www.il-libro.it\/fr\/wp-json\/wp\/v2\/media\/105619"}],"wp:attachment":[{"href":"https:\/\/www.il-libro.it\/fr\/wp-json\/wp\/v2\/media?parent=105618"}],"wp:term":[{"taxonomy":"category","embeddable":true,"href":"https:\/\/www.il-libro.it\/fr\/wp-json\/wp\/v2\/categories?post=105618"},{"taxonomy":"post_tag","embeddable":true,"href":"https:\/\/www.il-libro.it\/fr\/wp-json\/wp\/v2\/tags?post=105618"}],"curies":[{"name":"wp","href":"https:\/\/api.w.org\/{rel}","templated":true}]}}