{"id":115215,"date":"2021-03-18T11:50:49","date_gmt":"2021-03-18T10:50:49","guid":{"rendered":"https:\/\/www.il-libro.it\/?p=115215"},"modified":"2021-03-18T11:50:49","modified_gmt":"2021-03-18T10:50:49","slug":"hexe-nudelzopf-und-die-prinzenfrosche-von-friedericke-wagner","status":"publish","type":"post","link":"https:\/\/www.il-libro.it\/fr\/hexe-nudelzopf-und-die-prinzenfrosche-von-friedericke-wagner\/","title":{"rendered":"Hexe Nudelzopf und die Prinzenfr\u00f6sche von Friedericke Wagner"},"content":{"rendered":"<div class=\"separatore\">\n<h1 style=\"text-align: center;\"><img class=\"aligncenter wp-image-114744\" src=\"https:\/\/www.il-libro.it\/wp-content\/uploads\/2021\/02\/hexenudelzopfprinzenfroesche..jpg\" alt=\"\" width=\"100\" height=\"157\" srcset=\"https:\/\/www.il-libro.it\/wp-content\/uploads\/2021\/02\/hexenudelzopfprinzenfroesche..jpg 511w, https:\/\/www.il-libro.it\/wp-content\/uploads\/2021\/02\/hexenudelzopfprinzenfroesche.-192x300.jpg 192w\" sizes=\"(max-width: 100px) 100vw, 100px\" \/><\/h1>\n<h1 style=\"text-align: center;\">Hexe Nudelzopf und die Prinzenfr\u00f6sche<br \/>\nvon Friedericke Wagner<\/h1>\n<p>Hexe Nudelzopf f\u00fchlt sich oft einsam und tr\u00e4umt sie von einem M\u00e4rchenprinzen. Vielleicht steckt so ein verzauberter Prinz in einem der vielen Fr\u00f6sche, die in ihrem Garten leben? Mit Zauberstab und Zauberspruch versucht sie die Fr\u00f6sche in Prinzen zu verzaubern. Wird sie es schaffen?<\/p>\n<p><strong>La streghetta Nudelzopf, che si sente tanto sola, sogna il principe azzurro. Pu\u00f2 essere che uno dei rospi del suo giardino sia un principe trasformato? Con la bacchetta magica cerca di scoprirlo.<\/strong><\/p>\n<p>Punkte sammeln auf <a href=\"http:\/\/antolin.de\/\">Antolin.de<\/a><\/p>\n<p>Bestellen an <a href=\"mailto:info@il-libro.it\" target=\"_blank\" rel=\"noopener\">info@il-libro.it<\/a><\/p>\n<\/div>\n","protected":false},"excerpt":{"rendered":"<p>Hexe Nudelzopf und die Prinzenfr\u00f6sche von Friedericke Wagner Hexe Nudelzopf f\u00fchlt sich oft einsam und tr\u00e4umt sie von einem M\u00e4rchenprinzen. Vielleicht steckt so ein verzauberter Prinz in einem der vielen Fr\u00f6sche, die in ihrem Garten leben? Mit Zauberstab und Zauberspruch versucht sie die Fr\u00f6sche in Prinzen zu verzaubern. Wird sie es schaffen? La streghetta Nudelzopf,&hellip;<\/p>\n","protected":false},"author":5,"featured_media":114744,"comment_status":"open","ping_status":"open","sticky":false,"template":"","format":"standard","meta":[],"categories":[331],"tags":[],"yoast_head":"<!-- This site is optimized with the Yoast SEO plugin v17.2.1 - https:\/\/yoast.com\/wordpress\/plugins\/seo\/ -->\n<title>Hexe Nudelzopf und die Prinzenfr\u00f6sche von Friedericke Wagner - Il Libro - Libreria Internazionale<\/title>\n<meta name=\"description\" content=\"Hexe Nudelzopf f\u00fchlt sich oft einsam und tr\u00e4umt sie von einem M\u00e4rchenprinzen. Vielleicht steckt so ein verzauberter Prinz in einem der vielen Fr\u00f6sche, die in ihrem Garten leben?\" \/>\n<meta name=\"robots\" content=\"index, follow, max-snippet:-1, max-image-preview:large, max-video-preview:-1\" \/>\n<link rel=\"canonical\" href=\"https:\/\/www.il-libro.it\/fr\/hexe-nudelzopf-und-die-prinzenfrosche-von-friedericke-wagner\/\" \/>\n<meta property=\"og:locale\" content=\"fr_FR\" \/>\n<meta property=\"og:type\" content=\"article\" \/>\n<meta property=\"og:title\" content=\"Hexe Nudelzopf und die Prinzenfr\u00f6sche von Friedericke Wagner - Il Libro - Libreria Internazionale\" \/>\n<meta property=\"og:description\" content=\"Hexe Nudelzopf f\u00fchlt sich oft einsam und tr\u00e4umt sie von einem M\u00e4rchenprinzen. Vielleicht steckt so ein verzauberter Prinz in einem der vielen Fr\u00f6sche, die in ihrem Garten leben?\" \/>\n<meta property=\"og:url\" content=\"https:\/\/www.il-libro.it\/hexe-nudelzopf-und-die-prinzenfrosche-von-friedericke-wagner\/\" \/>\n<meta property=\"og:site_name\" content=\"Il Libro - Libreria Internazionale\" \/>\n<meta property=\"article:publisher\" content=\"https:\/\/www.facebook.com\/IL-LIBRO-Libreria-Internazionale-2127680667458029\/?fref=ts\" \/>\n<meta property=\"article:published_time\" content=\"2021-03-18T10:50:49+00:00\" \/>\n<meta property=\"og:image\" content=\"https:\/\/www.il-libro.it\/wp-content\/uploads\/2021\/02\/hexenudelzopfprinzenfroesche..jpg\" \/>\n\t<meta property=\"og:image:width\" content=\"511\" \/>\n\t<meta property=\"og:image:height\" content=\"800\" \/>\n<meta name=\"twitter:card\" content=\"summary_large_image\" \/>\n<meta name=\"twitter:label1\" content=\"\u00c9crit par\" \/>\n\t<meta name=\"twitter:data1\" content=\"Anna\" \/>\n\t<meta name=\"twitter:label2\" content=\"Dur\u00e9e de lecture estim\u00e9e\" \/>\n\t<meta name=\"twitter:data2\" content=\"1 minute\" \/>\n<script type=\"application\/ld+json\" class=\"yoast-schema-graph\">{\"@context\":\"https:\/\/schema.org\",\"@graph\":[{\"@type\":\"Organization\",\"@id\":\"https:\/\/www.il-libro.it\/#organization\",\"name\":\"il libro libreria internazionale\",\"url\":\"https:\/\/www.il-libro.it\/\",\"sameAs\":[\"https:\/\/www.facebook.com\/IL-LIBRO-Libreria-Internazionale-2127680667458029\/?fref=ts\",\"https:\/\/www.instagram.com\/il.libro.internazionale\/\"],\"logo\":{\"@type\":\"ImageObject\",\"@id\":\"https:\/\/www.il-libro.it\/#logo\",\"inLanguage\":\"fr-FR\",\"url\":\"https:\/\/www.il-libro.it\/wp-content\/uploads\/2017\/03\/logo.png\",\"contentUrl\":\"https:\/\/www.il-libro.it\/wp-content\/uploads\/2017\/03\/logo.png\",\"width\":180,\"height\":90,\"caption\":\"il libro libreria internazionale\"},\"image\":{\"@id\":\"https:\/\/www.il-libro.it\/#logo\"}},{\"@type\":\"WebSite\",\"@id\":\"https:\/\/www.il-libro.it\/#website\",\"url\":\"https:\/\/www.il-libro.it\/\",\"name\":\"Il Libro - Libreria Internazionale\",\"description\":\"Benvenuti nella libreria internazionale\",\"publisher\":{\"@id\":\"https:\/\/www.il-libro.it\/#organization\"},\"potentialAction\":[{\"@type\":\"SearchAction\",\"target\":{\"@type\":\"EntryPoint\",\"urlTemplate\":\"https:\/\/www.il-libro.it\/?s={search_term_string}\"},\"query-input\":\"required name=search_term_string\"}],\"inLanguage\":\"fr-FR\"},{\"@type\":\"ImageObject\",\"@id\":\"https:\/\/www.il-libro.it\/hexe-nudelzopf-und-die-prinzenfrosche-von-friedericke-wagner\/#primaryimage\",\"inLanguage\":\"fr-FR\",\"url\":\"https:\/\/www.il-libro.it\/wp-content\/uploads\/2021\/02\/hexenudelzopfprinzenfroesche..jpg\",\"contentUrl\":\"https:\/\/www.il-libro.it\/wp-content\/uploads\/2021\/02\/hexenudelzopfprinzenfroesche..jpg\",\"width\":511,\"height\":800},{\"@type\":\"WebPage\",\"@id\":\"https:\/\/www.il-libro.it\/hexe-nudelzopf-und-die-prinzenfrosche-von-friedericke-wagner\/#webpage\",\"url\":\"https:\/\/www.il-libro.it\/hexe-nudelzopf-und-die-prinzenfrosche-von-friedericke-wagner\/\",\"name\":\"Hexe Nudelzopf und die Prinzenfr\\u00f6sche von Friedericke Wagner - Il Libro - Libreria Internazionale\",\"isPartOf\":{\"@id\":\"https:\/\/www.il-libro.it\/#website\"},\"primaryImageOfPage\":{\"@id\":\"https:\/\/www.il-libro.it\/hexe-nudelzopf-und-die-prinzenfrosche-von-friedericke-wagner\/#primaryimage\"},\"datePublished\":\"2021-03-18T10:50:49+00:00\",\"dateModified\":\"2021-03-18T10:50:49+00:00\",\"description\":\"Hexe Nudelzopf f\\u00fchlt sich oft einsam und tr\\u00e4umt sie von einem M\\u00e4rchenprinzen. Vielleicht steckt so ein verzauberter Prinz in einem der vielen Fr\\u00f6sche, die in ihrem Garten leben?\",\"breadcrumb\":{\"@id\":\"https:\/\/www.il-libro.it\/hexe-nudelzopf-und-die-prinzenfrosche-von-friedericke-wagner\/#breadcrumb\"},\"inLanguage\":\"fr-FR\",\"potentialAction\":[{\"@type\":\"ReadAction\",\"target\":[\"https:\/\/www.il-libro.it\/hexe-nudelzopf-und-die-prinzenfrosche-von-friedericke-wagner\/\"]}]},{\"@type\":\"BreadcrumbList\",\"@id\":\"https:\/\/www.il-libro.it\/hexe-nudelzopf-und-die-prinzenfrosche-von-friedericke-wagner\/#breadcrumb\",\"itemListElement\":[{\"@type\":\"ListItem\",\"position\":1,\"name\":\"Home\",\"item\":\"https:\/\/www.il-libro.it\/fr\/\"},{\"@type\":\"ListItem\",\"position\":2,\"name\":\"Hexe Nudelzopf und die Prinzenfr\\u00f6sche von Friedericke Wagner\"}]},{\"@type\":\"Article\",\"@id\":\"https:\/\/www.il-libro.it\/hexe-nudelzopf-und-die-prinzenfrosche-von-friedericke-wagner\/#article\",\"isPartOf\":{\"@id\":\"https:\/\/www.il-libro.it\/hexe-nudelzopf-und-die-prinzenfrosche-von-friedericke-wagner\/#webpage\"},\"author\":{\"@id\":\"https:\/\/www.il-libro.it\/#\/schema\/person\/6a34e9b4cc72b2d269e1ae45dcb83083\"},\"headline\":\"Hexe Nudelzopf und die Prinzenfr\\u00f6sche von Friedericke Wagner\",\"datePublished\":\"2021-03-18T10:50:49+00:00\",\"dateModified\":\"2021-03-18T10:50:49+00:00\",\"mainEntityOfPage\":{\"@id\":\"https:\/\/www.il-libro.it\/hexe-nudelzopf-und-die-prinzenfrosche-von-friedericke-wagner\/#webpage\"},\"wordCount\":109,\"commentCount\":0,\"publisher\":{\"@id\":\"https:\/\/www.il-libro.it\/#organization\"},\"image\":{\"@id\":\"https:\/\/www.il-libro.it\/hexe-nudelzopf-und-die-prinzenfrosche-von-friedericke-wagner\/#primaryimage\"},\"thumbnailUrl\":\"https:\/\/www.il-libro.it\/wp-content\/uploads\/2021\/02\/hexenudelzopfprinzenfroesche..jpg\",\"articleSection\":[\"1. Klasse\"],\"inLanguage\":\"fr-FR\",\"potentialAction\":[{\"@type\":\"CommentAction\",\"name\":\"Comment\",\"target\":[\"https:\/\/www.il-libro.it\/hexe-nudelzopf-und-die-prinzenfrosche-von-friedericke-wagner\/#respond\"]}]},{\"@type\":\"Person\",\"@id\":\"https:\/\/www.il-libro.it\/#\/schema\/person\/6a34e9b4cc72b2d269e1ae45dcb83083\",\"name\":\"Anna\",\"image\":{\"@type\":\"ImageObject\",\"@id\":\"https:\/\/www.il-libro.it\/#personlogo\",\"inLanguage\":\"fr-FR\",\"url\":\"https:\/\/secure.gravatar.com\/avatar\/5446c35a665205777a696408926ad672?s=96&d=mm&r=g\",\"contentUrl\":\"https:\/\/secure.gravatar.com\/avatar\/5446c35a665205777a696408926ad672?s=96&d=mm&r=g\",\"caption\":\"Anna\"}}]}<\/script>\n<!-- \/ Yoast SEO plugin. -->","yoast_head_json":{"title":"Hexe Nudelzopf und die Prinzenfr\u00f6sche von Friedericke Wagner - Il Libro - Libreria Internazionale","description":"Hexe Nudelzopf f\u00fchlt sich oft einsam und tr\u00e4umt sie von einem M\u00e4rchenprinzen. Vielleicht steckt so ein verzauberter Prinz in einem der vielen Fr\u00f6sche, die in ihrem Garten leben?","robots":{"index":"index","follow":"follow","max-snippet":"max-snippet:-1","max-image-preview":"max-image-preview:large","max-video-preview":"max-video-preview:-1"},"canonical":"https:\/\/www.il-libro.it\/fr\/hexe-nudelzopf-und-die-prinzenfrosche-von-friedericke-wagner\/","og_locale":"fr_FR","og_type":"article","og_title":"Hexe Nudelzopf und die Prinzenfr\u00f6sche von Friedericke Wagner - Il Libro - Libreria Internazionale","og_description":"Hexe Nudelzopf f\u00fchlt sich oft einsam und tr\u00e4umt sie von einem M\u00e4rchenprinzen. Vielleicht steckt so ein verzauberter Prinz in einem der vielen Fr\u00f6sche, die in ihrem Garten leben?","og_url":"https:\/\/www.il-libro.it\/hexe-nudelzopf-und-die-prinzenfrosche-von-friedericke-wagner\/","og_site_name":"Il Libro - Libreria Internazionale","article_publisher":"https:\/\/www.facebook.com\/IL-LIBRO-Libreria-Internazionale-2127680667458029\/?fref=ts","article_published_time":"2021-03-18T10:50:49+00:00","og_image":[{"width":511,"height":800,"url":"https:\/\/www.il-libro.it\/wp-content\/uploads\/2021\/02\/hexenudelzopfprinzenfroesche..jpg","path":"\/var\/www\/vhosts\/il-libro.it\/httpdocs\/wp-content\/uploads\/2021\/02\/hexenudelzopfprinzenfroesche..jpg","size":"full","id":114744,"alt":"","pixels":408800,"type":"image\/jpeg"}],"twitter_card":"summary_large_image","twitter_misc":{"\u00c9crit par":"Anna","Dur\u00e9e de lecture estim\u00e9e":"1 minute"},"schema":{"@context":"https:\/\/schema.org","@graph":[{"@type":"Organization","@id":"https:\/\/www.il-libro.it\/#organization","name":"il libro libreria internazionale","url":"https:\/\/www.il-libro.it\/","sameAs":["https:\/\/www.facebook.com\/IL-LIBRO-Libreria-Internazionale-2127680667458029\/?fref=ts","https:\/\/www.instagram.com\/il.libro.internazionale\/"],"logo":{"@type":"ImageObject","@id":"https:\/\/www.il-libro.it\/#logo","inLanguage":"fr-FR","url":"https:\/\/www.il-libro.it\/wp-content\/uploads\/2017\/03\/logo.png","contentUrl":"https:\/\/www.il-libro.it\/wp-content\/uploads\/2017\/03\/logo.png","width":180,"height":90,"caption":"il libro libreria internazionale"},"image":{"@id":"https:\/\/www.il-libro.it\/#logo"}},{"@type":"WebSite","@id":"https:\/\/www.il-libro.it\/#website","url":"https:\/\/www.il-libro.it\/","name":"Il Libro - Libreria Internazionale","description":"Benvenuti nella libreria internazionale","publisher":{"@id":"https:\/\/www.il-libro.it\/#organization"},"potentialAction":[{"@type":"SearchAction","target":{"@type":"EntryPoint","urlTemplate":"https:\/\/www.il-libro.it\/?s={search_term_string}"},"query-input":"required name=search_term_string"}],"inLanguage":"fr-FR"},{"@type":"ImageObject","@id":"https:\/\/www.il-libro.it\/hexe-nudelzopf-und-die-prinzenfrosche-von-friedericke-wagner\/#primaryimage","inLanguage":"fr-FR","url":"https:\/\/www.il-libro.it\/wp-content\/uploads\/2021\/02\/hexenudelzopfprinzenfroesche..jpg","contentUrl":"https:\/\/www.il-libro.it\/wp-content\/uploads\/2021\/02\/hexenudelzopfprinzenfroesche..jpg","width":511,"height":800},{"@type":"WebPage","@id":"https:\/\/www.il-libro.it\/hexe-nudelzopf-und-die-prinzenfrosche-von-friedericke-wagner\/#webpage","url":"https:\/\/www.il-libro.it\/hexe-nudelzopf-und-die-prinzenfrosche-von-friedericke-wagner\/","name":"Hexe Nudelzopf und die Prinzenfr\u00f6sche von Friedericke Wagner - Il Libro - Libreria Internazionale","isPartOf":{"@id":"https:\/\/www.il-libro.it\/#website"},"primaryImageOfPage":{"@id":"https:\/\/www.il-libro.it\/hexe-nudelzopf-und-die-prinzenfrosche-von-friedericke-wagner\/#primaryimage"},"datePublished":"2021-03-18T10:50:49+00:00","dateModified":"2021-03-18T10:50:49+00:00","description":"Hexe Nudelzopf f\u00fchlt sich oft einsam und tr\u00e4umt sie von einem M\u00e4rchenprinzen. Vielleicht steckt so ein verzauberter Prinz in einem der vielen Fr\u00f6sche, die in ihrem Garten leben?","breadcrumb":{"@id":"https:\/\/www.il-libro.it\/hexe-nudelzopf-und-die-prinzenfrosche-von-friedericke-wagner\/#breadcrumb"},"inLanguage":"fr-FR","potentialAction":[{"@type":"ReadAction","target":["https:\/\/www.il-libro.it\/hexe-nudelzopf-und-die-prinzenfrosche-von-friedericke-wagner\/"]}]},{"@type":"BreadcrumbList","@id":"https:\/\/www.il-libro.it\/hexe-nudelzopf-und-die-prinzenfrosche-von-friedericke-wagner\/#breadcrumb","itemListElement":[{"@type":"ListItem","position":1,"name":"Home","item":"https:\/\/www.il-libro.it\/fr\/"},{"@type":"ListItem","position":2,"name":"Hexe Nudelzopf und die Prinzenfr\u00f6sche von Friedericke Wagner"}]},{"@type":"Article","@id":"https:\/\/www.il-libro.it\/hexe-nudelzopf-und-die-prinzenfrosche-von-friedericke-wagner\/#article","isPartOf":{"@id":"https:\/\/www.il-libro.it\/hexe-nudelzopf-und-die-prinzenfrosche-von-friedericke-wagner\/#webpage"},"author":{"@id":"https:\/\/www.il-libro.it\/#\/schema\/person\/6a34e9b4cc72b2d269e1ae45dcb83083"},"headline":"Hexe Nudelzopf und die Prinzenfr\u00f6sche von Friedericke Wagner","datePublished":"2021-03-18T10:50:49+00:00","dateModified":"2021-03-18T10:50:49+00:00","mainEntityOfPage":{"@id":"https:\/\/www.il-libro.it\/hexe-nudelzopf-und-die-prinzenfrosche-von-friedericke-wagner\/#webpage"},"wordCount":109,"commentCount":0,"publisher":{"@id":"https:\/\/www.il-libro.it\/#organization"},"image":{"@id":"https:\/\/www.il-libro.it\/hexe-nudelzopf-und-die-prinzenfrosche-von-friedericke-wagner\/#primaryimage"},"thumbnailUrl":"https:\/\/www.il-libro.it\/wp-content\/uploads\/2021\/02\/hexenudelzopfprinzenfroesche..jpg","articleSection":["1. Klasse"],"inLanguage":"fr-FR","potentialAction":[{"@type":"CommentAction","name":"Comment","target":["https:\/\/www.il-libro.it\/hexe-nudelzopf-und-die-prinzenfrosche-von-friedericke-wagner\/#respond"]}]},{"@type":"Person","@id":"https:\/\/www.il-libro.it\/#\/schema\/person\/6a34e9b4cc72b2d269e1ae45dcb83083","name":"Anna","image":{"@type":"ImageObject","@id":"https:\/\/www.il-libro.it\/#personlogo","inLanguage":"fr-FR","url":"https:\/\/secure.gravatar.com\/avatar\/5446c35a665205777a696408926ad672?s=96&d=mm&r=g","contentUrl":"https:\/\/secure.gravatar.com\/avatar\/5446c35a665205777a696408926ad672?s=96&d=mm&r=g","caption":"Anna"}}]}},"_links":{"self":[{"href":"https:\/\/www.il-libro.it\/fr\/wp-json\/wp\/v2\/posts\/115215"}],"collection":[{"href":"https:\/\/www.il-libro.it\/fr\/wp-json\/wp\/v2\/posts"}],"about":[{"href":"https:\/\/www.il-libro.it\/fr\/wp-json\/wp\/v2\/types\/post"}],"author":[{"embeddable":true,"href":"https:\/\/www.il-libro.it\/fr\/wp-json\/wp\/v2\/users\/5"}],"replies":[{"embeddable":true,"href":"https:\/\/www.il-libro.it\/fr\/wp-json\/wp\/v2\/comments?post=115215"}],"version-history":[{"count":1,"href":"https:\/\/www.il-libro.it\/fr\/wp-json\/wp\/v2\/posts\/115215\/revisions"}],"predecessor-version":[{"id":115219,"href":"https:\/\/www.il-libro.it\/fr\/wp-json\/wp\/v2\/posts\/115215\/revisions\/115219"}],"wp:featuredmedia":[{"embeddable":true,"href":"https:\/\/www.il-libro.it\/fr\/wp-json\/wp\/v2\/media\/114744"}],"wp:attachment":[{"href":"https:\/\/www.il-libro.it\/fr\/wp-json\/wp\/v2\/media?parent=115215"}],"wp:term":[{"taxonomy":"category","embeddable":true,"href":"https:\/\/www.il-libro.it\/fr\/wp-json\/wp\/v2\/categories?post=115215"},{"taxonomy":"post_tag","embeddable":true,"href":"https:\/\/www.il-libro.it\/fr\/wp-json\/wp\/v2\/tags?post=115215"}],"curies":[{"name":"wp","href":"https:\/\/api.w.org\/{rel}","templated":true}]}}