{"id":116400,"date":"2021-06-15T18:19:35","date_gmt":"2021-06-15T16:19:35","guid":{"rendered":"https:\/\/www.il-libro.it\/?p=116400"},"modified":"2021-06-15T18:19:35","modified_gmt":"2021-06-15T16:19:35","slug":"der-wolf-im-nachthemd","status":"publish","type":"post","link":"https:\/\/www.il-libro.it\/fr\/der-wolf-im-nachthemd\/","title":{"rendered":"Der Wolf im Nachthemd"},"content":{"rendered":"<div class=\"separatore\">\n<h1 style=\"text-align: center;\"><img class=\"wp-image-116316 aligncenter\" src=\"https:\/\/www.il-libro.it\/wp-content\/uploads\/2021\/06\/RamosWolfNachthemd.jpg\" alt=\"\" width=\"100\" height=\"127\" srcset=\"https:\/\/www.il-libro.it\/wp-content\/uploads\/2021\/06\/RamosWolfNachthemd.jpg 393w, https:\/\/www.il-libro.it\/wp-content\/uploads\/2021\/06\/RamosWolfNachthemd-236x300.jpg 236w\" sizes=\"(max-width: 100px) 100vw, 100px\" \/><\/h1>\n<h1 style=\"text-align: center;\">Der Wolf im Nachthemd<\/h1>\n<p style=\"text-align: center;\">von Mario Ramos<\/p>\n<p>Eine eigenartige Version von&#8230; Rotk\u00e4ppchen.<\/p>\n<p><strong>Una versione originale di.. Cappuccetto Rosso.<\/strong><\/p>\n<\/div>\n<div class=\"separatore\">\n<p>Punkte sammeln auf <a href=\"http:\/\/antolin.de\/\">Antolin.de<\/a><\/p>\n<p>Bestellen an <a href=\"mailto:info@il-libro.it\" target=\"_blank\" rel=\"noopener\">info@il-libro.it<\/a><\/p>\n<\/div>\n","protected":false},"excerpt":{"rendered":"<p>Der Wolf im Nachthemd von Mario Ramos Eine eigenartige Version von&#8230; Rotk\u00e4ppchen. Una versione originale di.. Cappuccetto Rosso. Punkte sammeln auf Antolin.de Bestellen an info@il-libro.it<\/p>\n","protected":false},"author":5,"featured_media":116316,"comment_status":"open","ping_status":"open","sticky":false,"template":"","format":"standard","meta":[],"categories":[332],"tags":[],"yoast_head":"<!-- This site is optimized with the Yoast SEO plugin v17.2.1 - https:\/\/yoast.com\/wordpress\/plugins\/seo\/ -->\n<title>Der Wolf im Nachthemd - Il Libro - Libreria Internazionale<\/title>\n<meta name=\"description\" content=\"Eine eigenartige Version von... Rotk\u00e4ppchen.\" \/>\n<meta name=\"robots\" content=\"index, follow, max-snippet:-1, max-image-preview:large, max-video-preview:-1\" \/>\n<link rel=\"canonical\" href=\"https:\/\/www.il-libro.it\/fr\/der-wolf-im-nachthemd\/\" \/>\n<meta property=\"og:locale\" content=\"fr_FR\" \/>\n<meta property=\"og:type\" content=\"article\" \/>\n<meta property=\"og:title\" content=\"Der Wolf im Nachthemd - Il Libro - Libreria Internazionale\" \/>\n<meta property=\"og:description\" content=\"Eine eigenartige Version von... Rotk\u00e4ppchen.\" \/>\n<meta property=\"og:url\" content=\"https:\/\/www.il-libro.it\/der-wolf-im-nachthemd\/\" \/>\n<meta property=\"og:site_name\" content=\"Il Libro - Libreria Internazionale\" \/>\n<meta property=\"article:publisher\" content=\"https:\/\/www.facebook.com\/IL-LIBRO-Libreria-Internazionale-2127680667458029\/?fref=ts\" \/>\n<meta property=\"article:published_time\" content=\"2021-06-15T16:19:35+00:00\" \/>\n<meta property=\"og:image\" content=\"https:\/\/www.il-libro.it\/wp-content\/uploads\/2021\/06\/RamosWolfNachthemd.jpg\" \/>\n\t<meta property=\"og:image:width\" content=\"393\" \/>\n\t<meta property=\"og:image:height\" content=\"500\" \/>\n<meta name=\"twitter:card\" content=\"summary_large_image\" \/>\n<meta name=\"twitter:label1\" content=\"\u00c9crit par\" \/>\n\t<meta name=\"twitter:data1\" content=\"Anna\" \/>\n\t<meta name=\"twitter:label2\" content=\"Dur\u00e9e de lecture estim\u00e9e\" \/>\n\t<meta name=\"twitter:data2\" content=\"1 minute\" \/>\n<script type=\"application\/ld+json\" class=\"yoast-schema-graph\">{\"@context\":\"https:\/\/schema.org\",\"@graph\":[{\"@type\":\"Organization\",\"@id\":\"https:\/\/www.il-libro.it\/#organization\",\"name\":\"il libro libreria internazionale\",\"url\":\"https:\/\/www.il-libro.it\/\",\"sameAs\":[\"https:\/\/www.facebook.com\/IL-LIBRO-Libreria-Internazionale-2127680667458029\/?fref=ts\",\"https:\/\/www.instagram.com\/il.libro.internazionale\/\"],\"logo\":{\"@type\":\"ImageObject\",\"@id\":\"https:\/\/www.il-libro.it\/#logo\",\"inLanguage\":\"fr-FR\",\"url\":\"https:\/\/www.il-libro.it\/wp-content\/uploads\/2017\/03\/logo.png\",\"contentUrl\":\"https:\/\/www.il-libro.it\/wp-content\/uploads\/2017\/03\/logo.png\",\"width\":180,\"height\":90,\"caption\":\"il libro libreria internazionale\"},\"image\":{\"@id\":\"https:\/\/www.il-libro.it\/#logo\"}},{\"@type\":\"WebSite\",\"@id\":\"https:\/\/www.il-libro.it\/#website\",\"url\":\"https:\/\/www.il-libro.it\/\",\"name\":\"Il Libro - Libreria Internazionale\",\"description\":\"Benvenuti nella libreria internazionale\",\"publisher\":{\"@id\":\"https:\/\/www.il-libro.it\/#organization\"},\"potentialAction\":[{\"@type\":\"SearchAction\",\"target\":{\"@type\":\"EntryPoint\",\"urlTemplate\":\"https:\/\/www.il-libro.it\/?s={search_term_string}\"},\"query-input\":\"required name=search_term_string\"}],\"inLanguage\":\"fr-FR\"},{\"@type\":\"ImageObject\",\"@id\":\"https:\/\/www.il-libro.it\/der-wolf-im-nachthemd\/#primaryimage\",\"inLanguage\":\"fr-FR\",\"url\":\"https:\/\/www.il-libro.it\/wp-content\/uploads\/2021\/06\/RamosWolfNachthemd.jpg\",\"contentUrl\":\"https:\/\/www.il-libro.it\/wp-content\/uploads\/2021\/06\/RamosWolfNachthemd.jpg\",\"width\":393,\"height\":500},{\"@type\":\"WebPage\",\"@id\":\"https:\/\/www.il-libro.it\/der-wolf-im-nachthemd\/#webpage\",\"url\":\"https:\/\/www.il-libro.it\/der-wolf-im-nachthemd\/\",\"name\":\"Der Wolf im Nachthemd - Il Libro - Libreria Internazionale\",\"isPartOf\":{\"@id\":\"https:\/\/www.il-libro.it\/#website\"},\"primaryImageOfPage\":{\"@id\":\"https:\/\/www.il-libro.it\/der-wolf-im-nachthemd\/#primaryimage\"},\"datePublished\":\"2021-06-15T16:19:35+00:00\",\"dateModified\":\"2021-06-15T16:19:35+00:00\",\"description\":\"Eine eigenartige Version von... Rotk\\u00e4ppchen.\",\"breadcrumb\":{\"@id\":\"https:\/\/www.il-libro.it\/der-wolf-im-nachthemd\/#breadcrumb\"},\"inLanguage\":\"fr-FR\",\"potentialAction\":[{\"@type\":\"ReadAction\",\"target\":[\"https:\/\/www.il-libro.it\/der-wolf-im-nachthemd\/\"]}]},{\"@type\":\"BreadcrumbList\",\"@id\":\"https:\/\/www.il-libro.it\/der-wolf-im-nachthemd\/#breadcrumb\",\"itemListElement\":[{\"@type\":\"ListItem\",\"position\":1,\"name\":\"Home\",\"item\":\"https:\/\/www.il-libro.it\/fr\/\"},{\"@type\":\"ListItem\",\"position\":2,\"name\":\"Der Wolf im Nachthemd\"}]},{\"@type\":\"Article\",\"@id\":\"https:\/\/www.il-libro.it\/der-wolf-im-nachthemd\/#article\",\"isPartOf\":{\"@id\":\"https:\/\/www.il-libro.it\/der-wolf-im-nachthemd\/#webpage\"},\"author\":{\"@id\":\"https:\/\/www.il-libro.it\/#\/schema\/person\/6a34e9b4cc72b2d269e1ae45dcb83083\"},\"headline\":\"Der Wolf im Nachthemd\",\"datePublished\":\"2021-06-15T16:19:35+00:00\",\"dateModified\":\"2021-06-15T16:19:35+00:00\",\"mainEntityOfPage\":{\"@id\":\"https:\/\/www.il-libro.it\/der-wolf-im-nachthemd\/#webpage\"},\"wordCount\":33,\"commentCount\":0,\"publisher\":{\"@id\":\"https:\/\/www.il-libro.it\/#organization\"},\"image\":{\"@id\":\"https:\/\/www.il-libro.it\/der-wolf-im-nachthemd\/#primaryimage\"},\"thumbnailUrl\":\"https:\/\/www.il-libro.it\/wp-content\/uploads\/2021\/06\/RamosWolfNachthemd.jpg\",\"articleSection\":[\"2. Klasse\"],\"inLanguage\":\"fr-FR\",\"potentialAction\":[{\"@type\":\"CommentAction\",\"name\":\"Comment\",\"target\":[\"https:\/\/www.il-libro.it\/der-wolf-im-nachthemd\/#respond\"]}]},{\"@type\":\"Person\",\"@id\":\"https:\/\/www.il-libro.it\/#\/schema\/person\/6a34e9b4cc72b2d269e1ae45dcb83083\",\"name\":\"Anna\",\"image\":{\"@type\":\"ImageObject\",\"@id\":\"https:\/\/www.il-libro.it\/#personlogo\",\"inLanguage\":\"fr-FR\",\"url\":\"https:\/\/secure.gravatar.com\/avatar\/5446c35a665205777a696408926ad672?s=96&d=mm&r=g\",\"contentUrl\":\"https:\/\/secure.gravatar.com\/avatar\/5446c35a665205777a696408926ad672?s=96&d=mm&r=g\",\"caption\":\"Anna\"}}]}<\/script>\n<!-- \/ Yoast SEO plugin. -->","yoast_head_json":{"title":"Der Wolf im Nachthemd - Il Libro - Libreria Internazionale","description":"Eine eigenartige Version von... Rotk\u00e4ppchen.","robots":{"index":"index","follow":"follow","max-snippet":"max-snippet:-1","max-image-preview":"max-image-preview:large","max-video-preview":"max-video-preview:-1"},"canonical":"https:\/\/www.il-libro.it\/fr\/der-wolf-im-nachthemd\/","og_locale":"fr_FR","og_type":"article","og_title":"Der Wolf im Nachthemd - Il Libro - Libreria Internazionale","og_description":"Eine eigenartige Version von... Rotk\u00e4ppchen.","og_url":"https:\/\/www.il-libro.it\/der-wolf-im-nachthemd\/","og_site_name":"Il Libro - Libreria Internazionale","article_publisher":"https:\/\/www.facebook.com\/IL-LIBRO-Libreria-Internazionale-2127680667458029\/?fref=ts","article_published_time":"2021-06-15T16:19:35+00:00","og_image":[{"width":393,"height":500,"url":"https:\/\/www.il-libro.it\/wp-content\/uploads\/2021\/06\/RamosWolfNachthemd.jpg","path":"\/var\/www\/vhosts\/il-libro.it\/httpdocs\/wp-content\/uploads\/2021\/06\/RamosWolfNachthemd.jpg","size":"full","id":116316,"alt":"","pixels":196500,"type":"image\/jpeg"}],"twitter_card":"summary_large_image","twitter_misc":{"\u00c9crit par":"Anna","Dur\u00e9e de lecture estim\u00e9e":"1 minute"},"schema":{"@context":"https:\/\/schema.org","@graph":[{"@type":"Organization","@id":"https:\/\/www.il-libro.it\/#organization","name":"il libro libreria internazionale","url":"https:\/\/www.il-libro.it\/","sameAs":["https:\/\/www.facebook.com\/IL-LIBRO-Libreria-Internazionale-2127680667458029\/?fref=ts","https:\/\/www.instagram.com\/il.libro.internazionale\/"],"logo":{"@type":"ImageObject","@id":"https:\/\/www.il-libro.it\/#logo","inLanguage":"fr-FR","url":"https:\/\/www.il-libro.it\/wp-content\/uploads\/2017\/03\/logo.png","contentUrl":"https:\/\/www.il-libro.it\/wp-content\/uploads\/2017\/03\/logo.png","width":180,"height":90,"caption":"il libro libreria internazionale"},"image":{"@id":"https:\/\/www.il-libro.it\/#logo"}},{"@type":"WebSite","@id":"https:\/\/www.il-libro.it\/#website","url":"https:\/\/www.il-libro.it\/","name":"Il Libro - Libreria Internazionale","description":"Benvenuti nella libreria internazionale","publisher":{"@id":"https:\/\/www.il-libro.it\/#organization"},"potentialAction":[{"@type":"SearchAction","target":{"@type":"EntryPoint","urlTemplate":"https:\/\/www.il-libro.it\/?s={search_term_string}"},"query-input":"required name=search_term_string"}],"inLanguage":"fr-FR"},{"@type":"ImageObject","@id":"https:\/\/www.il-libro.it\/der-wolf-im-nachthemd\/#primaryimage","inLanguage":"fr-FR","url":"https:\/\/www.il-libro.it\/wp-content\/uploads\/2021\/06\/RamosWolfNachthemd.jpg","contentUrl":"https:\/\/www.il-libro.it\/wp-content\/uploads\/2021\/06\/RamosWolfNachthemd.jpg","width":393,"height":500},{"@type":"WebPage","@id":"https:\/\/www.il-libro.it\/der-wolf-im-nachthemd\/#webpage","url":"https:\/\/www.il-libro.it\/der-wolf-im-nachthemd\/","name":"Der Wolf im Nachthemd - Il Libro - Libreria Internazionale","isPartOf":{"@id":"https:\/\/www.il-libro.it\/#website"},"primaryImageOfPage":{"@id":"https:\/\/www.il-libro.it\/der-wolf-im-nachthemd\/#primaryimage"},"datePublished":"2021-06-15T16:19:35+00:00","dateModified":"2021-06-15T16:19:35+00:00","description":"Eine eigenartige Version von... Rotk\u00e4ppchen.","breadcrumb":{"@id":"https:\/\/www.il-libro.it\/der-wolf-im-nachthemd\/#breadcrumb"},"inLanguage":"fr-FR","potentialAction":[{"@type":"ReadAction","target":["https:\/\/www.il-libro.it\/der-wolf-im-nachthemd\/"]}]},{"@type":"BreadcrumbList","@id":"https:\/\/www.il-libro.it\/der-wolf-im-nachthemd\/#breadcrumb","itemListElement":[{"@type":"ListItem","position":1,"name":"Home","item":"https:\/\/www.il-libro.it\/fr\/"},{"@type":"ListItem","position":2,"name":"Der Wolf im Nachthemd"}]},{"@type":"Article","@id":"https:\/\/www.il-libro.it\/der-wolf-im-nachthemd\/#article","isPartOf":{"@id":"https:\/\/www.il-libro.it\/der-wolf-im-nachthemd\/#webpage"},"author":{"@id":"https:\/\/www.il-libro.it\/#\/schema\/person\/6a34e9b4cc72b2d269e1ae45dcb83083"},"headline":"Der Wolf im Nachthemd","datePublished":"2021-06-15T16:19:35+00:00","dateModified":"2021-06-15T16:19:35+00:00","mainEntityOfPage":{"@id":"https:\/\/www.il-libro.it\/der-wolf-im-nachthemd\/#webpage"},"wordCount":33,"commentCount":0,"publisher":{"@id":"https:\/\/www.il-libro.it\/#organization"},"image":{"@id":"https:\/\/www.il-libro.it\/der-wolf-im-nachthemd\/#primaryimage"},"thumbnailUrl":"https:\/\/www.il-libro.it\/wp-content\/uploads\/2021\/06\/RamosWolfNachthemd.jpg","articleSection":["2. Klasse"],"inLanguage":"fr-FR","potentialAction":[{"@type":"CommentAction","name":"Comment","target":["https:\/\/www.il-libro.it\/der-wolf-im-nachthemd\/#respond"]}]},{"@type":"Person","@id":"https:\/\/www.il-libro.it\/#\/schema\/person\/6a34e9b4cc72b2d269e1ae45dcb83083","name":"Anna","image":{"@type":"ImageObject","@id":"https:\/\/www.il-libro.it\/#personlogo","inLanguage":"fr-FR","url":"https:\/\/secure.gravatar.com\/avatar\/5446c35a665205777a696408926ad672?s=96&d=mm&r=g","contentUrl":"https:\/\/secure.gravatar.com\/avatar\/5446c35a665205777a696408926ad672?s=96&d=mm&r=g","caption":"Anna"}}]}},"_links":{"self":[{"href":"https:\/\/www.il-libro.it\/fr\/wp-json\/wp\/v2\/posts\/116400"}],"collection":[{"href":"https:\/\/www.il-libro.it\/fr\/wp-json\/wp\/v2\/posts"}],"about":[{"href":"https:\/\/www.il-libro.it\/fr\/wp-json\/wp\/v2\/types\/post"}],"author":[{"embeddable":true,"href":"https:\/\/www.il-libro.it\/fr\/wp-json\/wp\/v2\/users\/5"}],"replies":[{"embeddable":true,"href":"https:\/\/www.il-libro.it\/fr\/wp-json\/wp\/v2\/comments?post=116400"}],"version-history":[{"count":1,"href":"https:\/\/www.il-libro.it\/fr\/wp-json\/wp\/v2\/posts\/116400\/revisions"}],"predecessor-version":[{"id":116401,"href":"https:\/\/www.il-libro.it\/fr\/wp-json\/wp\/v2\/posts\/116400\/revisions\/116401"}],"wp:featuredmedia":[{"embeddable":true,"href":"https:\/\/www.il-libro.it\/fr\/wp-json\/wp\/v2\/media\/116316"}],"wp:attachment":[{"href":"https:\/\/www.il-libro.it\/fr\/wp-json\/wp\/v2\/media?parent=116400"}],"wp:term":[{"taxonomy":"category","embeddable":true,"href":"https:\/\/www.il-libro.it\/fr\/wp-json\/wp\/v2\/categories?post=116400"},{"taxonomy":"post_tag","embeddable":true,"href":"https:\/\/www.il-libro.it\/fr\/wp-json\/wp\/v2\/tags?post=116400"}],"curies":[{"name":"wp","href":"https:\/\/api.w.org\/{rel}","templated":true}]}}