{"id":116571,"date":"2021-06-27T14:39:06","date_gmt":"2021-06-27T12:39:06","guid":{"rendered":"https:\/\/www.il-libro.it\/?p=116571"},"modified":"2021-09-14T14:53:29","modified_gmt":"2021-09-14T12:53:29","slug":"the-road","status":"publish","type":"post","link":"https:\/\/www.il-libro.it\/fr\/the-road\/","title":{"rendered":"The Road"},"content":{"rendered":"<div class=\"separatore\">\n<h3 style=\"text-align: center;\"><\/h3>\n<h3 style=\"text-align: center;\"><strong><img class=\"aligncenter wp-image-116572\" src=\"https:\/\/www.il-libro.it\/wp-content\/uploads\/2021\/06\/McCarthyRoad.jpg\" alt=\"\" width=\"100\" height=\"154\" srcset=\"https:\/\/www.il-libro.it\/wp-content\/uploads\/2021\/06\/McCarthyRoad.jpg 1196w, https:\/\/www.il-libro.it\/wp-content\/uploads\/2021\/06\/McCarthyRoad-195x300.jpg 195w, https:\/\/www.il-libro.it\/wp-content\/uploads\/2021\/06\/McCarthyRoad-667x1024.jpg 667w, https:\/\/www.il-libro.it\/wp-content\/uploads\/2021\/06\/McCarthyRoad-768x1179.jpg 768w, https:\/\/www.il-libro.it\/wp-content\/uploads\/2021\/06\/McCarthyRoad-1001x1536.jpg 1001w\" sizes=\"(max-width: 100px) 100vw, 100px\" \/><\/strong><\/h3>\n<h3 style=\"text-align: center;\"><strong>The Road<br \/>\n<\/strong><\/h3>\n<h3 style=\"text-align: center;\"><strong>by Cormac McCarthy<br \/>\n<\/strong><\/h3>\n<p style=\"text-align: center;\"><strong><span style=\"color: #000000;\">27<sup>th <\/sup>September 2021 at 7:05 pm<br \/>\nONLINE with <em>il libro<\/em><\/span><br \/>\n<\/strong><\/p>\n<\/div>\n<p><em>\u201cWhat&rsquo;s the bravest thing you ever did? He spat in the road a bloody phlegm. Getting up this morning, he said.\u201d<\/em><\/p>\n<p>A father and his son walk alone through burned America. Nothing moves in the ravaged landscape save the ash on the wind. It is cold enough to crack stones, and when the snow falls it is gray. The sky is dark. Their destination is the coast, although they don\u2019t know what, if anything, awaits them there. They have nothing; just a pistol to defend themselves against the lawless bands that stalk the road, the clothes they are wearing, a cart of scavenged food\u2014and each other.<\/p>\n<p>&nbsp;<\/p>\n<p>You will find a copy waiting for you at the bookshop <strong>il libro<\/strong>.<\/p>\n<p>&nbsp;<\/p>\n<p>Do you want to <strong><span style=\"color: #ff0000;\">pre-order<\/span><\/strong> the next book of our <strong><span style=\"color: #ff0000;\">October-discussion<\/span><\/strong>?<\/p>\n<p>To help us with our planning we ask you to pre-order your copy for the October-discussion. After <em>The Road<\/em>, we will meet and talk about <em><strong><span style=\"color: #ff0000;\">The Marlow Murder Club<\/span> <\/strong><\/em>by Robert Thorogood. If you wish to be part of the discussion group, you are kindly asked to buy the book in our bookshop and order it now so that we&rsquo;ll have enough copies for everyone in due time.<\/p>\n<p><strong>If you wish to participate, please let us know by phone or email. Thank you!<\/strong><\/p>\n","protected":false},"excerpt":{"rendered":"<p>The Road by Cormac McCarthy 27th September 2021 at 7:05 pm ONLINE with il libro \u201cWhat&rsquo;s the bravest thing you ever did? He spat in the road a bloody phlegm. Getting up this morning, he said.\u201d A father and his son walk alone through burned America. Nothing moves in the ravaged landscape save the ash&hellip;<\/p>\n","protected":false},"author":5,"featured_media":116572,"comment_status":"open","ping_status":"open","sticky":false,"template":"","format":"standard","meta":[],"categories":[286],"tags":[],"yoast_head":"<!-- This site is optimized with the Yoast SEO plugin v17.2.1 - https:\/\/yoast.com\/wordpress\/plugins\/seo\/ -->\n<title>The Road - Il Libro - Libreria Internazionale<\/title>\n<meta name=\"description\" content=\"il libro organizes a literary circle. After the summer the discussion will be around the book by McCarthy &quot;The Road&quot;.\" \/>\n<meta name=\"robots\" content=\"index, follow, max-snippet:-1, max-image-preview:large, max-video-preview:-1\" \/>\n<link rel=\"canonical\" href=\"https:\/\/www.il-libro.it\/fr\/the-road\/\" \/>\n<meta property=\"og:locale\" content=\"fr_FR\" \/>\n<meta property=\"og:type\" content=\"article\" \/>\n<meta property=\"og:title\" content=\"The Road - Il Libro - Libreria Internazionale\" \/>\n<meta property=\"og:description\" content=\"il libro organizes a literary circle. After the summer the discussion will be around the book by McCarthy &quot;The Road&quot;.\" \/>\n<meta property=\"og:url\" content=\"https:\/\/www.il-libro.it\/the-road\/\" \/>\n<meta property=\"og:site_name\" content=\"Il Libro - Libreria Internazionale\" \/>\n<meta property=\"article:publisher\" content=\"https:\/\/www.facebook.com\/IL-LIBRO-Libreria-Internazionale-2127680667458029\/?fref=ts\" \/>\n<meta property=\"article:published_time\" content=\"2021-06-27T12:39:06+00:00\" \/>\n<meta property=\"article:modified_time\" content=\"2021-09-14T12:53:29+00:00\" \/>\n<meta property=\"og:image\" content=\"https:\/\/www.il-libro.it\/wp-content\/uploads\/2021\/06\/McCarthyRoad.jpg\" \/>\n\t<meta property=\"og:image:width\" content=\"1196\" \/>\n\t<meta property=\"og:image:height\" content=\"1836\" \/>\n<meta name=\"twitter:card\" content=\"summary_large_image\" \/>\n<meta name=\"twitter:label1\" content=\"\u00c9crit par\" \/>\n\t<meta name=\"twitter:data1\" content=\"Anna\" \/>\n\t<meta name=\"twitter:label2\" content=\"Dur\u00e9e de lecture estim\u00e9e\" \/>\n\t<meta name=\"twitter:data2\" content=\"2 minutes\" \/>\n<script type=\"application\/ld+json\" class=\"yoast-schema-graph\">{\"@context\":\"https:\/\/schema.org\",\"@graph\":[{\"@type\":\"Organization\",\"@id\":\"https:\/\/www.il-libro.it\/#organization\",\"name\":\"il libro libreria internazionale\",\"url\":\"https:\/\/www.il-libro.it\/\",\"sameAs\":[\"https:\/\/www.facebook.com\/IL-LIBRO-Libreria-Internazionale-2127680667458029\/?fref=ts\",\"https:\/\/www.instagram.com\/il.libro.internazionale\/\"],\"logo\":{\"@type\":\"ImageObject\",\"@id\":\"https:\/\/www.il-libro.it\/#logo\",\"inLanguage\":\"fr-FR\",\"url\":\"https:\/\/www.il-libro.it\/wp-content\/uploads\/2017\/03\/logo.png\",\"contentUrl\":\"https:\/\/www.il-libro.it\/wp-content\/uploads\/2017\/03\/logo.png\",\"width\":180,\"height\":90,\"caption\":\"il libro libreria internazionale\"},\"image\":{\"@id\":\"https:\/\/www.il-libro.it\/#logo\"}},{\"@type\":\"WebSite\",\"@id\":\"https:\/\/www.il-libro.it\/#website\",\"url\":\"https:\/\/www.il-libro.it\/\",\"name\":\"Il Libro - Libreria Internazionale\",\"description\":\"Benvenuti nella libreria internazionale\",\"publisher\":{\"@id\":\"https:\/\/www.il-libro.it\/#organization\"},\"potentialAction\":[{\"@type\":\"SearchAction\",\"target\":{\"@type\":\"EntryPoint\",\"urlTemplate\":\"https:\/\/www.il-libro.it\/?s={search_term_string}\"},\"query-input\":\"required name=search_term_string\"}],\"inLanguage\":\"fr-FR\"},{\"@type\":\"ImageObject\",\"@id\":\"https:\/\/www.il-libro.it\/the-road\/#primaryimage\",\"inLanguage\":\"fr-FR\",\"url\":\"https:\/\/www.il-libro.it\/wp-content\/uploads\/2021\/06\/McCarthyRoad.jpg\",\"contentUrl\":\"https:\/\/www.il-libro.it\/wp-content\/uploads\/2021\/06\/McCarthyRoad.jpg\",\"width\":1196,\"height\":1836},{\"@type\":\"WebPage\",\"@id\":\"https:\/\/www.il-libro.it\/the-road\/#webpage\",\"url\":\"https:\/\/www.il-libro.it\/the-road\/\",\"name\":\"The Road - Il Libro - Libreria Internazionale\",\"isPartOf\":{\"@id\":\"https:\/\/www.il-libro.it\/#website\"},\"primaryImageOfPage\":{\"@id\":\"https:\/\/www.il-libro.it\/the-road\/#primaryimage\"},\"datePublished\":\"2021-06-27T12:39:06+00:00\",\"dateModified\":\"2021-09-14T12:53:29+00:00\",\"description\":\"il libro organizes a literary circle. After the summer the discussion will be around the book by McCarthy \\\"The Road\\\".\",\"breadcrumb\":{\"@id\":\"https:\/\/www.il-libro.it\/the-road\/#breadcrumb\"},\"inLanguage\":\"fr-FR\",\"potentialAction\":[{\"@type\":\"ReadAction\",\"target\":[\"https:\/\/www.il-libro.it\/the-road\/\"]}]},{\"@type\":\"BreadcrumbList\",\"@id\":\"https:\/\/www.il-libro.it\/the-road\/#breadcrumb\",\"itemListElement\":[{\"@type\":\"ListItem\",\"position\":1,\"name\":\"Home\",\"item\":\"https:\/\/www.il-libro.it\/fr\/\"},{\"@type\":\"ListItem\",\"position\":2,\"name\":\"The Road\"}]},{\"@type\":\"Article\",\"@id\":\"https:\/\/www.il-libro.it\/the-road\/#article\",\"isPartOf\":{\"@id\":\"https:\/\/www.il-libro.it\/the-road\/#webpage\"},\"author\":{\"@id\":\"https:\/\/www.il-libro.it\/#\/schema\/person\/6a34e9b4cc72b2d269e1ae45dcb83083\"},\"headline\":\"The Road\",\"datePublished\":\"2021-06-27T12:39:06+00:00\",\"dateModified\":\"2021-09-14T12:53:29+00:00\",\"mainEntityOfPage\":{\"@id\":\"https:\/\/www.il-libro.it\/the-road\/#webpage\"},\"wordCount\":232,\"commentCount\":0,\"publisher\":{\"@id\":\"https:\/\/www.il-libro.it\/#organization\"},\"image\":{\"@id\":\"https:\/\/www.il-libro.it\/the-road\/#primaryimage\"},\"thumbnailUrl\":\"https:\/\/www.il-libro.it\/wp-content\/uploads\/2021\/06\/McCarthyRoad.jpg\",\"articleSection\":[\"Literary Club\"],\"inLanguage\":\"fr-FR\",\"potentialAction\":[{\"@type\":\"CommentAction\",\"name\":\"Comment\",\"target\":[\"https:\/\/www.il-libro.it\/the-road\/#respond\"]}]},{\"@type\":\"Person\",\"@id\":\"https:\/\/www.il-libro.it\/#\/schema\/person\/6a34e9b4cc72b2d269e1ae45dcb83083\",\"name\":\"Anna\",\"image\":{\"@type\":\"ImageObject\",\"@id\":\"https:\/\/www.il-libro.it\/#personlogo\",\"inLanguage\":\"fr-FR\",\"url\":\"https:\/\/secure.gravatar.com\/avatar\/5446c35a665205777a696408926ad672?s=96&d=mm&r=g\",\"contentUrl\":\"https:\/\/secure.gravatar.com\/avatar\/5446c35a665205777a696408926ad672?s=96&d=mm&r=g\",\"caption\":\"Anna\"}}]}<\/script>\n<!-- \/ Yoast SEO plugin. -->","yoast_head_json":{"title":"The Road - Il Libro - Libreria Internazionale","description":"il libro organizes a literary circle. After the summer the discussion will be around the book by McCarthy \"The Road\".","robots":{"index":"index","follow":"follow","max-snippet":"max-snippet:-1","max-image-preview":"max-image-preview:large","max-video-preview":"max-video-preview:-1"},"canonical":"https:\/\/www.il-libro.it\/fr\/the-road\/","og_locale":"fr_FR","og_type":"article","og_title":"The Road - Il Libro - Libreria Internazionale","og_description":"il libro organizes a literary circle. After the summer the discussion will be around the book by McCarthy \"The Road\".","og_url":"https:\/\/www.il-libro.it\/the-road\/","og_site_name":"Il Libro - Libreria Internazionale","article_publisher":"https:\/\/www.facebook.com\/IL-LIBRO-Libreria-Internazionale-2127680667458029\/?fref=ts","article_published_time":"2021-06-27T12:39:06+00:00","article_modified_time":"2021-09-14T12:53:29+00:00","og_image":[{"width":1196,"height":1836,"url":"https:\/\/www.il-libro.it\/wp-content\/uploads\/2021\/06\/McCarthyRoad.jpg","path":"\/var\/www\/vhosts\/il-libro.it\/httpdocs\/wp-content\/uploads\/2021\/06\/McCarthyRoad.jpg","size":"full","id":116572,"alt":"","pixels":2195856,"type":"image\/jpeg"}],"twitter_card":"summary_large_image","twitter_misc":{"\u00c9crit par":"Anna","Dur\u00e9e de lecture estim\u00e9e":"2 minutes"},"schema":{"@context":"https:\/\/schema.org","@graph":[{"@type":"Organization","@id":"https:\/\/www.il-libro.it\/#organization","name":"il libro libreria internazionale","url":"https:\/\/www.il-libro.it\/","sameAs":["https:\/\/www.facebook.com\/IL-LIBRO-Libreria-Internazionale-2127680667458029\/?fref=ts","https:\/\/www.instagram.com\/il.libro.internazionale\/"],"logo":{"@type":"ImageObject","@id":"https:\/\/www.il-libro.it\/#logo","inLanguage":"fr-FR","url":"https:\/\/www.il-libro.it\/wp-content\/uploads\/2017\/03\/logo.png","contentUrl":"https:\/\/www.il-libro.it\/wp-content\/uploads\/2017\/03\/logo.png","width":180,"height":90,"caption":"il libro libreria internazionale"},"image":{"@id":"https:\/\/www.il-libro.it\/#logo"}},{"@type":"WebSite","@id":"https:\/\/www.il-libro.it\/#website","url":"https:\/\/www.il-libro.it\/","name":"Il Libro - Libreria Internazionale","description":"Benvenuti nella libreria internazionale","publisher":{"@id":"https:\/\/www.il-libro.it\/#organization"},"potentialAction":[{"@type":"SearchAction","target":{"@type":"EntryPoint","urlTemplate":"https:\/\/www.il-libro.it\/?s={search_term_string}"},"query-input":"required name=search_term_string"}],"inLanguage":"fr-FR"},{"@type":"ImageObject","@id":"https:\/\/www.il-libro.it\/the-road\/#primaryimage","inLanguage":"fr-FR","url":"https:\/\/www.il-libro.it\/wp-content\/uploads\/2021\/06\/McCarthyRoad.jpg","contentUrl":"https:\/\/www.il-libro.it\/wp-content\/uploads\/2021\/06\/McCarthyRoad.jpg","width":1196,"height":1836},{"@type":"WebPage","@id":"https:\/\/www.il-libro.it\/the-road\/#webpage","url":"https:\/\/www.il-libro.it\/the-road\/","name":"The Road - Il Libro - Libreria Internazionale","isPartOf":{"@id":"https:\/\/www.il-libro.it\/#website"},"primaryImageOfPage":{"@id":"https:\/\/www.il-libro.it\/the-road\/#primaryimage"},"datePublished":"2021-06-27T12:39:06+00:00","dateModified":"2021-09-14T12:53:29+00:00","description":"il libro organizes a literary circle. After the summer the discussion will be around the book by McCarthy \"The Road\".","breadcrumb":{"@id":"https:\/\/www.il-libro.it\/the-road\/#breadcrumb"},"inLanguage":"fr-FR","potentialAction":[{"@type":"ReadAction","target":["https:\/\/www.il-libro.it\/the-road\/"]}]},{"@type":"BreadcrumbList","@id":"https:\/\/www.il-libro.it\/the-road\/#breadcrumb","itemListElement":[{"@type":"ListItem","position":1,"name":"Home","item":"https:\/\/www.il-libro.it\/fr\/"},{"@type":"ListItem","position":2,"name":"The Road"}]},{"@type":"Article","@id":"https:\/\/www.il-libro.it\/the-road\/#article","isPartOf":{"@id":"https:\/\/www.il-libro.it\/the-road\/#webpage"},"author":{"@id":"https:\/\/www.il-libro.it\/#\/schema\/person\/6a34e9b4cc72b2d269e1ae45dcb83083"},"headline":"The Road","datePublished":"2021-06-27T12:39:06+00:00","dateModified":"2021-09-14T12:53:29+00:00","mainEntityOfPage":{"@id":"https:\/\/www.il-libro.it\/the-road\/#webpage"},"wordCount":232,"commentCount":0,"publisher":{"@id":"https:\/\/www.il-libro.it\/#organization"},"image":{"@id":"https:\/\/www.il-libro.it\/the-road\/#primaryimage"},"thumbnailUrl":"https:\/\/www.il-libro.it\/wp-content\/uploads\/2021\/06\/McCarthyRoad.jpg","articleSection":["Literary Club"],"inLanguage":"fr-FR","potentialAction":[{"@type":"CommentAction","name":"Comment","target":["https:\/\/www.il-libro.it\/the-road\/#respond"]}]},{"@type":"Person","@id":"https:\/\/www.il-libro.it\/#\/schema\/person\/6a34e9b4cc72b2d269e1ae45dcb83083","name":"Anna","image":{"@type":"ImageObject","@id":"https:\/\/www.il-libro.it\/#personlogo","inLanguage":"fr-FR","url":"https:\/\/secure.gravatar.com\/avatar\/5446c35a665205777a696408926ad672?s=96&d=mm&r=g","contentUrl":"https:\/\/secure.gravatar.com\/avatar\/5446c35a665205777a696408926ad672?s=96&d=mm&r=g","caption":"Anna"}}]}},"_links":{"self":[{"href":"https:\/\/www.il-libro.it\/fr\/wp-json\/wp\/v2\/posts\/116571"}],"collection":[{"href":"https:\/\/www.il-libro.it\/fr\/wp-json\/wp\/v2\/posts"}],"about":[{"href":"https:\/\/www.il-libro.it\/fr\/wp-json\/wp\/v2\/types\/post"}],"author":[{"embeddable":true,"href":"https:\/\/www.il-libro.it\/fr\/wp-json\/wp\/v2\/users\/5"}],"replies":[{"embeddable":true,"href":"https:\/\/www.il-libro.it\/fr\/wp-json\/wp\/v2\/comments?post=116571"}],"version-history":[{"count":5,"href":"https:\/\/www.il-libro.it\/fr\/wp-json\/wp\/v2\/posts\/116571\/revisions"}],"predecessor-version":[{"id":116652,"href":"https:\/\/www.il-libro.it\/fr\/wp-json\/wp\/v2\/posts\/116571\/revisions\/116652"}],"wp:featuredmedia":[{"embeddable":true,"href":"https:\/\/www.il-libro.it\/fr\/wp-json\/wp\/v2\/media\/116572"}],"wp:attachment":[{"href":"https:\/\/www.il-libro.it\/fr\/wp-json\/wp\/v2\/media?parent=116571"}],"wp:term":[{"taxonomy":"category","embeddable":true,"href":"https:\/\/www.il-libro.it\/fr\/wp-json\/wp\/v2\/categories?post=116571"},{"taxonomy":"post_tag","embeddable":true,"href":"https:\/\/www.il-libro.it\/fr\/wp-json\/wp\/v2\/tags?post=116571"}],"curies":[{"name":"wp","href":"https:\/\/api.w.org\/{rel}","templated":true}]}}