{"id":117817,"date":"2026-03-10T21:00:29","date_gmt":"2026-03-10T20:00:29","guid":{"rendered":"https:\/\/www.il-libro.it\/?p=117817"},"modified":"2026-03-16T20:31:37","modified_gmt":"2026-03-16T19:31:37","slug":"daheim","status":"publish","type":"post","link":"https:\/\/www.il-libro.it\/fr\/daheim\/","title":{"rendered":"Daheim"},"content":{"rendered":"<div style=\"text-align: center;\">\n<p style=\"text-align: left;\"><span class=\"knownFragment\">Unser neues Leitmotiv ist\u00a0\u00a0<\/span><\/p>\n<h3><span style=\"color: #ff0000;\"><strong>Zufall oder Schicksal<br \/>\nWendepunkte im Leben<\/strong><\/span><\/h3>\n<p style=\"text-align: left;\">Sowohl Schicksal wie auch Zufall sind zentrale Themen der Literatur gewesen und sind es immer noch. Wir werden sowohl in Klassiker hineinschnuppern wie auch in aktuellen B\u00fcchern st\u00f6bern. Lassen wir uns beim Lesen der aufgelisteten B\u00fcchern auf eine Reise begeben, um diese Begriffe besser interpretieren zu k\u00f6nnen<\/p>\n<ul>\n<li style=\"text-align: left;\">Dann bleiben wir eben zu Hause! von Renate Bergmann<\/li>\n<li style=\"text-align: left;\">Sternstunden der Menschheit von Stefan Zweig<\/li>\n<li style=\"text-align: left;\">Homo Faber von Max Frisch<\/li>\n<li style=\"text-align: left;\"><span style=\"color: #ff0000;\"><em><strong>Daheim von Judith Hermann<\/strong><\/em><\/span><\/li>\n<li style=\"text-align: left;\">Ansichten eines Clowns von Heinrich B\u00f6ll<\/li>\n<li style=\"text-align: left;\">Reise nach Laredo von Arno Geiger<\/li>\n<li style=\"text-align: left;\">25 letzte Sommer von Stephan Sch\u00e4fer<\/li>\n<li style=\"text-align: left;\">Aller letzte Abend von Jenny Erpenbeck<\/li>\n<li style=\"text-align: left;\">Das Fest von Lucy Fricke<\/li>\n<li style=\"text-align: left;\">Grado im Gl\u00fcck von Andrea Nagele<\/li>\n<\/ul>\n<hr \/>\n<p><em>\u00ab\u00a0I<\/em><em>ch hatte keine Chance.\u00a0\u00bb<\/em><\/p>\n<hr \/>\n<h3><span style=\"color: #000080;\"><strong><span style=\"color: #000080;\"><img class=\"aligncenter wp-image-117818\" src=\"https:\/\/www.il-libro.it\/wp-content\/uploads\/2026\/03\/DaheimHerrmann-197x300.jpg\" alt=\"\" width=\"110\" height=\"167\" srcset=\"https:\/\/www.il-libro.it\/wp-content\/uploads\/2026\/03\/DaheimHerrmann-197x300.jpg 197w, https:\/\/www.il-libro.it\/wp-content\/uploads\/2026\/03\/DaheimHerrmann-674x1024.jpg 674w, https:\/\/www.il-libro.it\/wp-content\/uploads\/2026\/03\/DaheimHerrmann-768x1168.jpg 768w, https:\/\/www.il-libro.it\/wp-content\/uploads\/2026\/03\/DaheimHerrmann-1010x1536.jpg 1010w, https:\/\/www.il-libro.it\/wp-content\/uploads\/2026\/03\/DaheimHerrmann-1347x2048.jpg 1347w, https:\/\/www.il-libro.it\/wp-content\/uploads\/2026\/03\/DaheimHerrmann.jpg 1476w\" sizes=\"(max-width: 110px) 100vw, 110px\" \/>Daheim<\/span><\/strong><\/span><\/h3>\n<h3><span style=\"color: #000080;\"><strong><span style=\"color: #000080;\">von Judith Hermann<\/span><\/strong><\/span><span style=\"color: #000080;\"><strong><br \/>\n<\/strong><\/span><\/h3>\n<h3 style=\"text-align: center;\"><span style=\"color: #000080;\"><strong><span style=\"color: #ff0000;\"><b>Literaturtreffen<br \/>\nam 25. M\u00e4rz 2026<br \/>\num 19 Uhr<\/b><\/span><\/strong><\/span><\/h3>\n<h3 style=\"text-align: center;\"><span style=\"color: #000080;\"><strong><span style=\"color: #ff0000;\">ONLINE mit <em>anna e il libro<\/em><\/span><\/strong><\/span><\/h3>\n<\/div>\n<p>Judith Hermann erz\u00e4hlt in ihrem Bestsellerroman \u00bb<em>Daheim<\/em>\u00ab von einem Aufbruch: Eine alte Welt geht verloren und eine neue entsteht.<\/p>\n<p>Sie hat ihr fr\u00fcheres Leben hinter sich gelassen, ist ans Meer gezogen, in ein Haus f\u00fcr sich. Ihrem Exmann schreibt sie kleine Briefe, in denen sie erz\u00e4hlt, wie es ihr geht, in diesem neuen Leben im Norden. Sie schlie\u00dft vorsichtige Freundschaften, versucht eine Affaire, fragt sich, ob sie heimisch werden k\u00f6nnte oder ob sie weiterziehen soll. Judith Hermann erz\u00e4hlt von einer Frau, die vieles hinter sich l\u00e4sst, Widerstandskraft entwickelt und in der intensiven Landschaft an der K\u00fcste eine andere wird. Sie erz\u00e4hlt von der Erinnerung. Und von der Geschichte des Augenblicks, in dem das Leben sich teilt, eine alte Welt verlorengeht und eine neue entsteht.<\/p>\n<p>Wir freuen uns sehr auf Ihre\/ Eure Anmeldung zu unserem Literaturabend.<\/p>\n<p>Mit einer Nachricht an <a href=\"mailto:info@il-libro.it\" target=\"_blank\" rel=\"noopener\">info@il-libro.it<\/a> k\u00f6nnen Sie sich anmelden und Sie bekommen den Zugangscode per Mail.<\/p>\n","protected":false},"excerpt":{"rendered":"<p>Unser neues Leitmotiv ist\u00a0\u00a0 Zufall oder Schicksal Wendepunkte im Leben Sowohl Schicksal wie auch Zufall sind zentrale Themen der Literatur gewesen und sind es immer noch. Wir werden sowohl in Klassiker hineinschnuppern wie auch in aktuellen B\u00fcchern st\u00f6bern. Lassen wir uns beim Lesen der aufgelisteten B\u00fcchern auf eine Reise begeben, um diese Begriffe besser interpretieren&hellip;<\/p>\n","protected":false},"author":3,"featured_media":117818,"comment_status":"open","ping_status":"open","sticky":false,"template":"","format":"standard","meta":[],"categories":[289],"tags":[],"yoast_head":"<!-- This site is optimized with the Yoast SEO plugin v17.2.1 - https:\/\/yoast.com\/wordpress\/plugins\/seo\/ -->\n<title>Daheim - Il Libro - Libreria Internazionale<\/title>\n<meta name=\"description\" content=\"Unter dem Motto &quot;Schicksal oder Zufall&quot; besprechen wir &quot;Daheim&quot; von Judith Hermann.\" \/>\n<meta name=\"robots\" content=\"index, follow, max-snippet:-1, max-image-preview:large, max-video-preview:-1\" \/>\n<link rel=\"canonical\" href=\"https:\/\/www.il-libro.it\/fr\/daheim\/\" \/>\n<meta property=\"og:locale\" content=\"fr_FR\" \/>\n<meta property=\"og:type\" content=\"article\" \/>\n<meta property=\"og:title\" content=\"Daheim - Il Libro - Libreria Internazionale\" \/>\n<meta property=\"og:description\" content=\"Unter dem Motto &quot;Schicksal oder Zufall&quot; besprechen wir &quot;Daheim&quot; von Judith Hermann.\" \/>\n<meta property=\"og:url\" content=\"https:\/\/www.il-libro.it\/daheim\/\" \/>\n<meta property=\"og:site_name\" content=\"Il Libro - Libreria Internazionale\" \/>\n<meta property=\"article:publisher\" content=\"https:\/\/www.facebook.com\/IL-LIBRO-Libreria-Internazionale-2127680667458029\/?fref=ts\" \/>\n<meta property=\"article:published_time\" content=\"2026-03-10T20:00:29+00:00\" \/>\n<meta property=\"article:modified_time\" content=\"2026-03-16T19:31:37+00:00\" \/>\n<meta property=\"og:image\" content=\"https:\/\/www.il-libro.it\/wp-content\/uploads\/2026\/03\/DaheimHerrmann.jpg\" \/>\n\t<meta property=\"og:image:width\" content=\"1476\" \/>\n\t<meta property=\"og:image:height\" content=\"2244\" \/>\n<meta name=\"twitter:card\" content=\"summary_large_image\" \/>\n<meta name=\"twitter:label1\" content=\"\u00c9crit par\" \/>\n\t<meta name=\"twitter:data1\" content=\"Marco Gironi\" \/>\n\t<meta name=\"twitter:label2\" content=\"Dur\u00e9e de lecture estim\u00e9e\" \/>\n\t<meta name=\"twitter:data2\" content=\"2 minutes\" \/>\n<script type=\"application\/ld+json\" class=\"yoast-schema-graph\">{\"@context\":\"https:\/\/schema.org\",\"@graph\":[{\"@type\":\"Organization\",\"@id\":\"https:\/\/www.il-libro.it\/#organization\",\"name\":\"il libro libreria internazionale\",\"url\":\"https:\/\/www.il-libro.it\/\",\"sameAs\":[\"https:\/\/www.facebook.com\/IL-LIBRO-Libreria-Internazionale-2127680667458029\/?fref=ts\",\"https:\/\/www.instagram.com\/il.libro.internazionale\/\"],\"logo\":{\"@type\":\"ImageObject\",\"@id\":\"https:\/\/www.il-libro.it\/#logo\",\"inLanguage\":\"fr-FR\",\"url\":\"https:\/\/www.il-libro.it\/wp-content\/uploads\/2017\/03\/logo.png\",\"contentUrl\":\"https:\/\/www.il-libro.it\/wp-content\/uploads\/2017\/03\/logo.png\",\"width\":180,\"height\":90,\"caption\":\"il libro libreria internazionale\"},\"image\":{\"@id\":\"https:\/\/www.il-libro.it\/#logo\"}},{\"@type\":\"WebSite\",\"@id\":\"https:\/\/www.il-libro.it\/#website\",\"url\":\"https:\/\/www.il-libro.it\/\",\"name\":\"Il Libro - Libreria Internazionale\",\"description\":\"Benvenuti nella libreria internazionale\",\"publisher\":{\"@id\":\"https:\/\/www.il-libro.it\/#organization\"},\"potentialAction\":[{\"@type\":\"SearchAction\",\"target\":{\"@type\":\"EntryPoint\",\"urlTemplate\":\"https:\/\/www.il-libro.it\/?s={search_term_string}\"},\"query-input\":\"required name=search_term_string\"}],\"inLanguage\":\"fr-FR\"},{\"@type\":\"ImageObject\",\"@id\":\"https:\/\/www.il-libro.it\/daheim\/#primaryimage\",\"inLanguage\":\"fr-FR\",\"url\":\"https:\/\/www.il-libro.it\/wp-content\/uploads\/2026\/03\/DaheimHerrmann.jpg\",\"contentUrl\":\"https:\/\/www.il-libro.it\/wp-content\/uploads\/2026\/03\/DaheimHerrmann.jpg\",\"width\":1476,\"height\":2244},{\"@type\":\"WebPage\",\"@id\":\"https:\/\/www.il-libro.it\/daheim\/#webpage\",\"url\":\"https:\/\/www.il-libro.it\/daheim\/\",\"name\":\"Daheim - Il Libro - Libreria Internazionale\",\"isPartOf\":{\"@id\":\"https:\/\/www.il-libro.it\/#website\"},\"primaryImageOfPage\":{\"@id\":\"https:\/\/www.il-libro.it\/daheim\/#primaryimage\"},\"datePublished\":\"2026-03-10T20:00:29+00:00\",\"dateModified\":\"2026-03-16T19:31:37+00:00\",\"description\":\"Unter dem Motto \\\"Schicksal oder Zufall\\\" besprechen wir \\\"Daheim\\\" von Judith Hermann.\",\"breadcrumb\":{\"@id\":\"https:\/\/www.il-libro.it\/daheim\/#breadcrumb\"},\"inLanguage\":\"fr-FR\",\"potentialAction\":[{\"@type\":\"ReadAction\",\"target\":[\"https:\/\/www.il-libro.it\/daheim\/\"]}]},{\"@type\":\"BreadcrumbList\",\"@id\":\"https:\/\/www.il-libro.it\/daheim\/#breadcrumb\",\"itemListElement\":[{\"@type\":\"ListItem\",\"position\":1,\"name\":\"Home\",\"item\":\"https:\/\/www.il-libro.it\/fr\/\"},{\"@type\":\"ListItem\",\"position\":2,\"name\":\"Daheim\"}]},{\"@type\":\"Article\",\"@id\":\"https:\/\/www.il-libro.it\/daheim\/#article\",\"isPartOf\":{\"@id\":\"https:\/\/www.il-libro.it\/daheim\/#webpage\"},\"author\":{\"@id\":\"https:\/\/www.il-libro.it\/#\/schema\/person\/eb036c9c1b4b3eeb29c0bcdf70429db9\"},\"headline\":\"Daheim\",\"datePublished\":\"2026-03-10T20:00:29+00:00\",\"dateModified\":\"2026-03-16T19:31:37+00:00\",\"mainEntityOfPage\":{\"@id\":\"https:\/\/www.il-libro.it\/daheim\/#webpage\"},\"wordCount\":307,\"commentCount\":0,\"publisher\":{\"@id\":\"https:\/\/www.il-libro.it\/#organization\"},\"image\":{\"@id\":\"https:\/\/www.il-libro.it\/daheim\/#primaryimage\"},\"thumbnailUrl\":\"https:\/\/www.il-libro.it\/wp-content\/uploads\/2026\/03\/DaheimHerrmann.jpg\",\"articleSection\":[\"Literaturtreffen\"],\"inLanguage\":\"fr-FR\",\"potentialAction\":[{\"@type\":\"CommentAction\",\"name\":\"Comment\",\"target\":[\"https:\/\/www.il-libro.it\/daheim\/#respond\"]}]},{\"@type\":\"Person\",\"@id\":\"https:\/\/www.il-libro.it\/#\/schema\/person\/eb036c9c1b4b3eeb29c0bcdf70429db9\",\"name\":\"Marco Gironi\",\"image\":{\"@type\":\"ImageObject\",\"@id\":\"https:\/\/www.il-libro.it\/#personlogo\",\"inLanguage\":\"fr-FR\",\"url\":\"https:\/\/secure.gravatar.com\/avatar\/59de39c8c798f6ff42f67487686c1929?s=96&d=mm&r=g\",\"contentUrl\":\"https:\/\/secure.gravatar.com\/avatar\/59de39c8c798f6ff42f67487686c1929?s=96&d=mm&r=g\",\"caption\":\"Marco Gironi\"}}]}<\/script>\n<!-- \/ Yoast SEO plugin. -->","yoast_head_json":{"title":"Daheim - Il Libro - Libreria Internazionale","description":"Unter dem Motto \"Schicksal oder Zufall\" besprechen wir \"Daheim\" von Judith Hermann.","robots":{"index":"index","follow":"follow","max-snippet":"max-snippet:-1","max-image-preview":"max-image-preview:large","max-video-preview":"max-video-preview:-1"},"canonical":"https:\/\/www.il-libro.it\/fr\/daheim\/","og_locale":"fr_FR","og_type":"article","og_title":"Daheim - Il Libro - Libreria Internazionale","og_description":"Unter dem Motto \"Schicksal oder Zufall\" besprechen wir \"Daheim\" von Judith Hermann.","og_url":"https:\/\/www.il-libro.it\/daheim\/","og_site_name":"Il Libro - Libreria Internazionale","article_publisher":"https:\/\/www.facebook.com\/IL-LIBRO-Libreria-Internazionale-2127680667458029\/?fref=ts","article_published_time":"2026-03-10T20:00:29+00:00","article_modified_time":"2026-03-16T19:31:37+00:00","og_image":[{"width":1476,"height":2244,"url":"https:\/\/www.il-libro.it\/wp-content\/uploads\/2026\/03\/DaheimHerrmann.jpg","path":"\/var\/www\/vhosts\/il-libro.it\/httpdocs\/wp-content\/uploads\/2026\/03\/DaheimHerrmann.jpg","size":"full","id":117818,"alt":"","pixels":3312144,"type":"image\/jpeg"}],"twitter_card":"summary_large_image","twitter_misc":{"\u00c9crit par":"Marco Gironi","Dur\u00e9e de lecture estim\u00e9e":"2 minutes"},"schema":{"@context":"https:\/\/schema.org","@graph":[{"@type":"Organization","@id":"https:\/\/www.il-libro.it\/#organization","name":"il libro libreria internazionale","url":"https:\/\/www.il-libro.it\/","sameAs":["https:\/\/www.facebook.com\/IL-LIBRO-Libreria-Internazionale-2127680667458029\/?fref=ts","https:\/\/www.instagram.com\/il.libro.internazionale\/"],"logo":{"@type":"ImageObject","@id":"https:\/\/www.il-libro.it\/#logo","inLanguage":"fr-FR","url":"https:\/\/www.il-libro.it\/wp-content\/uploads\/2017\/03\/logo.png","contentUrl":"https:\/\/www.il-libro.it\/wp-content\/uploads\/2017\/03\/logo.png","width":180,"height":90,"caption":"il libro libreria internazionale"},"image":{"@id":"https:\/\/www.il-libro.it\/#logo"}},{"@type":"WebSite","@id":"https:\/\/www.il-libro.it\/#website","url":"https:\/\/www.il-libro.it\/","name":"Il Libro - Libreria Internazionale","description":"Benvenuti nella libreria internazionale","publisher":{"@id":"https:\/\/www.il-libro.it\/#organization"},"potentialAction":[{"@type":"SearchAction","target":{"@type":"EntryPoint","urlTemplate":"https:\/\/www.il-libro.it\/?s={search_term_string}"},"query-input":"required name=search_term_string"}],"inLanguage":"fr-FR"},{"@type":"ImageObject","@id":"https:\/\/www.il-libro.it\/daheim\/#primaryimage","inLanguage":"fr-FR","url":"https:\/\/www.il-libro.it\/wp-content\/uploads\/2026\/03\/DaheimHerrmann.jpg","contentUrl":"https:\/\/www.il-libro.it\/wp-content\/uploads\/2026\/03\/DaheimHerrmann.jpg","width":1476,"height":2244},{"@type":"WebPage","@id":"https:\/\/www.il-libro.it\/daheim\/#webpage","url":"https:\/\/www.il-libro.it\/daheim\/","name":"Daheim - Il Libro - Libreria Internazionale","isPartOf":{"@id":"https:\/\/www.il-libro.it\/#website"},"primaryImageOfPage":{"@id":"https:\/\/www.il-libro.it\/daheim\/#primaryimage"},"datePublished":"2026-03-10T20:00:29+00:00","dateModified":"2026-03-16T19:31:37+00:00","description":"Unter dem Motto \"Schicksal oder Zufall\" besprechen wir \"Daheim\" von Judith Hermann.","breadcrumb":{"@id":"https:\/\/www.il-libro.it\/daheim\/#breadcrumb"},"inLanguage":"fr-FR","potentialAction":[{"@type":"ReadAction","target":["https:\/\/www.il-libro.it\/daheim\/"]}]},{"@type":"BreadcrumbList","@id":"https:\/\/www.il-libro.it\/daheim\/#breadcrumb","itemListElement":[{"@type":"ListItem","position":1,"name":"Home","item":"https:\/\/www.il-libro.it\/fr\/"},{"@type":"ListItem","position":2,"name":"Daheim"}]},{"@type":"Article","@id":"https:\/\/www.il-libro.it\/daheim\/#article","isPartOf":{"@id":"https:\/\/www.il-libro.it\/daheim\/#webpage"},"author":{"@id":"https:\/\/www.il-libro.it\/#\/schema\/person\/eb036c9c1b4b3eeb29c0bcdf70429db9"},"headline":"Daheim","datePublished":"2026-03-10T20:00:29+00:00","dateModified":"2026-03-16T19:31:37+00:00","mainEntityOfPage":{"@id":"https:\/\/www.il-libro.it\/daheim\/#webpage"},"wordCount":307,"commentCount":0,"publisher":{"@id":"https:\/\/www.il-libro.it\/#organization"},"image":{"@id":"https:\/\/www.il-libro.it\/daheim\/#primaryimage"},"thumbnailUrl":"https:\/\/www.il-libro.it\/wp-content\/uploads\/2026\/03\/DaheimHerrmann.jpg","articleSection":["Literaturtreffen"],"inLanguage":"fr-FR","potentialAction":[{"@type":"CommentAction","name":"Comment","target":["https:\/\/www.il-libro.it\/daheim\/#respond"]}]},{"@type":"Person","@id":"https:\/\/www.il-libro.it\/#\/schema\/person\/eb036c9c1b4b3eeb29c0bcdf70429db9","name":"Marco Gironi","image":{"@type":"ImageObject","@id":"https:\/\/www.il-libro.it\/#personlogo","inLanguage":"fr-FR","url":"https:\/\/secure.gravatar.com\/avatar\/59de39c8c798f6ff42f67487686c1929?s=96&d=mm&r=g","contentUrl":"https:\/\/secure.gravatar.com\/avatar\/59de39c8c798f6ff42f67487686c1929?s=96&d=mm&r=g","caption":"Marco Gironi"}}]}},"_links":{"self":[{"href":"https:\/\/www.il-libro.it\/fr\/wp-json\/wp\/v2\/posts\/117817"}],"collection":[{"href":"https:\/\/www.il-libro.it\/fr\/wp-json\/wp\/v2\/posts"}],"about":[{"href":"https:\/\/www.il-libro.it\/fr\/wp-json\/wp\/v2\/types\/post"}],"author":[{"embeddable":true,"href":"https:\/\/www.il-libro.it\/fr\/wp-json\/wp\/v2\/users\/3"}],"replies":[{"embeddable":true,"href":"https:\/\/www.il-libro.it\/fr\/wp-json\/wp\/v2\/comments?post=117817"}],"version-history":[{"count":1,"href":"https:\/\/www.il-libro.it\/fr\/wp-json\/wp\/v2\/posts\/117817\/revisions"}],"predecessor-version":[{"id":117823,"href":"https:\/\/www.il-libro.it\/fr\/wp-json\/wp\/v2\/posts\/117817\/revisions\/117823"}],"wp:featuredmedia":[{"embeddable":true,"href":"https:\/\/www.il-libro.it\/fr\/wp-json\/wp\/v2\/media\/117818"}],"wp:attachment":[{"href":"https:\/\/www.il-libro.it\/fr\/wp-json\/wp\/v2\/media?parent=117817"}],"wp:term":[{"taxonomy":"category","embeddable":true,"href":"https:\/\/www.il-libro.it\/fr\/wp-json\/wp\/v2\/categories?post=117817"},{"taxonomy":"post_tag","embeddable":true,"href":"https:\/\/www.il-libro.it\/fr\/wp-json\/wp\/v2\/tags?post=117817"}],"curies":[{"name":"wp","href":"https:\/\/api.w.org\/{rel}","templated":true}]}}