{"id":9915,"date":"2017-10-16T18:14:27","date_gmt":"2017-10-16T16:14:27","guid":{"rendered":"http:\/\/www.il-libro.it\/?p=9915"},"modified":"2019-05-20T11:26:04","modified_gmt":"2019-05-20T09:26:04","slug":"la-borra-del-cafe","status":"publish","type":"post","link":"https:\/\/www.il-libro.it\/fr\/la-borra-del-cafe\/","title":{"rendered":"La borra del caf\u00e9"},"content":{"rendered":"<p><em><span id=\"freeText8660145521874386456\">Benedetti<\/span> Mario<\/em><\/p>\n<p><span id=\"freeText8660145521874386456\">Claudio retrocede hasta volver a ser un ni\u00f1o de cinco a\u00f1os y rescata del pasado las an\u00e9cdotas, las personas y los acontecimientos hist\u00f3ricos que marcaron su vida. La mirada de Benedetti se detiene en historias que llaman a la reflexi\u00f3n, y ofrece otras que todos podr\u00edamos reconocer como claves en la vida de un ni\u00f1o, de un adolescente o de un adulto: la desolaci\u00f3n ante la muerte de la madre, el descubrimiento del amor, el acercamiento al sexo, la conciencia social, la experiencia del goce y la asunci\u00f3n del dolor. En suma, el paso que dejan los a\u00f1os y las personas a las que amamos, y que fundamenta nuestra trayectoria existencial.<\/span><\/p>\n","protected":false},"excerpt":{"rendered":"<p>Benedetti Mario Claudio retrocede hasta volver a ser un ni\u00f1o de cinco a\u00f1os y rescata del pasado las an\u00e9cdotas, las personas y los acontecimientos hist\u00f3ricos que marcaron su vida. La mirada de Benedetti se detiene en historias que llaman a la reflexi\u00f3n, y ofrece otras que todos podr\u00edamos reconocer como claves en la vida de&hellip;<\/p>\n","protected":false},"author":3,"featured_media":102147,"comment_status":"open","ping_status":"open","sticky":false,"template":"","format":"standard","meta":[],"categories":[269],"tags":[],"yoast_head":"<!-- This site is optimized with the Yoast SEO plugin v17.2.1 - https:\/\/yoast.com\/wordpress\/plugins\/seo\/ -->\n<title>La borra del caf\u00e9 - Il Libro - Libreria Internazionale<\/title>\n<meta name=\"robots\" content=\"index, follow, max-snippet:-1, max-image-preview:large, max-video-preview:-1\" \/>\n<link rel=\"canonical\" href=\"https:\/\/www.il-libro.it\/fr\/la-borra-del-cafe\/\" \/>\n<meta property=\"og:locale\" content=\"fr_FR\" \/>\n<meta property=\"og:type\" content=\"article\" \/>\n<meta property=\"og:title\" content=\"La borra del caf\u00e9 - Il Libro - Libreria Internazionale\" \/>\n<meta property=\"og:description\" content=\"Benedetti Mario Claudio retrocede hasta volver a ser un ni\u00f1o de cinco a\u00f1os y rescata del pasado las an\u00e9cdotas, las personas y los acontecimientos hist\u00f3ricos que marcaron su vida. La mirada de Benedetti se detiene en historias que llaman a la reflexi\u00f3n, y ofrece otras que todos podr\u00edamos reconocer como claves en la vida de&hellip;\" \/>\n<meta property=\"og:url\" content=\"https:\/\/www.il-libro.it\/la-borra-del-cafe\/\" \/>\n<meta property=\"og:site_name\" content=\"Il Libro - Libreria Internazionale\" \/>\n<meta property=\"article:publisher\" content=\"https:\/\/www.facebook.com\/IL-LIBRO-Libreria-Internazionale-2127680667458029\/?fref=ts\" \/>\n<meta property=\"article:published_time\" content=\"2017-10-16T16:14:27+00:00\" \/>\n<meta property=\"article:modified_time\" content=\"2019-05-20T09:26:04+00:00\" \/>\n<meta property=\"og:image\" content=\"https:\/\/www.il-libro.it\/wp-content\/uploads\/2017\/10\/BenedettiCafe.jpg\" \/>\n\t<meta property=\"og:image:width\" content=\"1400\" \/>\n\t<meta property=\"og:image:height\" content=\"2125\" \/>\n<meta name=\"twitter:card\" content=\"summary_large_image\" \/>\n<meta name=\"twitter:label1\" content=\"\u00c9crit par\" \/>\n\t<meta name=\"twitter:data1\" content=\"Marco Gironi\" \/>\n\t<meta name=\"twitter:label2\" content=\"Dur\u00e9e de lecture estim\u00e9e\" \/>\n\t<meta name=\"twitter:data2\" content=\"1 minute\" \/>\n<script type=\"application\/ld+json\" class=\"yoast-schema-graph\">{\"@context\":\"https:\/\/schema.org\",\"@graph\":[{\"@type\":\"Organization\",\"@id\":\"https:\/\/www.il-libro.it\/#organization\",\"name\":\"il libro libreria internazionale\",\"url\":\"https:\/\/www.il-libro.it\/\",\"sameAs\":[\"https:\/\/www.facebook.com\/IL-LIBRO-Libreria-Internazionale-2127680667458029\/?fref=ts\",\"https:\/\/www.instagram.com\/il.libro.internazionale\/\"],\"logo\":{\"@type\":\"ImageObject\",\"@id\":\"https:\/\/www.il-libro.it\/#logo\",\"inLanguage\":\"fr-FR\",\"url\":\"https:\/\/www.il-libro.it\/wp-content\/uploads\/2017\/03\/logo.png\",\"contentUrl\":\"https:\/\/www.il-libro.it\/wp-content\/uploads\/2017\/03\/logo.png\",\"width\":180,\"height\":90,\"caption\":\"il libro libreria internazionale\"},\"image\":{\"@id\":\"https:\/\/www.il-libro.it\/#logo\"}},{\"@type\":\"WebSite\",\"@id\":\"https:\/\/www.il-libro.it\/#website\",\"url\":\"https:\/\/www.il-libro.it\/\",\"name\":\"Il Libro - Libreria Internazionale\",\"description\":\"Benvenuti nella libreria internazionale\",\"publisher\":{\"@id\":\"https:\/\/www.il-libro.it\/#organization\"},\"potentialAction\":[{\"@type\":\"SearchAction\",\"target\":{\"@type\":\"EntryPoint\",\"urlTemplate\":\"https:\/\/www.il-libro.it\/?s={search_term_string}\"},\"query-input\":\"required name=search_term_string\"}],\"inLanguage\":\"fr-FR\"},{\"@type\":\"ImageObject\",\"@id\":\"https:\/\/www.il-libro.it\/la-borra-del-cafe\/#primaryimage\",\"inLanguage\":\"fr-FR\",\"url\":\"https:\/\/www.il-libro.it\/wp-content\/uploads\/2017\/10\/BenedettiCafe.jpg\",\"contentUrl\":\"https:\/\/www.il-libro.it\/wp-content\/uploads\/2017\/10\/BenedettiCafe.jpg\",\"width\":1400,\"height\":2125},{\"@type\":\"WebPage\",\"@id\":\"https:\/\/www.il-libro.it\/la-borra-del-cafe\/#webpage\",\"url\":\"https:\/\/www.il-libro.it\/la-borra-del-cafe\/\",\"name\":\"La borra del caf\\u00e9 - Il Libro - Libreria Internazionale\",\"isPartOf\":{\"@id\":\"https:\/\/www.il-libro.it\/#website\"},\"primaryImageOfPage\":{\"@id\":\"https:\/\/www.il-libro.it\/la-borra-del-cafe\/#primaryimage\"},\"datePublished\":\"2017-10-16T16:14:27+00:00\",\"dateModified\":\"2019-05-20T09:26:04+00:00\",\"breadcrumb\":{\"@id\":\"https:\/\/www.il-libro.it\/la-borra-del-cafe\/#breadcrumb\"},\"inLanguage\":\"fr-FR\",\"potentialAction\":[{\"@type\":\"ReadAction\",\"target\":[\"https:\/\/www.il-libro.it\/la-borra-del-cafe\/\"]}]},{\"@type\":\"BreadcrumbList\",\"@id\":\"https:\/\/www.il-libro.it\/la-borra-del-cafe\/#breadcrumb\",\"itemListElement\":[{\"@type\":\"ListItem\",\"position\":1,\"name\":\"Home\",\"item\":\"https:\/\/www.il-libro.it\/fr\/\"},{\"@type\":\"ListItem\",\"position\":2,\"name\":\"La borra del caf\\u00e9\"}]},{\"@type\":\"Article\",\"@id\":\"https:\/\/www.il-libro.it\/la-borra-del-cafe\/#article\",\"isPartOf\":{\"@id\":\"https:\/\/www.il-libro.it\/la-borra-del-cafe\/#webpage\"},\"author\":{\"@id\":\"https:\/\/www.il-libro.it\/#\/schema\/person\/eb036c9c1b4b3eeb29c0bcdf70429db9\"},\"headline\":\"La borra del caf\\u00e9\",\"datePublished\":\"2017-10-16T16:14:27+00:00\",\"dateModified\":\"2019-05-20T09:26:04+00:00\",\"mainEntityOfPage\":{\"@id\":\"https:\/\/www.il-libro.it\/la-borra-del-cafe\/#webpage\"},\"wordCount\":127,\"commentCount\":0,\"publisher\":{\"@id\":\"https:\/\/www.il-libro.it\/#organization\"},\"image\":{\"@id\":\"https:\/\/www.il-libro.it\/la-borra-del-cafe\/#primaryimage\"},\"thumbnailUrl\":\"https:\/\/www.il-libro.it\/wp-content\/uploads\/2017\/10\/BenedettiCafe.jpg\",\"articleSection\":[\"El placer de la lectura\"],\"inLanguage\":\"fr-FR\",\"potentialAction\":[{\"@type\":\"CommentAction\",\"name\":\"Comment\",\"target\":[\"https:\/\/www.il-libro.it\/la-borra-del-cafe\/#respond\"]}]},{\"@type\":\"Person\",\"@id\":\"https:\/\/www.il-libro.it\/#\/schema\/person\/eb036c9c1b4b3eeb29c0bcdf70429db9\",\"name\":\"Marco Gironi\",\"image\":{\"@type\":\"ImageObject\",\"@id\":\"https:\/\/www.il-libro.it\/#personlogo\",\"inLanguage\":\"fr-FR\",\"url\":\"https:\/\/secure.gravatar.com\/avatar\/59de39c8c798f6ff42f67487686c1929?s=96&d=mm&r=g\",\"contentUrl\":\"https:\/\/secure.gravatar.com\/avatar\/59de39c8c798f6ff42f67487686c1929?s=96&d=mm&r=g\",\"caption\":\"Marco Gironi\"}}]}<\/script>\n<!-- \/ Yoast SEO plugin. -->","yoast_head_json":{"title":"La borra del caf\u00e9 - Il Libro - Libreria Internazionale","robots":{"index":"index","follow":"follow","max-snippet":"max-snippet:-1","max-image-preview":"max-image-preview:large","max-video-preview":"max-video-preview:-1"},"canonical":"https:\/\/www.il-libro.it\/fr\/la-borra-del-cafe\/","og_locale":"fr_FR","og_type":"article","og_title":"La borra del caf\u00e9 - Il Libro - Libreria Internazionale","og_description":"Benedetti Mario Claudio retrocede hasta volver a ser un ni\u00f1o de cinco a\u00f1os y rescata del pasado las an\u00e9cdotas, las personas y los acontecimientos hist\u00f3ricos que marcaron su vida. La mirada de Benedetti se detiene en historias que llaman a la reflexi\u00f3n, y ofrece otras que todos podr\u00edamos reconocer como claves en la vida de&hellip;","og_url":"https:\/\/www.il-libro.it\/la-borra-del-cafe\/","og_site_name":"Il Libro - Libreria Internazionale","article_publisher":"https:\/\/www.facebook.com\/IL-LIBRO-Libreria-Internazionale-2127680667458029\/?fref=ts","article_published_time":"2017-10-16T16:14:27+00:00","article_modified_time":"2019-05-20T09:26:04+00:00","og_image":[{"width":1400,"height":2125,"url":"https:\/\/www.il-libro.it\/wp-content\/uploads\/2017\/10\/BenedettiCafe.jpg","path":"\/var\/www\/vhosts\/il-libro.it\/httpdocs\/wp-content\/uploads\/2017\/10\/BenedettiCafe.jpg","size":"full","id":102147,"alt":"","pixels":2975000,"type":"image\/jpeg"}],"twitter_card":"summary_large_image","twitter_misc":{"\u00c9crit par":"Marco Gironi","Dur\u00e9e de lecture estim\u00e9e":"1 minute"},"schema":{"@context":"https:\/\/schema.org","@graph":[{"@type":"Organization","@id":"https:\/\/www.il-libro.it\/#organization","name":"il libro libreria internazionale","url":"https:\/\/www.il-libro.it\/","sameAs":["https:\/\/www.facebook.com\/IL-LIBRO-Libreria-Internazionale-2127680667458029\/?fref=ts","https:\/\/www.instagram.com\/il.libro.internazionale\/"],"logo":{"@type":"ImageObject","@id":"https:\/\/www.il-libro.it\/#logo","inLanguage":"fr-FR","url":"https:\/\/www.il-libro.it\/wp-content\/uploads\/2017\/03\/logo.png","contentUrl":"https:\/\/www.il-libro.it\/wp-content\/uploads\/2017\/03\/logo.png","width":180,"height":90,"caption":"il libro libreria internazionale"},"image":{"@id":"https:\/\/www.il-libro.it\/#logo"}},{"@type":"WebSite","@id":"https:\/\/www.il-libro.it\/#website","url":"https:\/\/www.il-libro.it\/","name":"Il Libro - Libreria Internazionale","description":"Benvenuti nella libreria internazionale","publisher":{"@id":"https:\/\/www.il-libro.it\/#organization"},"potentialAction":[{"@type":"SearchAction","target":{"@type":"EntryPoint","urlTemplate":"https:\/\/www.il-libro.it\/?s={search_term_string}"},"query-input":"required name=search_term_string"}],"inLanguage":"fr-FR"},{"@type":"ImageObject","@id":"https:\/\/www.il-libro.it\/la-borra-del-cafe\/#primaryimage","inLanguage":"fr-FR","url":"https:\/\/www.il-libro.it\/wp-content\/uploads\/2017\/10\/BenedettiCafe.jpg","contentUrl":"https:\/\/www.il-libro.it\/wp-content\/uploads\/2017\/10\/BenedettiCafe.jpg","width":1400,"height":2125},{"@type":"WebPage","@id":"https:\/\/www.il-libro.it\/la-borra-del-cafe\/#webpage","url":"https:\/\/www.il-libro.it\/la-borra-del-cafe\/","name":"La borra del caf\u00e9 - Il Libro - Libreria Internazionale","isPartOf":{"@id":"https:\/\/www.il-libro.it\/#website"},"primaryImageOfPage":{"@id":"https:\/\/www.il-libro.it\/la-borra-del-cafe\/#primaryimage"},"datePublished":"2017-10-16T16:14:27+00:00","dateModified":"2019-05-20T09:26:04+00:00","breadcrumb":{"@id":"https:\/\/www.il-libro.it\/la-borra-del-cafe\/#breadcrumb"},"inLanguage":"fr-FR","potentialAction":[{"@type":"ReadAction","target":["https:\/\/www.il-libro.it\/la-borra-del-cafe\/"]}]},{"@type":"BreadcrumbList","@id":"https:\/\/www.il-libro.it\/la-borra-del-cafe\/#breadcrumb","itemListElement":[{"@type":"ListItem","position":1,"name":"Home","item":"https:\/\/www.il-libro.it\/fr\/"},{"@type":"ListItem","position":2,"name":"La borra del caf\u00e9"}]},{"@type":"Article","@id":"https:\/\/www.il-libro.it\/la-borra-del-cafe\/#article","isPartOf":{"@id":"https:\/\/www.il-libro.it\/la-borra-del-cafe\/#webpage"},"author":{"@id":"https:\/\/www.il-libro.it\/#\/schema\/person\/eb036c9c1b4b3eeb29c0bcdf70429db9"},"headline":"La borra del caf\u00e9","datePublished":"2017-10-16T16:14:27+00:00","dateModified":"2019-05-20T09:26:04+00:00","mainEntityOfPage":{"@id":"https:\/\/www.il-libro.it\/la-borra-del-cafe\/#webpage"},"wordCount":127,"commentCount":0,"publisher":{"@id":"https:\/\/www.il-libro.it\/#organization"},"image":{"@id":"https:\/\/www.il-libro.it\/la-borra-del-cafe\/#primaryimage"},"thumbnailUrl":"https:\/\/www.il-libro.it\/wp-content\/uploads\/2017\/10\/BenedettiCafe.jpg","articleSection":["El placer de la lectura"],"inLanguage":"fr-FR","potentialAction":[{"@type":"CommentAction","name":"Comment","target":["https:\/\/www.il-libro.it\/la-borra-del-cafe\/#respond"]}]},{"@type":"Person","@id":"https:\/\/www.il-libro.it\/#\/schema\/person\/eb036c9c1b4b3eeb29c0bcdf70429db9","name":"Marco Gironi","image":{"@type":"ImageObject","@id":"https:\/\/www.il-libro.it\/#personlogo","inLanguage":"fr-FR","url":"https:\/\/secure.gravatar.com\/avatar\/59de39c8c798f6ff42f67487686c1929?s=96&d=mm&r=g","contentUrl":"https:\/\/secure.gravatar.com\/avatar\/59de39c8c798f6ff42f67487686c1929?s=96&d=mm&r=g","caption":"Marco Gironi"}}]}},"_links":{"self":[{"href":"https:\/\/www.il-libro.it\/fr\/wp-json\/wp\/v2\/posts\/9915"}],"collection":[{"href":"https:\/\/www.il-libro.it\/fr\/wp-json\/wp\/v2\/posts"}],"about":[{"href":"https:\/\/www.il-libro.it\/fr\/wp-json\/wp\/v2\/types\/post"}],"author":[{"embeddable":true,"href":"https:\/\/www.il-libro.it\/fr\/wp-json\/wp\/v2\/users\/3"}],"replies":[{"embeddable":true,"href":"https:\/\/www.il-libro.it\/fr\/wp-json\/wp\/v2\/comments?post=9915"}],"version-history":[{"count":0,"href":"https:\/\/www.il-libro.it\/fr\/wp-json\/wp\/v2\/posts\/9915\/revisions"}],"wp:featuredmedia":[{"embeddable":true,"href":"https:\/\/www.il-libro.it\/fr\/wp-json\/wp\/v2\/media\/102147"}],"wp:attachment":[{"href":"https:\/\/www.il-libro.it\/fr\/wp-json\/wp\/v2\/media?parent=9915"}],"wp:term":[{"taxonomy":"category","embeddable":true,"href":"https:\/\/www.il-libro.it\/fr\/wp-json\/wp\/v2\/categories?post=9915"},{"taxonomy":"post_tag","embeddable":true,"href":"https:\/\/www.il-libro.it\/fr\/wp-json\/wp\/v2\/tags?post=9915"}],"curies":[{"name":"wp","href":"https:\/\/api.w.org\/{rel}","templated":true}]}}